{"id":54457,"date":"2019-10-04T14:06:15","date_gmt":"2019-10-04T17:06:15","guid":{"rendered":"http:\/\/catolicanet.net\/wp-cnet\/?p=54457"},"modified":"2019-10-04T14:06:15","modified_gmt":"2019-10-04T17:06:15","slug":"papa-consagra-sinodo-para-a-amazonia-a-sao-francisco-de-assis","status":"publish","type":"post","link":"https:\/\/catolicanet.net\/wp-cnet\/papa-consagra-sinodo-para-a-amazonia-a-sao-francisco-de-assis\/","title":{"rendered":"Papa consagra S\u00ednodo para a Amaz\u00f4nia a S\u00e3o Francisco de Assis"},"content":{"rendered":"<div class=\"article__subTitle\" style=\"text-align: justify;\">Em cerim\u00f4nia nos Jardins Vaticanos, Papa abriu &#8220;simbolicamente&#8221; o S\u00ednodo reunindo representantes dos povos origin\u00e1rios da Amaz\u00f4nia.<\/div>\n<div style=\"text-align: justify;\"><\/div>\n<div>\n<p style=\"text-align: justify;\"><b>Cidade do Vaticano<\/b><\/p>\n<p style=\"text-align: justify;\">A Amaz\u00f4nia no Vaticano: a festa de S\u00e3o Francisco foi celebrada esta sexta-feira nos Jardins Vaticanos, com o Papa Francisco consagrando o S\u00ednodo para a Amaz\u00f4nia ao santo de Assis.<\/p>\n<p style=\"text-align: justify;\">A cerim\u00f4nia foi marcada por cantos, reflex\u00f5es, ora\u00e7\u00f5es e gestos simb\u00f3licos. Foram convidados cardeais, bispos, sacerdotes, religiosos e religiosas e representantes dos povos origin\u00e1rios da Amaz\u00f4nia.<\/p>\n<\/div>\n<div class=\"article__text\">\n<!--[if lt IE 9]><script>document.createElement('audio');<\/script><![endif]-->\n<audio class=\"wp-audio-shortcode\" id=\"audio-54457-1\" preload=\"none\" style=\"width: 100%;\" controls=\"controls\"><source type=\"audio\/mpeg\" src=\"https:\/\/media.vaticannews.va\/media\/audio\/s1\/2019\/10\/04\/13\/135262615_F135262615.mp3?_=1\" \/><a href=\"https:\/\/media.vaticannews.va\/media\/audio\/s1\/2019\/10\/04\/13\/135262615_F135262615.mp3\">https:\/\/media.vaticannews.va\/media\/audio\/s1\/2019\/10\/04\/13\/135262615_F135262615.mp3<\/a><\/audio>\n<p style=\"text-align: justify;\">O relator-geral do S\u00ednodo, cardeal Cl\u00e1udio Hummes, foi um dos participantes e fez uma reflex\u00e3o sobre \u201cO papel de S\u00e3o Francisco como modelo e santo padroeiro do S\u00ednodo para a Amaz\u00f4nia\u201d.<\/p>\n<p style=\"text-align: justify;\">Dom Cl\u00e1udio, acompanhado de dois representantes ind\u00edgenas, ajudou o Papa Francisco a irrigar uma \u00e1rvore nos Jardins Vaticanos, sob o som de uma vers\u00e3o cantada do C\u00e2ntico das criaturas. O solo em que a \u00e1rvore foi plantada foi enriquecido com a terra de lugares simb\u00f3licos para a preserva\u00e7\u00e3o do meio ambiente.<\/p>\n<p style=\"text-align: justify;\">Depois da f\u00f3rmula de consagra\u00e7\u00e3o, a cerim\u00f4nia foi conclu\u00edda com o Papa Francisco rezando o Pai-Nosso com os presentes.<\/p>\n<p><iframe loading=\"lazy\" width=\"696\" height=\"392\" src=\"https:\/\/www.youtube.com\/embed\/AS5VXozpzeA?feature=oembed\" frameborder=\"0\" allow=\"accelerometer; autoplay; encrypted-media; gyroscope; picture-in-picture\" allowfullscreen><\/iframe><\/p>\n<\/div>\n","protected":false},"excerpt":{"rendered":"<p>Em cerim\u00f4nia nos Jardins Vaticanos, Papa abriu &#8220;simbolicamente&#8221; o S\u00ednodo reunindo representantes dos povos origin\u00e1rios da Amaz\u00f4nia. Cidade do Vaticano A Amaz\u00f4nia no Vaticano: a festa de S\u00e3o Francisco foi celebrada esta sexta-feira nos Jardins Vaticanos, com o Papa Francisco consagrando o S\u00ednodo para a Amaz\u00f4nia ao santo de Assis. A cerim\u00f4nia foi marcada por [&hellip;]<\/p>\n","protected":false},"author":1,"featured_media":54458,"comment_status":"open","ping_status":"closed","sticky":false,"template":"","format":"standard","meta":{"footnotes":""},"categories":[13,3],"tags":[],"class_list":["post-54457","post","type-post","status-publish","format-standard","has-post-thumbnail","hentry","category-featured","category-vaticano"],"_links":{"self":[{"href":"https:\/\/catolicanet.net\/wp-cnet\/wp-json\/wp\/v2\/posts\/54457","targetHints":{"allow":["GET"]}}],"collection":[{"href":"https:\/\/catolicanet.net\/wp-cnet\/wp-json\/wp\/v2\/posts"}],"about":[{"href":"https:\/\/catolicanet.net\/wp-cnet\/wp-json\/wp\/v2\/types\/post"}],"author":[{"embeddable":true,"href":"https:\/\/catolicanet.net\/wp-cnet\/wp-json\/wp\/v2\/users\/1"}],"replies":[{"embeddable":true,"href":"https:\/\/catolicanet.net\/wp-cnet\/wp-json\/wp\/v2\/comments?post=54457"}],"version-history":[{"count":1,"href":"https:\/\/catolicanet.net\/wp-cnet\/wp-json\/wp\/v2\/posts\/54457\/revisions"}],"predecessor-version":[{"id":54459,"href":"https:\/\/catolicanet.net\/wp-cnet\/wp-json\/wp\/v2\/posts\/54457\/revisions\/54459"}],"wp:featuredmedia":[{"embeddable":true,"href":"https:\/\/catolicanet.net\/wp-cnet\/wp-json\/wp\/v2\/media\/54458"}],"wp:attachment":[{"href":"https:\/\/catolicanet.net\/wp-cnet\/wp-json\/wp\/v2\/media?parent=54457"}],"wp:term":[{"taxonomy":"category","embeddable":true,"href":"https:\/\/catolicanet.net\/wp-cnet\/wp-json\/wp\/v2\/categories?post=54457"},{"taxonomy":"post_tag","embeddable":true,"href":"https:\/\/catolicanet.net\/wp-cnet\/wp-json\/wp\/v2\/tags?post=54457"}],"curies":[{"name":"wp","href":"https:\/\/api.w.org\/{rel}","templated":true}]}}