{"id":5445,"date":"2014-12-12T03:00:00","date_gmt":"2014-12-12T05:00:00","guid":{"rendered":"http:\/\/catolicanet.net\/wp-cnet\/advento-tempo-de-esperanca\/"},"modified":"2017-04-07T10:05:34","modified_gmt":"2017-04-07T13:05:34","slug":"advento-tempo-de-esperanca","status":"publish","type":"post","link":"https:\/\/catolicanet.net\/wp-cnet\/advento-tempo-de-esperanca\/","title":{"rendered":"Advento, tempo de esperan\u00e7a"},"content":{"rendered":"<p style=\"text-align: justify;\">A primeira parte do Advento \u00e9 sempre uma exorta\u00e7\u00e3o para estarmos preparados para acolher o Senhor que vir\u00e1. Estamos chegando quase ao final dessa fase, para adentrarmos a semana de prepara\u00e7\u00e3o pr\u00f3xima do Natal do Senhor que \u201cveio\u201d. S\u00e3o Bernardo nos recorda que temos que estar preparados e celebrando sempre o \u201cSenhor que vem\u201d. Por isso, este tempo nos desperta para a esperan\u00e7a da renova\u00e7\u00e3o da vinda do Senhor em nossa vida. Tamb\u00e9m, de certa forma, nos prepara para o Ano da Esperan\u00e7a que viveremos em nossa Arquidiocese a partir da festa de S\u00e3o Sebasti\u00e3o, ao comemorarmos os 450 anos dessa grande cidade.<br \/>Por\u00e9m, devemos estar sempre preparados: \u201cvigiai, portanto, porque o Senhor vem para julgar!\u201d Desde o Primeiro Domingo do Advento, quando iniciamos o novo Ano Lit\u00fargico, celebramos o mist\u00e9rio de Jesus, nosso Deus e Salvador, que incide em nossa hist\u00f3ria. Meditamos a promessa da Salva\u00e7\u00e3o anunciada pelos profetas, a Encarna\u00e7\u00e3o, a Morte e a Ressurrei\u00e7\u00e3o de Jesus publicada nos Evangelhos. Enfim, celebramos a fidelidade e a miseric\u00f3rdia de nosso Deus. <br \/> Estamos vivendo nosso caminho de prepara\u00e7\u00e3o para o Santo Natal, com o Tempo do Advento. O roxo, cor lit\u00fargica destas quatro semanas, fala-nos de vigil\u00e2ncia e de espera, espera que \u00e9 esperan\u00e7a, pois Aquele que prometeu vir \u00e9 fiel, n\u00e3o falhar\u00e1. Na espera e na alegre vigil\u00e2ncia, tamb\u00e9m n\u00e3o cantamos o \u201cGl\u00f3ria\u201d na Missa, e enfeitamos nossas igrejas com muita simplicidade, pois estamos de sobreaviso, estamos esperando: o Senhor se aproxima!<br \/> O Povo de Israel, sofrendo no ex\u00edlio, imaginou que Deus o abandonara definitivamente. Esta mesma ang\u00fastia brota espont\u00e2nea do cora\u00e7\u00e3o do povo sofredor de nosso tempo: \u201cSer\u00e1 que Deus se cansou com nossos pecados e se esqueceu de seu antigo amor misericordioso\u201d? Reavivemos nossa f\u00e9 na fidelidade de nosso Deus; Ele vir\u00e1, com poder, para nos salvar!<br \/> \u00c9 no sofrimento que o Povo de Israel recorda o rosto misericordioso de seu Deus: \u201cSenhor, tu \u00e9s nosso pai, nosso redentor\u201d! E deseja que os c\u00e9us se rasguem e deixem baixar o Salvador, pois somente Ele pode resgat\u00e1-lo do barro e lodo em que caiu! <br \/> Jesus vai voltar, mas sem hora marcada; portanto, sejamos vigilantes e ardorosos no cumprimento de nosso dever crist\u00e3o. N\u00e3o \u00e9 bom dormir e viver na pregui\u00e7a e na indol\u00eancia.<br \/> Sofrendo as consequ\u00eancias dos pr\u00f3prios pecados, o Povo de Israel recordou o amor misericordioso de seu Deus, a quem chama de pai e de libertador: \u201cSenhor, tu \u00e9s nosso pai, nosso redentor\u201d! A atitude e a ora\u00e7\u00e3o do Povo de Israel \u00e9 luz para n\u00f3s que sofremos as consequ\u00eancias desastrosas de nossos pr\u00f3prios pecados! Deus foi e continua sendo misericordioso (&#8230;) basta invoc\u00e1-Lo com toda a confian\u00e7a. <br \/> Advento \u00e9 tempo de medita\u00e7\u00e3o e de recorda\u00e7\u00e3o \u2013 trazer presente no cora\u00e7\u00e3o o amor misericordioso de nosso Deus! Advento \u00e9 tempo de bons desejos: Que Deus venha l\u00e1 do c\u00e9u e revele sua miseric\u00f3rdia e poder, e fa\u00e7a de nosso barro (viramos lodo pelo pecado) um vaso art\u00edstico e precioso: \u201cTu \u00e9 nosso oleiro, e n\u00f3s todos somos obra de tuas m\u00e3os\u201d! Deixemo-nos trabalhar pela m\u00e3o de Deus! Ele \u00e9 nosso pai e nosso libertador! <br \/> S\u00e3o Paulo diz aos romanos e a n\u00f3s: \u201cJ\u00e1 \u00e9 hora de despertardes do sono\u201d! (Rm 13,11). O mundo nos distrai com suas tecnologias e drogas, mas a Palavra de Deus nos alerta: \u201cCuidado! Ficai atentos, porque n\u00e3o sabeis quando chegar\u00e1 o momento&#8230;\u201d Vigiar, aqui, significa trabalhar na constru\u00e7\u00e3o do Reino de Deus. N\u00e3o podemos dormir ou viver na indol\u00eancia e na pregui\u00e7a por que Ele vir\u00e1 de repente! N\u00e3o percamos tempo com indaga\u00e7\u00f5es a respeito de datas do Fim do Mundo! Jesus vir\u00e1, com certeza! Estejamos alerta, e que Ele nos encontre trabalhando na administra\u00e7\u00e3o de sua Igreja. Iluminai a vossa face sobre n\u00f3s e convertei-nos! Que as etapas do tempo do Advento, ao encerrarmos neste final de semana a Campanha para a Evangeliza\u00e7\u00e3o, nos encontrem abertos aos sinais dos tempos e nos recordem a oportunidade que temos para a nossa convers\u00e3o.<\/p>\n","protected":false},"excerpt":{"rendered":"<p>A primeira parte do Advento \u00e9 sempre uma exorta\u00e7\u00e3o para estarmos preparados para acolher o Senhor que vir\u00e1. Estamos chegando quase ao final dessa fase, para adentrarmos a semana de prepara\u00e7\u00e3o pr\u00f3xima do Natal do Senhor que \u201cveio\u201d. S\u00e3o Bernardo nos recorda que temos que estar preparados e celebrando sempre o \u201cSenhor que vem\u201d. Por [&hellip;]<\/p>\n","protected":false},"author":5,"featured_media":0,"comment_status":"closed","ping_status":"closed","sticky":false,"template":"","format":"standard","meta":{"footnotes":""},"categories":[9],"tags":[],"class_list":["post-5445","post","type-post","status-publish","format-standard","hentry","category-artigos"],"_links":{"self":[{"href":"https:\/\/catolicanet.net\/wp-cnet\/wp-json\/wp\/v2\/posts\/5445","targetHints":{"allow":["GET"]}}],"collection":[{"href":"https:\/\/catolicanet.net\/wp-cnet\/wp-json\/wp\/v2\/posts"}],"about":[{"href":"https:\/\/catolicanet.net\/wp-cnet\/wp-json\/wp\/v2\/types\/post"}],"author":[{"embeddable":true,"href":"https:\/\/catolicanet.net\/wp-cnet\/wp-json\/wp\/v2\/users\/5"}],"replies":[{"embeddable":true,"href":"https:\/\/catolicanet.net\/wp-cnet\/wp-json\/wp\/v2\/comments?post=5445"}],"version-history":[{"count":1,"href":"https:\/\/catolicanet.net\/wp-cnet\/wp-json\/wp\/v2\/posts\/5445\/revisions"}],"predecessor-version":[{"id":10296,"href":"https:\/\/catolicanet.net\/wp-cnet\/wp-json\/wp\/v2\/posts\/5445\/revisions\/10296"}],"wp:attachment":[{"href":"https:\/\/catolicanet.net\/wp-cnet\/wp-json\/wp\/v2\/media?parent=5445"}],"wp:term":[{"taxonomy":"category","embeddable":true,"href":"https:\/\/catolicanet.net\/wp-cnet\/wp-json\/wp\/v2\/categories?post=5445"},{"taxonomy":"post_tag","embeddable":true,"href":"https:\/\/catolicanet.net\/wp-cnet\/wp-json\/wp\/v2\/tags?post=5445"}],"curies":[{"name":"wp","href":"https:\/\/api.w.org\/{rel}","templated":true}]}}