{"id":54414,"date":"2019-10-03T10:40:27","date_gmt":"2019-10-03T13:40:27","guid":{"rendered":"http:\/\/catolicanet.net\/wp-cnet\/?p=54414"},"modified":"2019-10-03T10:40:27","modified_gmt":"2019-10-03T13:40:27","slug":"papa-na-santa-marta-ha-uma-festa-quando-a-palavra-chega-ao-coracao","status":"publish","type":"post","link":"https:\/\/catolicanet.net\/wp-cnet\/papa-na-santa-marta-ha-uma-festa-quando-a-palavra-chega-ao-coracao\/","title":{"rendered":"Papa na Santa Marta: h\u00e1 uma festa quando a Palavra chega ao cora\u00e7\u00e3o"},"content":{"rendered":"<div class=\"article__subTitle\" style=\"text-align: justify;\">O encontro com a Palavra de Deus nos enche de alegria e essa \u00e9 a nossa for\u00e7a. Foi o que recordou o Papa Francisco na Missa celebrada na Casa Santa Marta, enfatizando que n\u00e3o se pode entender a festa do domingo sem a Palavra de Deus.<\/div>\n<div class=\"title__separator\" style=\"text-align: justify;\"><\/div>\n<div class=\"article__text\">\n<p style=\"text-align: justify;\"><b>Debora Donnini &#8211; Cidade do Vaticano<\/b><\/p>\n<p style=\"text-align: justify;\">Abrir o cora\u00e7\u00e3o para o encontro com a Palavra de Deus que nos alegra. Esta \u00e9 a exorta\u00e7\u00e3o que o Papa Francisco fez esta manh\u00e3 na homilia da Missa celebrada na Casa Santa Marta. O Papa convida, portanto, a ouvi-la com aten\u00e7\u00e3o, sem deixar que a Palavra entre por um ouvido e saia pelo outro.<\/p>\n<p style=\"text-align: justify;\">Sua reflex\u00e3o se desenrola a partir da Primeira Leitura da Liturgia de hoje, extra\u00edda do Livro de Neemias (Ne 8,1-4a.5-6.7b-12). \u00c9 a &#8220;hist\u00f3ria do encontro do povo de Deus com a Palavra de Deus. \u00c9 tudo uma hist\u00f3ria de reconstru\u00e7\u00e3o&#8221;.<\/p>\n<p style=\"text-align: justify;\">Ou\u00e7a e compartilhe!<\/p>\n<!--[if lt IE 9]><script>document.createElement('audio');<\/script><![endif]-->\n<audio class=\"wp-audio-shortcode\" id=\"audio-54414-1\" preload=\"none\" style=\"width: 100%;\" controls=\"controls\"><source type=\"audio\/mpeg\" src=\"https:\/\/media.vaticannews.va\/media\/audio\/s1\/2019\/10\/03\/12\/135259516_F135259516.mp3?_=1\" \/><a href=\"https:\/\/media.vaticannews.va\/media\/audio\/s1\/2019\/10\/03\/12\/135259516_F135259516.mp3\">https:\/\/media.vaticannews.va\/media\/audio\/s1\/2019\/10\/03\/12\/135259516_F135259516.mp3<\/a><\/audio>\n<p style=\"text-align: justify;\">A refer\u00eancia \u00e9 ao contexto em que acontece a hist\u00f3ria narrada: a reconstru\u00e7\u00e3o do Templo e o retorno do ex\u00edlio. Neemias, o governador, fala com o sacerdote e o escriba Esdras para &#8220;entronizar&#8221; a Palavra de Deus: todo o povo se re\u00fane na pra\u00e7a em frente \u00e0 porta das \u00c1guas. O sacerdote Esdras leu: &#8220;ele abriu o livro \u00e0 vista de todo o povo. E, quando o abriu, todo o povo ficou de p\u00e9.&#8221;<\/p>\n<p style=\"text-align: justify;\">Os levitas explicavam a lei. &#8220;Uma coisa bonita&#8221;, observa o Papa Francisco, destacando como &#8220;estamos acostumados a ter este livro que \u00e9 a Palavra de Deus mas, eu diria, estamos mal acostumados&#8221; enquanto ao povo &#8220;faltava a Palavra, tinha fome da Palavra de Deus, por esse motivo, quando v\u00ea o livro da Palavra, fica em p\u00e9\u201d.<\/p>\n<p style=\"text-align: justify;\">&#8220;Mas pensem que isso n\u00e3o acontecia h\u00e1 d\u00e9cadas, \u00e9 o encontro do povo com o seu Deus, o encontro do povo com a Palavra de Deus&#8221;:<\/p>\n<p style=\"text-align: justify;\"><i>Neemias, que era o governador, Esdras, sacerdote e escriba, e os levitas que admoestavam o povo, disseram a todo o povo:&#8221; Este dia \u00e9 consagrado ao Senhor.\u201d Para n\u00f3s \u00e9 o\u00a0 domingo. Domingo \u00e9 o dia do encontro do \u00a0povo com o Senhor, o dia do encontro da minha fam\u00edlia com o Senhor. O dia do meu encontro com o Senhor, \u00e9 um dia de encontro. &#8220;Este dia \u00e9 consagrado ao Senhor&#8221;.<\/i><\/p>\n<p style=\"text-align: justify;\">Por isso, Neemias, Esdras e os levitas exortavam as pessoas a n\u00e3o ficarem tristes e a n\u00e3o chorar. De fato, a Primeira Leitura de hoje narra como todo o povo chorava ao ouvir as palavras da lei. &#8220;Chorava de emo\u00e7\u00e3o\u201d, \u201cchorava de alegria\u201d, sublinha Francisco:<\/p>\n<p style=\"text-align: justify;\"><i>Quando ouvimos a Palavra de Deus, o que acontece no meu cora\u00e7\u00e3o? Estou atento \u00e0 Palavra de Deus? Eu deixo que toque o meu cora\u00e7\u00e3o ou estou ali, \u00a0olhando para o teto, pensando em outras coisas e a Palavra entra por um ouvido e sai pelo outro, n\u00e3o chega ao cora\u00e7\u00e3o? O que fa\u00e7o para me preparar para que a Palavra chegue ao cora\u00e7\u00e3o? E quando a Palavra chega ao cora\u00e7\u00e3o, h\u00e1 o choro de alegria e h\u00e1 uma festa. N\u00e3o se pode entender a festa de domingo sem a Palavra de Deus, n\u00e3o se entende. &#8220;Ent\u00e3o Neemias lhes disse<\/i> &#8216;Ide para vossas casas e comei carnes gordas, tomai bebidas doces e reparti com aqueles que nada prepararam, pois este dia \u00e9 santo para o nosso Senhor. N\u00e3o fiqueis tristes, porque a alegria do Senhor ser\u00e1 a vossa for\u00e7a&#8217;.<\/p>\n<p style=\"text-align: justify;\">Ent\u00e3o o Papa volta a recordar que a tristeza, por outro lado, n\u00e3o \u00e9 a nossa for\u00e7a:<\/p>\n<p style=\"text-align: justify;\"><i>A Palavra de Deus nos alegra, o encontro com a Palavra de Deus nos enche de alegria e essa alegria \u00e9 a minha for\u00e7a, \u00e9 a nossa for\u00e7a. Os crist\u00e3os s\u00e3o alegres porque\u00a0 aceitaram, receberam no cora\u00e7\u00e3o a Palavra de Deus e continuamente encontram a Palavra, \u00a0a buscam. Esta \u00e9 a mensagem de hoje para todos n\u00f3s. Um breve exame de consci\u00eancia: como eu escuto a Palavra de Deus? ou simplesmente n\u00e3o a escuto? Como me encontro com o Senhor em sua Palavra que \u00e9 a B\u00edblia? E depois: estou convencido de que a alegria do Senhor \u00e9 a minha for\u00e7a? A tristeza n\u00e3o \u00e9 a nossa for\u00e7a.<\/i><\/p>\n<p style=\"text-align: justify;\">&#8220;Os cora\u00e7\u00f5es entristecidos&#8221;, de fato, o diabo os coloca para baixo, enquanto a alegria do Senhor &#8220;nos faz levantar, olhar, cantar e chorar de alegria&#8221;.<\/p>\n<p style=\"text-align: justify;\">Um dos salmos diz que, no momento da liberta\u00e7\u00e3o da Babil\u00f4nia, o povo judeu pensava estar sonhando, n\u00e3o podiam acreditar. A mesma experi\u00eancia acontece &#8220;quando n\u00f3s encontramos o Senhor em sua Palavra&#8221;, quando pensamos: &#8220;Mas isso \u00e9 um sonho &#8230;&#8221; e &#8220;n\u00e3o podemos acreditar em tamanha beleza&#8221;.<\/p>\n<p style=\"text-align: justify;\">&#8220;Que o Senhor nos d\u00ea a todos a gra\u00e7a de abrir o cora\u00e7\u00e3o para esse encontro com a Sua Palavra e n\u00e3o ter medo da alegria, n\u00e3o ter medo de fazer a festa da alegria\u201d,\u00a0 aquela alegria \u2013 volta a sublinhar o Papa Francisco &#8211; que brota precisamente deste encontro com a Palavra de Deus.<\/p>\n<p>&nbsp;<\/p>\n<\/div>\n","protected":false},"excerpt":{"rendered":"<p>O encontro com a Palavra de Deus nos enche de alegria e essa \u00e9 a nossa for\u00e7a. Foi o que recordou o Papa Francisco na Missa celebrada na Casa Santa Marta, enfatizando que n\u00e3o se pode entender a festa do domingo sem a Palavra de Deus. Debora Donnini &#8211; Cidade do Vaticano Abrir o cora\u00e7\u00e3o [&hellip;]<\/p>\n","protected":false},"author":1,"featured_media":54415,"comment_status":"open","ping_status":"closed","sticky":false,"template":"","format":"standard","meta":{"footnotes":""},"categories":[13,3],"tags":[],"class_list":["post-54414","post","type-post","status-publish","format-standard","has-post-thumbnail","hentry","category-featured","category-vaticano"],"_links":{"self":[{"href":"https:\/\/catolicanet.net\/wp-cnet\/wp-json\/wp\/v2\/posts\/54414","targetHints":{"allow":["GET"]}}],"collection":[{"href":"https:\/\/catolicanet.net\/wp-cnet\/wp-json\/wp\/v2\/posts"}],"about":[{"href":"https:\/\/catolicanet.net\/wp-cnet\/wp-json\/wp\/v2\/types\/post"}],"author":[{"embeddable":true,"href":"https:\/\/catolicanet.net\/wp-cnet\/wp-json\/wp\/v2\/users\/1"}],"replies":[{"embeddable":true,"href":"https:\/\/catolicanet.net\/wp-cnet\/wp-json\/wp\/v2\/comments?post=54414"}],"version-history":[{"count":1,"href":"https:\/\/catolicanet.net\/wp-cnet\/wp-json\/wp\/v2\/posts\/54414\/revisions"}],"predecessor-version":[{"id":54416,"href":"https:\/\/catolicanet.net\/wp-cnet\/wp-json\/wp\/v2\/posts\/54414\/revisions\/54416"}],"wp:featuredmedia":[{"embeddable":true,"href":"https:\/\/catolicanet.net\/wp-cnet\/wp-json\/wp\/v2\/media\/54415"}],"wp:attachment":[{"href":"https:\/\/catolicanet.net\/wp-cnet\/wp-json\/wp\/v2\/media?parent=54414"}],"wp:term":[{"taxonomy":"category","embeddable":true,"href":"https:\/\/catolicanet.net\/wp-cnet\/wp-json\/wp\/v2\/categories?post=54414"},{"taxonomy":"post_tag","embeddable":true,"href":"https:\/\/catolicanet.net\/wp-cnet\/wp-json\/wp\/v2\/tags?post=54414"}],"curies":[{"name":"wp","href":"https:\/\/api.w.org\/{rel}","templated":true}]}}