{"id":54404,"date":"2019-10-02T13:40:08","date_gmt":"2019-10-02T16:40:08","guid":{"rendered":"http:\/\/catolicanet.net\/wp-cnet\/?p=54404"},"modified":"2019-10-02T13:40:08","modified_gmt":"2019-10-02T16:40:08","slug":"papa-sobre-xenofobia-nao-podemos-viver-sufocados-por-cultura-de-sala-operatoria-esterilizada-e-sem-miscigenacao","status":"publish","type":"post","link":"https:\/\/catolicanet.net\/wp-cnet\/papa-sobre-xenofobia-nao-podemos-viver-sufocados-por-cultura-de-sala-operatoria-esterilizada-e-sem-miscigenacao\/","title":{"rendered":"Papa sobre xenofobia: n\u00e3o podemos viver sufocados por \u2018cultura de sala operat\u00f3ria\u2019, esterilizada e sem miscigena\u00e7\u00e3o"},"content":{"rendered":"<h4 style=\"text-align: justify;\">Francisco, em mais um trecho do di\u00e1logo que teve com os jesu\u00edtas durante a viagem apost\u00f3lica \u00e0 \u00c1frica, em setembro, condenou a xenofobia: \u201cparece que se considera um pa\u00eds como se fosse uma sala operat\u00f3ria, onde tudo est\u00e1 esterilizado: a minha ra\u00e7a, a minha fam\u00edlia, a minha cultura&#8230; como se tivesse medo de suj\u00e1-la, manch\u00e1-la, infect\u00e1-la. Querem impedir aquele processo t\u00e3o importante que d\u00e1 vida aos povos e que \u00e9 a miscigena\u00e7\u00e3o\u201d, como se vive na Am\u00e9rica Latina.<\/h4>\n<!--[if lt IE 9]><script>document.createElement('audio');<\/script><![endif]-->\n<audio class=\"wp-audio-shortcode\" id=\"audio-54404-1\" preload=\"none\" style=\"width: 100%;\" controls=\"controls\"><source type=\"audio\/mpeg\" src=\"https:\/\/media.vaticannews.va\/media\/audio\/s1\/2019\/10\/02\/15\/135256959_F135256959.mp3?_=1\" \/><a href=\"https:\/\/media.vaticannews.va\/media\/audio\/s1\/2019\/10\/02\/15\/135256959_F135256959.mp3\">https:\/\/media.vaticannews.va\/media\/audio\/s1\/2019\/10\/02\/15\/135256959_F135256959.mp3<\/a><\/audio>\n<p style=\"text-align: justify;\">Em mais um trecho extra\u00eddo da conversa que o Papa Francisco teve com os jesu\u00edtas na \u00c1frica, por ocasi\u00e3o da sua viagem apost\u00f3lica no in\u00edcio de setembro, a reflex\u00e3o do Pont\u00edfice sobre o clericalismo, a xenofobia e a aporofobia. A \u00edntegra do di\u00e1logo foi publicada em reportagem especial de Pe. Antonio Spadaro e publicada na \u00faltima quinta-feira (26) na revista italiana La Civilt\u00e0 Cattolica.<\/p>\n<h2 style=\"text-align: justify;\">O clericalismo hip\u00f3crita<\/h2>\n<p style=\"text-align: justify;\">Pe. Joaquim Biriate, secret\u00e1rio do Provincial, fez a seguinte pergunta ao Papa: como evitar de cair no clericalismo durante a forma\u00e7\u00e3o ao minist\u00e9rio sacerdotal? Para a resposta, Francisco usou a analogia do rebanho e afirmou:<\/p>\n<div>\n<div class=\"article__embed article__embed--border embed_style\">\n<blockquote><p>\u201c O clericalismo \u00e9 uma verdadeira pervers\u00e3o na Igreja. O pastor tem a capacidade de ir \u00e0 frente do rebanho para indicar o caminho, estar no meio do rebanho para ver o que acontece por dentro e tamb\u00e9m estar atr\u00e1s do rebanho para garantir que ningu\u00e9m seja deixado para tr\u00e1s. O clericalismo, ao contr\u00e1rio, pretende que o pastor esteja sempre na frente, estabelece uma rota e pune com a excomunh\u00e3o quem se distancia do rebanho. Enfim: \u00e9 bem o oposto daquilo que fez Jesus. O clericalismo condena, separa, reprime, despreza o povo de Deus. \u201d<\/p><\/blockquote>\n<\/div>\n<\/div>\n<p style=\"text-align: justify;\">O Papa Francisco tamb\u00e9m trouxe a experi\u00eancia da Am\u00e9rica Latina e da piedade popular muito forte vivida naquela regi\u00e3o \u2013 que \u201ctem coisas para corrigir, sim\u201d, disse o Pont\u00edfice, \u201cmas expressa a soberania do povo santo de Deus, sem clericalismo. O clericalismo confunde o \u2018servi\u00e7o\u2019 presbiteral com o \u2018poder\u2019 presbiteral. O clericalismo \u00e9 ascens\u00e3o e dom\u00ednio\u201d. Enfim, disso o Papa, um minist\u00e9rio interpretado \u201cn\u00e3o como servi\u00e7o, mas como \u2018promo\u00e7\u00e3o\u2019 ao altar, fruto de uma mentalidade clerical\u201d.<\/p>\n<p style=\"text-align: justify;\">Ao afirmar ainda que \u201co clericalismo \u00e9 essencialmente hip\u00f3crita\u201d, inclusive na vida religiosa, Francisco lembrou o que um jesu\u00edta, \u201cum grande jesu\u00edta\u201d, comentou ao alertar sobre o momento de dar a absolvi\u00e7\u00e3o: \u201cos pecados mais graves s\u00e3o aqueles que t\u00eam uma maior \u2018angelicidade\u2019: orgulho, arrog\u00e2ncia, dom\u00ednio&#8230; E os menos graves s\u00e3o aqueles que t\u00eam menor angelicidade, como a gula e a lux\u00faria. Acaba se concentrando sobre sexo, e depois n\u00e3o se d\u00e1 peso \u00e0 injusti\u00e7a social, \u00e0 cal\u00fania, \u00e0s fofocas, \u00e0s mentiras. A Igreja hoje precisa de uma profunda convers\u00e3o nesse ponto\u201d, disse Francisco.<\/p>\n<h2 style=\"text-align: justify;\">O medo e a avers\u00e3o aos pobres e estrangeiros<\/h2>\n<p style=\"text-align: justify;\">Uma \u00faltima pergunta foi feita sobre a xenofobia em aumento. O Papa ent\u00e3o somou ao problema da xenofobia \u00e0quele da aporofobia: o primeiro \u00e9 o medo e a avers\u00e3o aos estrangeiros e, o segundo, aos pobres. Os dois hoje fazem parte \u201cde uma mentalidade populista que\u00a0 n\u00e3o deixa soberania aos povos\u201d, afirmou o Papa, que acrescentou:<\/p>\n<div>\n<div class=\"article__embed article__embed--border embed_style\">\n<blockquote><p>\u201c A xenofobia destr\u00f3i a unidade de um povo, inclusive aquele do povo de Deus. E o povo somos todos n\u00f3s: aqueles que nasceram no mesmo pa\u00eds, n\u00e3o importa que tenhamos ra\u00edzes num outro lugar ou sejamos de etnias diferentes. Hoje somos tentados por uma forma de sociologia esterilizada. Parece que se considera um pa\u00eds como se fosse uma sala operat\u00f3ria, onde tudo est\u00e1 esterilizado: a minha ra\u00e7a, a minha fam\u00edlia, a minha cultura&#8230; como se tivesse medo de suj\u00e1-la, manch\u00e1-la, infect\u00e1-la. Querem impedir aquele processo t\u00e3o importante que d\u00e1 vida aos povos e que \u00e9 a miscigena\u00e7\u00e3o. Misturar te faz crescer, te d\u00e1 nova vida! Desenvolve cruzamentos, muta\u00e7\u00f5es e confere originalidade. A miscigena\u00e7\u00e3o \u00e9 aquilo que experimentamos, por exemplo, na Am\u00e9rica Latina. L\u00e1 tem tudo: o espanhol e o \u00edndio, o mission\u00e1rio e o conquistador, a estirpe espanhola e o mesti\u00e7o. Construir muros significa se condenar \u00e0 morte. N\u00e3o podemos viver sufocados por uma cultura de sala operat\u00f3ria, ass\u00e9ptica e sem micr\u00f3bios. \u201d<\/p><\/blockquote>\n<\/div>\n<\/div>\n","protected":false},"excerpt":{"rendered":"<p>Francisco, em mais um trecho do di\u00e1logo que teve com os jesu\u00edtas durante a viagem apost\u00f3lica \u00e0 \u00c1frica, em setembro, condenou a xenofobia: \u201cparece que se considera um pa\u00eds como se fosse uma sala operat\u00f3ria, onde tudo est\u00e1 esterilizado: a minha ra\u00e7a, a minha fam\u00edlia, a minha cultura&#8230; como se tivesse medo de suj\u00e1-la, manch\u00e1-la, [&hellip;]<\/p>\n","protected":false},"author":1,"featured_media":54405,"comment_status":"open","ping_status":"closed","sticky":false,"template":"","format":"standard","meta":{"footnotes":""},"categories":[13,3],"tags":[],"class_list":["post-54404","post","type-post","status-publish","format-standard","has-post-thumbnail","hentry","category-featured","category-vaticano"],"_links":{"self":[{"href":"https:\/\/catolicanet.net\/wp-cnet\/wp-json\/wp\/v2\/posts\/54404","targetHints":{"allow":["GET"]}}],"collection":[{"href":"https:\/\/catolicanet.net\/wp-cnet\/wp-json\/wp\/v2\/posts"}],"about":[{"href":"https:\/\/catolicanet.net\/wp-cnet\/wp-json\/wp\/v2\/types\/post"}],"author":[{"embeddable":true,"href":"https:\/\/catolicanet.net\/wp-cnet\/wp-json\/wp\/v2\/users\/1"}],"replies":[{"embeddable":true,"href":"https:\/\/catolicanet.net\/wp-cnet\/wp-json\/wp\/v2\/comments?post=54404"}],"version-history":[{"count":1,"href":"https:\/\/catolicanet.net\/wp-cnet\/wp-json\/wp\/v2\/posts\/54404\/revisions"}],"predecessor-version":[{"id":54406,"href":"https:\/\/catolicanet.net\/wp-cnet\/wp-json\/wp\/v2\/posts\/54404\/revisions\/54406"}],"wp:featuredmedia":[{"embeddable":true,"href":"https:\/\/catolicanet.net\/wp-cnet\/wp-json\/wp\/v2\/media\/54405"}],"wp:attachment":[{"href":"https:\/\/catolicanet.net\/wp-cnet\/wp-json\/wp\/v2\/media?parent=54404"}],"wp:term":[{"taxonomy":"category","embeddable":true,"href":"https:\/\/catolicanet.net\/wp-cnet\/wp-json\/wp\/v2\/categories?post=54404"},{"taxonomy":"post_tag","embeddable":true,"href":"https:\/\/catolicanet.net\/wp-cnet\/wp-json\/wp\/v2\/tags?post=54404"}],"curies":[{"name":"wp","href":"https:\/\/api.w.org\/{rel}","templated":true}]}}