{"id":54401,"date":"2019-10-02T11:04:21","date_gmt":"2019-10-02T14:04:21","guid":{"rendered":"http:\/\/catolicanet.net\/wp-cnet\/?p=54401"},"modified":"2019-10-02T11:04:21","modified_gmt":"2019-10-02T14:04:21","slug":"sabia-que-todo-pais-tem-o-seu-anjo-da-guarda","status":"publish","type":"post","link":"https:\/\/catolicanet.net\/wp-cnet\/sabia-que-todo-pais-tem-o-seu-anjo-da-guarda\/","title":{"rendered":"Sabia que todo pa\u00eds tem o seu Anjo da Guarda?"},"content":{"rendered":"<h3 class=\"subtitle\" style=\"text-align: justify;\">Deus designou um guardi\u00e3o para cada pa\u00eds para ajudar as na\u00e7\u00f5es em suas necessidades<\/h3>\n<div class=\"base-post-content\">Embora muitos estejam familiarizados com a cren\u00e7a de que cada indiv\u00edduo recebe um Anjo da Guarda de Deus, tamb\u00e9m se acredita que cada pa\u00eds tenha seu anjo de prote\u00e7\u00e3o.<\/p>\n<p style=\"text-align: justify;\">Essa cren\u00e7a \u00e9 derivada de uma tradi\u00e7\u00e3o judaica que diz que S\u00e3o Miguel era o protetor da na\u00e7\u00e3o de Israel(cf. Daniel 10). Al\u00e9m disso, no livro de \u00caxodo, Deus proclama: \u201cVou enviar um anjo adiante de ti para te proteger no caminho e para te conduzir ao lugar que te preparei\u201d(\u00caxodo 23,20).<\/p>\n<p style=\"text-align: justify;\">O anjo mencionado \u00e9 para toda a na\u00e7\u00e3o de Israel. O ser espiritual conduziria o povo em seguran\u00e7a por todo o deserto.<\/p>\n<p style=\"text-align: justify;\">Os cat\u00f3licos mantiveram essa cren\u00e7a e, em v\u00e1rias regi\u00f5es, come\u00e7aram a celebrar um banquete em homenagem ao anjo da guarda. Por exemplo, Portugal celebra uma festa em 10 de junho em homenagem seu Anjo da Guarda e foi o primeiro pa\u00eds a seguir a devo\u00e7\u00e3o.<\/p>\n<p style=\"text-align: justify;\">O Catecismo da Igreja Cat\u00f3lica faz at\u00e9 uma refer\u00eancia passageira a essa cren\u00e7a (Catecismo da Igreja Cat\u00f3lica, 75).<\/p>\n<p style=\"text-align: justify;\">S\u00e3o Tom\u00e1s de Aquino, o Doutor Ang\u00e9lico, que escreveu um magn\u00edfico tratado sobre os Anjos, tamb\u00e9m ensina-nos que n\u00e3o somente os homens, mas tamb\u00e9m as na\u00e7\u00f5es, as cidades e as institui\u00e7\u00f5es da Igreja, todos t\u00eam um Anjo da Guarda, escolhido por Deus, para guard\u00e1-las e reger os seus destinos segundo a finalidade para a qual Ele as constituiu.<\/p>\n<h3 style=\"text-align: justify;\"><strong>O Anjo da Guarda Do Brasil<\/strong><\/h3>\n<p style=\"text-align: justify;\">O Anjo da Guarda do Brasil era celebrado no dia 7 de setembro, muito honrado no per\u00edodo do Imp\u00e9rio. Embora esse anjo n\u00e3o tenha sido identificado como o Arcanjo Rafael, alguns bispos consagraram o Brasil a esse arcanjo, como protetor da na\u00e7\u00e3o brasileira. Tanto assim que, durante a Revolu\u00e7\u00e3o de 1930, os brasileiros invocaram a prote\u00e7\u00e3o de S\u00e3o Rafael. Foram 21 dias de confronto sangrento: o movimento armado liderado pelos estados de Minas Gerais, Para\u00edba e Rio Grande do Sul, culminou com o golpe de estado, que dep\u00f4s o presidente Washington Lu\u00eds e impediu a posse de Julio Prestes. A conclus\u00e3o do conflito se deu no dia 24 de outubro, data em que se festejava S\u00e3o Rafael Arcanjo.<\/p>\n<p style=\"text-align: justify;\">Outra informa\u00e7\u00e3o relevante que vale uma verifica\u00e7\u00e3o \u00e9 que na bas\u00edlica velha de Aparecida, aos p\u00e9s de Nossa Senhora, est\u00e1 o Arcanjo Rafael.<\/p>\n<p style=\"text-align: justify;\">Existe uma imagem do Anjo da Guarda do Brasil cuja origem n\u00e3o conseguimos ainda identificar, mas consta em um folheto com sua descri\u00e7\u00e3o, que reproduzimos aqui:<\/p>\n<p style=\"text-align: justify;\"><img decoding=\"async\" class=\"aligncenter\" src=\"https:\/\/i0.wp.com\/totusmariae.org\/wp-content\/uploads\/2016\/03\/AnjodoBrasil.jpg?quality=100&amp;strip=all\" alt=\"Anjo da Guarda do Brasil\" data-lazy-loaded=\"true\" \/><\/p>\n<p style=\"text-align: justify;\">Numa m\u00e3o o Anjo segura a Santa Cruz como que a implantando. Isso recorda o fato hist\u00f3rico e marcante da primeira grande Cruz levantada em terras brasileiras por ocasi\u00e3o da primeira santa Missa celebrada na praia da Coroa Vermelha no litoral sul da Bahia em 26 de abril de 1500. Portanto, s\u00edmbolo querido e j\u00e1 presente desde o in\u00edcio da coloniza\u00e7\u00e3o. O Brasil no in\u00edcio foi chamado de \u201cTerra de Santa Cruz\u201d, por isso aos p\u00e9s do Anjo a frase: Terra Sanctae Crucis.<\/p>\n<p style=\"text-align: justify;\">Na outra m\u00e3o o Anjo sustenta a pequenina imagem de Nossa Senhora da Concei\u00e7\u00e3o Aparecida, que de forma especial resume e caracteriza a \u201cespiritualidade\u201d da na\u00e7\u00e3o brasileira. Podemos pensar que, se os Anjos das na\u00e7\u00f5es, direta ou indiretamente, interv\u00eam na forma\u00e7\u00e3o da na\u00e7\u00e3o a ele confiada, podemos acreditar que este Anjo de alguma forma guiou as redes dos pescadores que achariam a preciosa imagem. Por isso a capa do Anjo tem forma de rede, que tamb\u00e9m nos Evangelhos aparece e \u00e9 de profundo significado. Quem podia imaginar que de um fato t\u00e3o pequeno surgiria a Padroeira e Rainha do Brasil, t\u00e3o amada pelos brasileiros! A t\u00fanica do Anjo representa o \u201cpau Brasil\u201d de quem o Brasil toma o nome.<\/p>\n<p style=\"text-align: justify;\">No seu conjunto, seja pela Cruz em forma de bast\u00e3o, os peixes e o amor ardente que brota do \u201ccora\u00e7\u00e3o\u201d do Anjo como uma brasa ardente, tendo em conta a ora\u00e7\u00e3o da S\u00faplica Ardente aos Santos Anjos, de alguma forma emerge da imagem a figura do Arcanjo S\u00e3o Rafael. N\u00e3o que seja ele mesmo, mas certamente pode existir certa liga\u00e7\u00e3o entre os dois Anjos, uma vez que o Brasil foi por alguns bispos no passado consagrado a esse Arcanjo, como protetor da na\u00e7\u00e3o brasileira e guia dos Tobias, Ragueis e Saras brasileiros.<\/p>\n<p style=\"text-align: justify;\">Por fim, vemos embaixo do manto protetor do Anjo o mapa do Brasil, mostrando assim a sua prote\u00e7\u00e3o e carinho pela p\u00e1tria.<\/p>\n<p style=\"text-align: justify;\">Numa m\u00e3o o Anjo segura a Santa Cruz como que a implantando. Isso recorda o fato hist\u00f3rico e marcante da primeira grande Cruz levantada em terras brasileiras por ocasi\u00e3o da primeira santa Missa celebrada na praia da Coroa Vermelha no litoral sul da Bahia em 26 de abril de 1500. Portanto, s\u00edmbolo querido e j\u00e1 presente desde o in\u00edcio da coloniza\u00e7\u00e3o. O Brasil no in\u00edcio foi chamado de \u201cTerra de Santa Cruz\u201d, por isso aos p\u00e9s do Anjo a frase: Terra Sanctae Crucis.<\/p>\n<p style=\"text-align: justify;\">Na outra m\u00e3o o Anjo sustenta a pequenina imagem de Nossa Senhora da Concei\u00e7\u00e3o Aparecida, que de forma especial resume e caracteriza a \u201cespiritualidade\u201d da na\u00e7\u00e3o brasileira. Podemos pensar que, se os Anjos das na\u00e7\u00f5es, direta ou indiretamente, interv\u00eam na forma\u00e7\u00e3o da na\u00e7\u00e3o a ele confiada, podemos acreditar que este Anjo de alguma forma guiou as redes dos pescadores que achariam a preciosa imagem. Por isso a capa do Anjo tem forma de rede, que tamb\u00e9m nos Evangelhos aparece e \u00e9 de profundo significado. Quem podia imaginar que de um fato t\u00e3o pequeno surgiria a Padroeira e Rainha do Brasil, t\u00e3o amada pelos brasileiros! A t\u00fanica do Anjo representa o \u201cpau Brasil\u201d de quem o Brasil toma o nome.<\/p>\n<p style=\"text-align: justify;\">No seu conjunto, seja pela Cruz em forma de bast\u00e3o, os peixes e o amor ardente que brota do \u201ccora\u00e7\u00e3o\u201d do Anjo como uma brasa ardente, tendo em conta a ora\u00e7\u00e3o da S\u00faplica Ardente aos Santos Anjos, de alguma forma emerge da imagem a figura do Arcanjo S\u00e3o Rafael. N\u00e3o que seja ele mesmo, mas certamente pode existir certa liga\u00e7\u00e3o entre os dois Anjos, uma vez que o Brasil foi por alguns bispos no passado consagrado a esse Arcanjo, como protetor da na\u00e7\u00e3o brasileira e guia dos Tobias, Ragueis e Saras brasileiros.<\/p>\n<p style=\"text-align: justify;\">Por fim, vemos embaixo do manto protetor do Anjo o mapa do Brasil, mostrando assim a sua prote\u00e7\u00e3o e carinho pela p\u00e1tria.<\/p>\n<\/div>\n","protected":false},"excerpt":{"rendered":"<p>Deus designou um guardi\u00e3o para cada pa\u00eds para ajudar as na\u00e7\u00f5es em suas necessidades Embora muitos estejam familiarizados com a cren\u00e7a de que cada indiv\u00edduo recebe um Anjo da Guarda de Deus, tamb\u00e9m se acredita que cada pa\u00eds tenha seu anjo de prote\u00e7\u00e3o. Essa cren\u00e7a \u00e9 derivada de uma tradi\u00e7\u00e3o judaica que diz que S\u00e3o [&hellip;]<\/p>\n","protected":false},"author":1,"featured_media":54402,"comment_status":"open","ping_status":"closed","sticky":false,"template":"","format":"standard","meta":{"footnotes":""},"categories":[4],"tags":[],"class_list":["post-54401","post","type-post","status-publish","format-standard","has-post-thumbnail","hentry","category-cotidiano"],"_links":{"self":[{"href":"https:\/\/catolicanet.net\/wp-cnet\/wp-json\/wp\/v2\/posts\/54401","targetHints":{"allow":["GET"]}}],"collection":[{"href":"https:\/\/catolicanet.net\/wp-cnet\/wp-json\/wp\/v2\/posts"}],"about":[{"href":"https:\/\/catolicanet.net\/wp-cnet\/wp-json\/wp\/v2\/types\/post"}],"author":[{"embeddable":true,"href":"https:\/\/catolicanet.net\/wp-cnet\/wp-json\/wp\/v2\/users\/1"}],"replies":[{"embeddable":true,"href":"https:\/\/catolicanet.net\/wp-cnet\/wp-json\/wp\/v2\/comments?post=54401"}],"version-history":[{"count":1,"href":"https:\/\/catolicanet.net\/wp-cnet\/wp-json\/wp\/v2\/posts\/54401\/revisions"}],"predecessor-version":[{"id":54403,"href":"https:\/\/catolicanet.net\/wp-cnet\/wp-json\/wp\/v2\/posts\/54401\/revisions\/54403"}],"wp:featuredmedia":[{"embeddable":true,"href":"https:\/\/catolicanet.net\/wp-cnet\/wp-json\/wp\/v2\/media\/54402"}],"wp:attachment":[{"href":"https:\/\/catolicanet.net\/wp-cnet\/wp-json\/wp\/v2\/media?parent=54401"}],"wp:term":[{"taxonomy":"category","embeddable":true,"href":"https:\/\/catolicanet.net\/wp-cnet\/wp-json\/wp\/v2\/categories?post=54401"},{"taxonomy":"post_tag","embeddable":true,"href":"https:\/\/catolicanet.net\/wp-cnet\/wp-json\/wp\/v2\/tags?post=54401"}],"curies":[{"name":"wp","href":"https:\/\/api.w.org\/{rel}","templated":true}]}}