{"id":5440,"date":"2014-12-10T17:49:38","date_gmt":"2014-12-10T19:49:38","guid":{"rendered":"http:\/\/catolicanet.net\/wp-cnet\/francisco-longe-das-heresias\/"},"modified":"2017-04-07T09:59:56","modified_gmt":"2017-04-07T12:59:56","slug":"francisco-longe-das-heresias","status":"publish","type":"post","link":"https:\/\/catolicanet.net\/wp-cnet\/francisco-longe-das-heresias\/","title":{"rendered":"Francisco longe das heresias"},"content":{"rendered":"<p style=\"text-align: justify;\">Bem aventurados aqueles que acolhem e se deixam conduzir pela Palavra de Deus, tendo-a como eterna e sagrada, na qual se edificam sonhos e projetos de vida. O Papa Francisco ao comentar o Evangelho da casa edificada sobre a rocha, ou sobre a areia, na missa do dia 04.12.2014, disse que &#8220;N\u00e3o basta se declarar crist\u00e3o, \u00e9 preciso agir\u201d, deixando claro que o crist\u00e3o n\u00e3o pode ser de apar\u00eancia, mas deve colocar em pr\u00e1tica o amor de Jesus, mostrando-nos portanto, que a miss\u00e3o de santificar, ensinar e governar tem sempre como fundamento a Boa Nova da salva\u00e7\u00e3o, anunciando Jesus Cristo, o Evangelho por excel\u00eancia, maior e melhor dom inigual\u00e1vel de riqueza, que Deus Pai fez descer do c\u00e9u, abrindo nossos olhos, quando afirma: \u201cA Igreja \u00e9 chamada a aproximar-se de todas as pessoas, come\u00e7ando pelos mais pobres e aqueles que sofrem\u201d<\/p>\n<p>No Jornal El Pa\u00eds em 03.12.2014 o jornalista Juan Arias fala que os burocratas da Igreja o acusam entre dentes de que fala pouco de Deus e muito dos homens, sobretudo, dos mais marginalizados pela sociedade, sendo cada vez menos amado por setores da hierarquia da Igreja do que pelas pessoas, dizendo que Francisco gosta menos de muitos devotos do que da caravana humana dos que sofrem.\u00a0 Para ele, bastam as p\u00e1ginas dos evangelhos que est\u00e3o mais povoados de hist\u00f3rias de marginalizados e exclu\u00eddos do conv\u00edvio social do que de gl\u00f3ria e triunfos divinos, indicando que o Santo Padre cita menos documentos e enc\u00edclicas. Em verdade Francisco tem absoluta convic\u00e7\u00e3o de que a promessa do Pai se concretiza no Filho Jesus Cristo que \u201csendo rico, se fez pobre, a fim de nos enriquecer com sua pobreza\u201d (cf. 2Cor 8, 9), e que \u201cOs orgulhosos, os vaidosos, os crist\u00e3os de apar\u00eancia\u201d \u2013 sublinhou o Papa Francisco \u2013 \u201cser\u00e3o derrubados, humilhados\u201d, enquanto \u201cos pobres ser\u00e3o os que v\u00e3o triunfar, os pobres em esp\u00edrito, aqueles que diante de Deus n\u00e3o se sentem importantes, os humildes, e que realizam a salva\u00e7\u00e3o, colocando em pr\u00e1tica a Palavra do Senhor\u201d.<\/p>\n<p>Ainda segundo o referido colunista, o Sumo Pont\u00edfice opta em falar mais da criatura humana como imagem e semelhan\u00e7a de Deus do que da divindade, o que come\u00e7a a ser visto como uma heresia. Sinceramente n\u00e3o compreendo a rela\u00e7\u00e3o disto com uma heresia, sendo que Francisco tem manifestado posi\u00e7\u00f5es que carregam a marca redentora do absoluto de Deus, associado e intimamente unido a Jesus de Nazar\u00e9, que foi pregado aos trinta e tr\u00eas anos de idade numa cruz, por ter percebido os sinais dos tempos e sido exagerado em defender os empobrecidos, antevendo neles seu pr\u00f3prio aniquilamento, sua suprema dor e ang\u00fastia, em uma realidade misteriosa, da qual n\u00e3o se pode dissociar o humano do divino. Retomando o assunto anterior do Bispo de Roma, ao assegurar que \u201cn\u00e3o basta pertencer a uma fam\u00edlia muito cat\u00f3lica, a uma associa\u00e7\u00e3o ou ser um benfeitor se, depois, n\u00e3o se faz a vontade de Deus. \u2018Muitos crist\u00e3os de apar\u00eancia caem nas primeiras tenta\u00e7\u00f5es\u2019, afirmou, porque n\u00e3o t\u00eam \u2018subst\u00e2ncia\u2019, constru\u00edram sua casa sobre a areia\u201d.<\/p>\n<p>Dentre as in\u00fameras e inspiradoras frases de Francisco, duas em especial, relacionadas a este contexto, v\u00eam \u00e0 minha mente neste instante: &#8220;Vivemos na religi\u00e3o mais desigual do mundo&#8221;; &#8220;A paz \u00e9 um bem que supera qualquer barreira, porque \u00e9 um bem de toda a humanidade\u201d. Uma constru\u00e7\u00e3o na qual reina a paz precisa ser s\u00f3lida e segura no seu alicerce, indo na dire\u00e7\u00e3o do Romano Pont\u00edfice, deixando claro que os crist\u00e3os jamais poder\u00e3o se distanciar dos seus ensinamentos, ao encerrar a referida homilia, na Casa Santa Marta, citando S\u00e3o Bernardo de Claraval: \u201cPense, homem, o que ser\u00e1 de voc\u00ea: alimento para os vermes\u201d. \u201cOs vermes ir\u00e3o nos comer, a todos\u201d &#8211; recordou o Papa \u2013 \u201cSe n\u00e3o temos esta rocha, vamos acabar pisoteados\u201d: \u201cNeste tempo de prepara\u00e7\u00e3o para o Natal pedimos ao Senhor para sermos firmes na rocha que \u00e9 Ele, a nossa esperan\u00e7a \u00e9 Ele. Todos n\u00f3s somos pecadores, somos fracos, mas se colocarmos a esperan\u00e7a n\u2019Ele podemos avan\u00e7ar. E esta \u00e9 a alegria de um crist\u00e3o: saber que n\u2019Ele h\u00e1 esperan\u00e7a, h\u00e1 perd\u00e3o, h\u00e1 paz, h\u00e1 alegria. E n\u00e3o colocar a nossa esperan\u00e7a em coisas que hoje existem e amanh\u00e3 n\u00e3o existem mais\u201d. Assim Seja!<\/p>\n","protected":false},"excerpt":{"rendered":"<p>Bem aventurados aqueles que acolhem e se deixam conduzir pela Palavra de Deus, tendo-a como eterna e sagrada, na qual se edificam sonhos e projetos de vida. O Papa Francisco ao comentar o Evangelho da casa edificada sobre a rocha, ou sobre a areia, na missa do dia 04.12.2014, disse que &#8220;N\u00e3o basta se declarar [&hellip;]<\/p>\n","protected":false},"author":6,"featured_media":0,"comment_status":"closed","ping_status":"closed","sticky":false,"template":"","format":"standard","meta":{"footnotes":""},"categories":[9],"tags":[],"class_list":["post-5440","post","type-post","status-publish","format-standard","hentry","category-artigos"],"_links":{"self":[{"href":"https:\/\/catolicanet.net\/wp-cnet\/wp-json\/wp\/v2\/posts\/5440","targetHints":{"allow":["GET"]}}],"collection":[{"href":"https:\/\/catolicanet.net\/wp-cnet\/wp-json\/wp\/v2\/posts"}],"about":[{"href":"https:\/\/catolicanet.net\/wp-cnet\/wp-json\/wp\/v2\/types\/post"}],"author":[{"embeddable":true,"href":"https:\/\/catolicanet.net\/wp-cnet\/wp-json\/wp\/v2\/users\/6"}],"replies":[{"embeddable":true,"href":"https:\/\/catolicanet.net\/wp-cnet\/wp-json\/wp\/v2\/comments?post=5440"}],"version-history":[{"count":1,"href":"https:\/\/catolicanet.net\/wp-cnet\/wp-json\/wp\/v2\/posts\/5440\/revisions"}],"predecessor-version":[{"id":10289,"href":"https:\/\/catolicanet.net\/wp-cnet\/wp-json\/wp\/v2\/posts\/5440\/revisions\/10289"}],"wp:attachment":[{"href":"https:\/\/catolicanet.net\/wp-cnet\/wp-json\/wp\/v2\/media?parent=5440"}],"wp:term":[{"taxonomy":"category","embeddable":true,"href":"https:\/\/catolicanet.net\/wp-cnet\/wp-json\/wp\/v2\/categories?post=5440"},{"taxonomy":"post_tag","embeddable":true,"href":"https:\/\/catolicanet.net\/wp-cnet\/wp-json\/wp\/v2\/tags?post=5440"}],"curies":[{"name":"wp","href":"https:\/\/api.w.org\/{rel}","templated":true}]}}