{"id":54383,"date":"2019-09-29T08:15:45","date_gmt":"2019-09-29T11:15:45","guid":{"rendered":"http:\/\/catolicanet.net\/wp-cnet\/?p=54383"},"modified":"2019-10-02T08:21:26","modified_gmt":"2019-10-02T11:21:26","slug":"migrante-e-refugiado","status":"publish","type":"post","link":"https:\/\/catolicanet.net\/wp-cnet\/migrante-e-refugiado\/","title":{"rendered":"Migrante e refugiado"},"content":{"rendered":"<p style=\"text-align: justify;\">\u00a0 \u00a0 \u00a0 \u00a0 \u00a0 \u00a0 \u00a0 O Dia Mundial do Migrante e do Refugiado come\u00e7ou a ser celebrado pela Igreja Cat\u00f3lica em 21 de fevereiro de 1915, por iniciativa da Sagrada Congrega\u00e7\u00e3o Consistorial. O objetivo era sensibilizar sobre o fen\u00f4meno da migra\u00e7\u00e3o e a promo\u00e7\u00e3o de coleta em favor das obras pastorais para os emigrantes italianos e prepara\u00e7\u00e3o dos mission\u00e1rios da emigra\u00e7\u00e3o.<\/p>\n<p style=\"text-align: justify;\">\u00a0\u00a0\u00a0\u00a0\u00a0\u00a0\u00a0\u00a0\u00a0 O Dia Internacional do Imigrante (18 de dezembro) e o Dia Internacional do Refugiado (20 de junho), ambas institu\u00eddas pelas Na\u00e7\u00f5es Unidas. A primeira \u00e9 uma refer\u00eancia \u00e0 Conven\u00e7\u00e3o Internacional para a Prote\u00e7\u00e3o dos Direitos de Todos os Trabalhadores Migrantes e dos Membros das suas Fam\u00edlias, aprovada pela Assembleia Geral da ONU em 18 de dezembro de 1990; j\u00e1 a segunda data foi estabelecida pela mesma Assembleia por meio da resolu\u00e7\u00e3o 55\/76, de 2001. No Brasil h\u00e1 ainda o Dia Nacional do Migrante, lembrado por alguns em 25 de junho e por outros em 1\u00ba de dezembro \u2013 a primeira costuma ser mais aceita como a correta. Na Igreja do Brasil o m\u00eas de junho ficou marcado como tempo para essa comemora\u00e7\u00e3o, inclusive com publica\u00e7\u00f5es e durante uma semana de reflex\u00e3o. Em mar\u00e7o deste ano, o Dicast\u00e9rio para o Servi\u00e7o do Desenvolvimento Humano Integral em vista dos v\u00e1rios apelos do Papa Francisco preocupado com os migrantes e refugiados divulgou que esse Dia Mundial do Migrante e Refugiado seria celebrado no dia 29 de setembro. Assim atendeu o apelo feito por muitas confer\u00eancias episcopais para que o Dia Mundial dos Migrantes e Refugiados fosse sempre celebrado no \u00faltimo domingo de setembro.<\/p>\n<p style=\"text-align: justify;\">\u00a0\u00a0\u00a0\u00a0\u00a0\u00a0\u00a0\u00a0\u00a0 Celebramos, portanto, neste domingo, dia 29\/09 o 105\u00ba Dia Mundial do Migrante e do Refugiado. O Papa Francisco escreveu uma mensagem na qual prop\u00f4s a reflex\u00e3o sobre o tema: \u201cN\u00e3o se trar\u00e1 apenas de migrantes\u201d A carta do Papa Francisco come\u00e7a falando das causas de existir migrantes e refugiados: \u201ccontudo, mesmo em nossos dias, com pesar temos de constatar que se lhe deparam obst\u00e1culos e for\u00e7as contr\u00e1rias. Conflitos violentos, verdadeiras e pr\u00f3prias guerras n\u00e3o cessam de dilacerar a humanidade; sucedem-se injusti\u00e7as e discrimina\u00e7\u00f5es; tribula-se para superar os desequil\u00edbrios econ\u00f3micos e sociais, de ordem local ou global. E quem sofre as consequ\u00eancias de tudo isto s\u00e3o sobretudo os mais pobres e desfavorecidos\u201d ( Retirado do site: <a href=\"http:\/\/w2.vatican.va\/content\/francesco\/pt\/messages\/migration\/documents\/papa-francesco_20190527_world-migrants-day-2019.html\">http:\/\/w2.vatican.va\/content\/francesco\/pt\/messages\/migration\/documents\/papa-francesco_20190527_world-migrants-day-2019.html<\/a> \u00faltimo acesso: 28\/09\/2019).<\/p>\n<p style=\"text-align: justify;\">\u00a0\u00a0\u00a0\u00a0\u00a0\u00a0\u00a0\u00a0\u00a0 O Papa Francisco, apresentou a ideia: \u201cneste cen\u00e1rio, os migrantes, os refugiados, os desalojados e as v\u00edtimas do tr\u00e1fico de seres humanos aparecem como os sujeitos emblem\u00e1ticos da exclus\u00e3o, porque, al\u00e9m dos inc\u00f4modos inerentes \u00e0 sua condi\u00e7\u00e3o, acabam muitas vezes alvo de ju\u00edzos negativos que os consideram como causa dos males sociais. A atitude para com eles constitui a campainha de alarme que avisa do decl\u00ednio moral em que se incorre, se se continua a dar espa\u00e7o \u00e0 cultura do descarte. Com efeito, por este caminho, cada indiv\u00edduo que n\u00e3o quadre com os c\u00e2nones do bem-estar f\u00edsico, ps\u00edquico e social fica em risco de marginaliza\u00e7\u00e3o e exclus\u00e3o\u201d(Retirado do site: <a href=\"http:\/\/w2.vatican.va\/content\/francesco\/pt\/messages\/migration\/documents\/papa-francesco_20190527_world-migrants-day-2019.html\">http:\/\/w2.vatican.va\/content\/francesco\/pt\/messages\/migration\/documents\/papa-francesco_20190527_world-migrants-day-2019.html<\/a> \u00faltimo acesso: 28\/09\/2019).<\/p>\n<p style=\"text-align: justify;\">\u00a0\u00a0\u00a0\u00a0\u00a0\u00a0\u00a0\u00a0\u00a0 O Papa Francisco nos mostra que \u201cLivrai-vos de desprezar um s\u00f3 destes pequeninos, pois digo-vos que os seus anjos, no C\u00e9u, veem constantemente a face de meu Pai que est\u00e1 no C\u00e9u\u00bb (<em>Mt<\/em>\u00a018, 10).\u00a0<em>N\u00e3o se trata apenas de migrantes: trata-se de n\u00e3o excluir ningu\u00e9m<\/em>. O mundo atual vai-se tornando, dia ap\u00f3s dia, mais elitista e cruel para com os exclu\u00eddos. Os pa\u00edses em vias de desenvolvimento continuam a ser depauperados dos seus melhores recursos naturais e humanos em benef\u00edcio de poucos mercados privilegiados. As guerras abatem-se apenas sobre algumas regi\u00f5es do mundo, enquanto as armas para as fazer s\u00e3o produzidas e vendidas noutras regi\u00f5es, que depois n\u00e3o querem ocupar-se dos refugiados causados por tais conflitos. Quem sofre as consequ\u00eancias s\u00e3o sempre os pequenos, os pobres, os mais vulner\u00e1veis, a quem se impede de sentar-se \u00e0 mesa deixando-lhe as \u00abmigalhas\u00bb do banquete (cf.\u00a0<em>Lc<\/em>\u00a016, 19-21). \u00abA Igreja \u201cem sa\u00edda\u201d (&#8230;) sabe tomar a iniciativa sem medo, ir ao encontro, procurar os afastados e chegar \u00e0s encruzilhadas dos caminhos para convidar os exclu\u00eddos\u00bb\u00a0(Exort. ap.\u00a0<em><a href=\"http:\/\/w2.vatican.va\/content\/francesco\/pt\/apost_exhortations\/documents\/papa-francesco_esortazione-ap_20131124_evangelii-gaudium.html\">Evangelii gaudium<\/a><\/em>, 24). O desenvolvimento exclusivista torna os ricos mais ricos e os pobres mais pobres. Verdadeiro desenvolvimento \u00e9 aquele que procura incluir todos os homens e mulheres do mundo, promovendo o seu crescimento integral, e se preocupa tamb\u00e9m com as gera\u00e7\u00f5es futuras\u201d ( Retirado do site: <a href=\"http:\/\/w2.vatican.va\/content\/francesco\/pt\/messages\/migration\/documents\/papa-francesco_20190527_world-migrants-day-2019.html\">http:\/\/w2.vatican.va\/content\/francesco\/pt\/messages\/migration\/documents\/papa-francesco_20190527_world-migrants-day-2019.html<\/a> \u00faltimo acesso: 28\/09\/2019).<\/p>\n<p style=\"text-align: justify;\">\u00a0\u00a0\u00a0\u00a0\u00a0\u00a0\u00a0\u00a0\u00a0 Neste domingo, na Pra\u00e7a de S\u00e3o Pedro em Roma, o Santo Padre celebrou missa na inten\u00e7\u00e3o dos migrantes e refugiados, e entre outras quest\u00f5es, ele disse: &#8220;Como crist\u00e3os n\u00e3o podemos permanecer indiferentes diante do drama das velhas e novas pobrezas, das solid\u00f5es mais sombrias, do desprezo e da discrimina\u00e7\u00e3o de quem n\u00e3o pertence ao \u201cnosso\u201d grupo. N\u00e3o podemos permanecer insens\u00edveis, com o cora\u00e7\u00e3o anestesiado, diante da mis\u00e9ria de tantos inocentes. N\u00e3o podemos n\u00e3o chorar. N\u00e3o podemos n\u00e3o reagir. N\u00e3o podemos n\u00e3o chorar, n\u00e3o podemos n\u00e3o reagir. Pe\u00e7amos ao Senhor a gra\u00e7a de chorar, aquele choro que converte o cora\u00e7\u00e3o diante destes pecados&#8221;, disse o Santo Padre em sua homilia (fonte Vatican News).<\/p>\n<p style=\"text-align: justify;\">\u00a0\u00a0\u00a0\u00a0\u00a0\u00a0\u00a0\u00a0\u00a0 Saibamos rezar e acolher estes nossos irm\u00e3os e irm\u00e3s que vivem completamente \u00e0 margem da sociedade. Aqui em nossa Arquidiocese temos um trabalho antigo de acolher os refugiados e migrantes, hoje intensificados de tantas formas. Agradecemos a tantos que trabalham nessa \u00e1rea. Acolher os pequeninos \u00e9 acolher o pr\u00f3prio Cristo: <strong><em>\u201cBoni facere parvulis\u201d.<\/em><\/strong> Fazer bem, aos pequeninos sempre. Finalizamos com este artigo, pedindo a Sagrada Fam\u00edlia de Nazar\u00e9 que ilumine a todas as fam\u00edlias e as crian\u00e7as que vivem este contexto da imigra\u00e7\u00e3o e de ser refugiado. Deus seja louvado pelo excelente trabalho que em nossa Arquidiocese \u00e9 feito, com denodo e carinho, em favor dos migrantes e dos refugiados. Am\u00e9m!<\/p>\n","protected":false},"excerpt":{"rendered":"<p>\u00a0 \u00a0 \u00a0 \u00a0 \u00a0 \u00a0 \u00a0 O Dia Mundial do Migrante e do Refugiado come\u00e7ou a ser celebrado pela Igreja Cat\u00f3lica em 21 de fevereiro de 1915, por iniciativa da Sagrada Congrega\u00e7\u00e3o Consistorial. O objetivo era sensibilizar sobre o fen\u00f4meno da migra\u00e7\u00e3o e a promo\u00e7\u00e3o de coleta em favor das obras pastorais para os [&hellip;]<\/p>\n","protected":false},"author":5,"featured_media":32777,"comment_status":"open","ping_status":"closed","sticky":false,"template":"","format":"standard","meta":{"footnotes":""},"categories":[9],"tags":[],"class_list":["post-54383","post","type-post","status-publish","format-standard","has-post-thumbnail","hentry","category-artigos"],"_links":{"self":[{"href":"https:\/\/catolicanet.net\/wp-cnet\/wp-json\/wp\/v2\/posts\/54383","targetHints":{"allow":["GET"]}}],"collection":[{"href":"https:\/\/catolicanet.net\/wp-cnet\/wp-json\/wp\/v2\/posts"}],"about":[{"href":"https:\/\/catolicanet.net\/wp-cnet\/wp-json\/wp\/v2\/types\/post"}],"author":[{"embeddable":true,"href":"https:\/\/catolicanet.net\/wp-cnet\/wp-json\/wp\/v2\/users\/5"}],"replies":[{"embeddable":true,"href":"https:\/\/catolicanet.net\/wp-cnet\/wp-json\/wp\/v2\/comments?post=54383"}],"version-history":[{"count":1,"href":"https:\/\/catolicanet.net\/wp-cnet\/wp-json\/wp\/v2\/posts\/54383\/revisions"}],"predecessor-version":[{"id":54385,"href":"https:\/\/catolicanet.net\/wp-cnet\/wp-json\/wp\/v2\/posts\/54383\/revisions\/54385"}],"wp:featuredmedia":[{"embeddable":true,"href":"https:\/\/catolicanet.net\/wp-cnet\/wp-json\/wp\/v2\/media\/32777"}],"wp:attachment":[{"href":"https:\/\/catolicanet.net\/wp-cnet\/wp-json\/wp\/v2\/media?parent=54383"}],"wp:term":[{"taxonomy":"category","embeddable":true,"href":"https:\/\/catolicanet.net\/wp-cnet\/wp-json\/wp\/v2\/categories?post=54383"},{"taxonomy":"post_tag","embeddable":true,"href":"https:\/\/catolicanet.net\/wp-cnet\/wp-json\/wp\/v2\/tags?post=54383"}],"curies":[{"name":"wp","href":"https:\/\/api.w.org\/{rel}","templated":true}]}}