{"id":5437,"date":"2014-12-12T03:00:00","date_gmt":"2014-12-12T05:00:00","guid":{"rendered":"http:\/\/catolicanet.net\/wp-cnet\/novena-de-natal\/"},"modified":"2017-04-07T10:05:59","modified_gmt":"2017-04-07T13:05:59","slug":"novena-de-natal","status":"publish","type":"post","link":"https:\/\/catolicanet.net\/wp-cnet\/novena-de-natal\/","title":{"rendered":"Novena de Natal"},"content":{"rendered":"<p style=\"text-align: justify;\">O tempo do Advento \u00e9 constitu\u00eddo das quatro semanas que antecedem o Natal do Senhor. \u00c9, portanto, tempo de piedosa espera. Ora, esperar uma pessoa querida requer alegre e cuidadosa prepara\u00e7\u00e3o.\u00a0 Esta prepara\u00e7\u00e3o para o Natal tem dupla caracter\u00edstica: tempo de prepara\u00e7\u00e3o para as solenidades do Natal nas quais se recorda a primeira vinda do Filho de Deus ao meio dos homens; e, simultaneamente, tempo em que, com esta recorda\u00e7\u00e3o, os esp\u00edritos se dirigem para a expectativa da segunda vinda de Cristo no final dos tempos.\u00a0 Celebrando a cada ano este mist\u00e9rio, a Igreja nos exorta a renovar continuamente a lembran\u00e7a do t\u00e3o grande amor de Deus para conosco. A bela liturgia da Igreja, da missa, das horas com seus c\u00e2nticos e sinais nos ajudam a abrir o cora\u00e7\u00e3o. A celebra\u00e7\u00e3o penitencial e os sinais caritativos durante esta \u00e9poca nos fazem converter os cora\u00e7\u00f5es. A atitude de ora\u00e7\u00e3o cont\u00ednua abre-nos, por Cristo, em Cristo e com o Esp\u00edrito Santo, \u00e0 contempla\u00e7\u00e3o do rosto do Pai, colocando-nos em comunh\u00e3o e sintonia com a Trindade, fonte de santidade, de alegria e da verdadeira paz.<br \/> Uma tradi\u00e7\u00e3o religiosa que costuma ser realizada na prepara\u00e7\u00e3o de momentos importantes, a Novena faz parte do patrim\u00f4nio da religiosidade popular. Diante do Advento, vivido pela Igreja antes da celebra\u00e7\u00e3o do Natal, n\u00e3o poderia ser diferente. A montagem do pres\u00e9pio, a intensifica\u00e7\u00e3o do esp\u00edrito de caridade e a Novena de Natal fazem parte da vida dos crist\u00e3os.<br \/> A Novena do Natal em fam\u00edlia ou em pequena comunidade \u00e9 uma express\u00e3o bel\u00edssima de prepara\u00e7\u00e3o crist\u00e3 do Natal. Em nossa Arquidiocese, o tema deste ano \u00e9 o \u201cNatal da Esperan\u00e7a\u201d! Participe de algum grupo da sua comunidade, vizinhan\u00e7a, condom\u00ednio,\u00a0 apartamento ou mesmo no seu ambiente de trabalho. O esp\u00edrito do Natal \u00e9 a aproxima\u00e7\u00e3o entre as pessoas, que cria a cultura do encontro. S\u00f3 com a cultura do encontro superamos o individualismo e o isolamento que empobrecem a vida. <br \/> Natal \u00e9 festa de luz! In\u00fameras l\u00e2mpadas coloridas enfeitam as fachadas e interiores das casas, ruas e igrejas. \u00c9 tempo de festejar o nascimento do Menino Jesus, a luz que \u00e9 fonte e origem de toda a cria\u00e7\u00e3o e que veio nos visitar. Cremos que Ele \u00e9 quem d\u00e1 contorno \u00e0 vida e a tira da escurid\u00e3o. Por\u00e9m, a grande luz deve estar na vida e no cora\u00e7\u00e3o de todos n\u00f3s que esperamos celebrar um natal crist\u00e3o que nos aprofunde no acolhimento d\u2019Aquele que veio, vem e vir\u00e1.<br \/> A Novena do Natal com o tema da esperan\u00e7a que a nossa Arquidiocese prop\u00f4s \u00e9 justamente a oportunidade de preparar o pr\u00f3ximo ano, quando este tema ser\u00e1 enfocado em todas as atividades pastorais. Nos textos de nossa confer\u00eancia episcopal ser\u00e1 sobre o tema da luz segundo Jo\u00e3o, preparando o m\u00eas da b\u00edblia do pr\u00f3ximo ano. Outras dioceses e regionais tamb\u00e9m enfocaram o Natal atrav\u00e9s de v\u00e1rios temas. Em suma, \u00e9 uma oportunidade de vivenciarmos o Natal e aprofundarmos nossa f\u00e9 e nossos relacionamentos com os nossos vizinhos. Meditando a vida e os ensinamentos de Jesus, nos \u00e9 dada a oportunidade de iluminar as nossas a\u00e7\u00f5es. <br \/> A segunda atitude \u00e9 a da Reconcilia\u00e7\u00e3o. \u00c9 a reconcilia\u00e7\u00e3o com Deus-Trindade e reconcilia\u00e7\u00e3o com as pessoas: familiares, parentes, amigos e colegas de trabalho. \u00c9 bom celebrar o Natal livre dos ressentimentos, das m\u00e1goas, do rancor contra os nossos semelhantes. Lembre-se: o perd\u00e3o \u00e9 o mais salutar rem\u00e9dio para curar as feridas causadas pelas desaven\u00e7as. Por isso, voltemos aos confession\u00e1rios para procurar a gra\u00e7a de Deus. Nesses dias acontecem os mutir\u00f5es de confiss\u00f5es, nos quais oportunidades de confessores extraordin\u00e1rios s\u00e3o dadas a todos os paroquianos. Todos deveriam aproveitar dessa ocasi\u00e3o para preparar o seu cora\u00e7\u00e3o para ser a digna morada do Senhor Jesus. Al\u00e9m disso, tenho certeza de que os nossos padres se colocam \u00e0 disposi\u00e7\u00e3o em conformidade com as necessidades dos fi\u00e9is, para o atendimento da confiss\u00e3o auricular, pois uma confiss\u00e3o individual completa nos afasta do pecado e nos resgata a gra\u00e7a santificante. <br \/> A terceira atitude \u00e9 a Caridade.\u00a0 O tempo do Advento \u00e9 prop\u00edcio para o exerc\u00edcio da solidariedade e amor fraterno \u00e0s pessoas mais necessitadas e sofredoras. Atos de solidariedade dignificam e enobrecem a alma humana! Os gestos sol\u00edcitos de bondade e de generosidade encantam a vida, tornando-a bela e grandiosa! Porquanto, a alegria e a felicidade de viver encontramos nos pequenos gestos de bondade e solidariedade em favor dos irm\u00e3os.\u00a0 Neste tempo que antecede o Natal, vamos escancarar as portas do cora\u00e7\u00e3o e da vida para acolher o Rei dos Reis que vai chegar! Jesus \u00e9 o \u201cPr\u00edncipe da paz\u201d (Mq 5,4) que veio instaurar o reino de fraternidade e paz no mundo!<br \/>Portanto, a Novena est\u00e1 em conson\u00e2ncia com a exorta\u00e7\u00e3o apost\u00f3lica do papa Francisco, \u201cA alegria do Evangelho\u201d, que fala da convers\u00e3o pastoral. \u00c9 tamb\u00e9m uma resposta \u00e0 recente proposta lan\u00e7ada durante a 52\u00aa Assembleia Geral da CNBB, que ofereceu \u00e0 Igreja no Brasil o documento \u201cComunidade de comunidades: uma nova par\u00f3quia\u201d. A convers\u00e3o pastoral da par\u00f3quia passa pela viv\u00eancia comunit\u00e1ria, na sua comunidade, dos valores do Evangelho. <br \/> Formemos nossos grupos de Novena do Natal e preparemo-nos publicamente para o nascimento do Redentor. <br \/> Boa novena para todos!<\/p>\n","protected":false},"excerpt":{"rendered":"<p>O tempo do Advento \u00e9 constitu\u00eddo das quatro semanas que antecedem o Natal do Senhor. \u00c9, portanto, tempo de piedosa espera. Ora, esperar uma pessoa querida requer alegre e cuidadosa prepara\u00e7\u00e3o.\u00a0 Esta prepara\u00e7\u00e3o para o Natal tem dupla caracter\u00edstica: tempo de prepara\u00e7\u00e3o para as solenidades do Natal nas quais se recorda a primeira vinda do [&hellip;]<\/p>\n","protected":false},"author":5,"featured_media":0,"comment_status":"closed","ping_status":"closed","sticky":false,"template":"","format":"standard","meta":{"footnotes":""},"categories":[9],"tags":[],"class_list":["post-5437","post","type-post","status-publish","format-standard","hentry","category-artigos"],"_links":{"self":[{"href":"https:\/\/catolicanet.net\/wp-cnet\/wp-json\/wp\/v2\/posts\/5437","targetHints":{"allow":["GET"]}}],"collection":[{"href":"https:\/\/catolicanet.net\/wp-cnet\/wp-json\/wp\/v2\/posts"}],"about":[{"href":"https:\/\/catolicanet.net\/wp-cnet\/wp-json\/wp\/v2\/types\/post"}],"author":[{"embeddable":true,"href":"https:\/\/catolicanet.net\/wp-cnet\/wp-json\/wp\/v2\/users\/5"}],"replies":[{"embeddable":true,"href":"https:\/\/catolicanet.net\/wp-cnet\/wp-json\/wp\/v2\/comments?post=5437"}],"version-history":[{"count":1,"href":"https:\/\/catolicanet.net\/wp-cnet\/wp-json\/wp\/v2\/posts\/5437\/revisions"}],"predecessor-version":[{"id":10297,"href":"https:\/\/catolicanet.net\/wp-cnet\/wp-json\/wp\/v2\/posts\/5437\/revisions\/10297"}],"wp:attachment":[{"href":"https:\/\/catolicanet.net\/wp-cnet\/wp-json\/wp\/v2\/media?parent=5437"}],"wp:term":[{"taxonomy":"category","embeddable":true,"href":"https:\/\/catolicanet.net\/wp-cnet\/wp-json\/wp\/v2\/categories?post=5437"},{"taxonomy":"post_tag","embeddable":true,"href":"https:\/\/catolicanet.net\/wp-cnet\/wp-json\/wp\/v2\/tags?post=5437"}],"curies":[{"name":"wp","href":"https:\/\/api.w.org\/{rel}","templated":true}]}}