{"id":54352,"date":"2019-10-01T11:20:31","date_gmt":"2019-10-01T14:20:31","guid":{"rendered":"http:\/\/catolicanet.net\/wp-cnet\/?p=54352"},"modified":"2019-10-01T11:20:31","modified_gmt":"2019-10-01T14:20:31","slug":"e-importante-rezar-pelo-papa-e-suas-intencoes-afirma-francisco-em-dialogo-com-jesuitas","status":"publish","type":"post","link":"https:\/\/catolicanet.net\/wp-cnet\/e-importante-rezar-pelo-papa-e-suas-intencoes-afirma-francisco-em-dialogo-com-jesuitas\/","title":{"rendered":"\u00c9 importante rezar pelo Papa e suas inten\u00e7\u00f5es, afirma Francisco em di\u00e1logo com jesu\u00edtas"},"content":{"rendered":"<p>\u201cO Papa \u00e9 tentado, \u00e9 muito atacado: s\u00f3 a ora\u00e7\u00e3o do seu povo pode libert\u00e1-lo\u201d. Em mais um trecho extra\u00eddo do di\u00e1logo entre Francisco e os jesu\u00edtas na \u00c1frica, por ocasi\u00e3o da sua viagem apost\u00f3lica em setembro, o Pont\u00edfice falou da gra\u00e7a da Igreja rezar por ele e enalteceu o trabalho da Rede Mundial de Ora\u00e7\u00e3o pelo Papa que, nesta ter\u00e7a-feira (01), inclusive divulgou o tradicional v\u00eddeo de inten\u00e7\u00f5es do m\u00eas.<\/p>\n<p><b>Andressa Collet \u2013 Cidade do Vaticano<\/b><\/p>\n<div>\n<aside class=\"article__readmore\">\n<div class=\"teaser--labelEvidence teaser teaser--type-article\">\n<article>\n<div class=\"teaser__labelWrapper\"><\/div>\n<div class=\"teaser__contentWrapper\"><\/div>\n<\/article>\n<\/div>\n<\/aside>\n<\/div>\n<div>\n<aside class=\"article__readmore\">\n<div class=\"teaser--labelEvidence teaser teaser--type-article\">\n<article>\n<div class=\"teaser__contentWrapper\">\n<div>A reportagem especial de Pe. Antonio Spadaro, publicada na \u00faltima quinta-feira (26) na revista italiana La Civilt\u00e0 Cattolica, traz na \u00edntegra o di\u00e1logo privado entre o Papa e jesu\u00edtas de Mo\u00e7ambique e Madagascar. Os dois encontros foram promovidos durante a viagem apost\u00f3lica de Francisco \u00e0 \u00c1frica no in\u00edcio do m\u00eas de setembro.<\/div>\n<\/div>\n<\/article>\n<\/div>\n<\/aside>\n<\/div>\n<p>Em mais um trecho extra\u00eddo da conversa, em resposta \u00e0 pergunta feita por Pe. Afonso Mucane, p\u00e1roco da Par\u00f3quia de Santo Ign\u00e1cio, da Diocese de Tete, Francisco elogiou o trabalho da Rede Mundial de Ora\u00e7\u00e3o do Papa que completou 175 anos de atividades e afirmou que \u201cdevemos ensinar as pessoas a ora\u00e7\u00e3o de intercess\u00e3o, que \u00e9 uma ora\u00e7\u00e3o de coragem\u201d.<\/p>\n<h2>Inten\u00e7\u00e3o de ora\u00e7\u00e3o pelo Papa e suas inten\u00e7\u00f5es<\/h2>\n<p>Na <a href=\"https:\/\/www.vaticannews.va\/pt\/papa\/news\/2019-10\/papa-francisco-intencao-oracao-outubro-mes-missionario.html\" target=\"_blank\" rel=\"noopener noreferrer\">inten\u00e7\u00e3o de ora\u00e7\u00e3o para o m\u00eas de outubro<\/a>, por exemplo, em v\u00eddeo divulgado nesta ter\u00e7a-feira (01), Francisco pede ora\u00e7\u00f5es para que \u201co Esp\u00edrito Santo possa promover uma nova primavera mission\u00e1ria a todos os que s\u00e3o batizados e enviados pela Igreja de Cristo\u201d. E, aos jesu\u00edtas na \u00c1frica, sublinhou que \u201cdevemos ajudar o povo a exercitar mais frequentemente a intercess\u00e3o. E n\u00f3s mesmos devemos faz\u00ea-la mais\u201d.<\/p>\n<div>\n<div class=\"article__embed article__embed--border embed_style\">\n<blockquote><p>\u201c \u00c9 importante que as pessoas rezem pelo Papa e pelas suas inten\u00e7\u00f5es. O Papa \u00e9 tentado, \u00e9 muito atacado: s\u00f3 a ora\u00e7\u00e3o do seu povo pode libert\u00e1-lo, como se l\u00ea nos Atos dos Ap\u00f3stolos. Quando Pedro foi preso, a Igreja rezou incessantemente por ele. Se a Igreja reza pelo Papa, isso \u00e9 uma gra\u00e7a. Eu realmente sinto continuamente a necessidade de pedir ora\u00e7\u00e3o. \u201d<\/p><\/blockquote>\n<h2>\u201cN\u00e3o sou menos pecador e mais santo\u201d por ser Papa<\/h2>\n<p>O jesu\u00edta Leonardo Alexandre Sim\u00e3o, que est\u00e1 se formando em Beira e trabalha com os jovens, \u201ccomunicando o Evangelho\u201d, questionou o Papa sobre as mudan\u00e7as da sua experi\u00eancia de Deus desde que foi eleito Papa. Francisco fez uma pausa de reflex\u00e3o antes de responder e, sinceramente, falou: \u201cn\u00e3o sei dizer, para dizer a verdade. Isto \u00e9, acredito que fundamentalmente a minha experi\u00eancia de Deus n\u00e3o tenha mudado. Eu permane\u00e7o o mesmo de antes. Sim, percebo um sentido de maior responsabilidade, sem d\u00favidas. A minha ora\u00e7\u00e3o de intercess\u00e3o \u00e9 bem maior que antes. Mas, inclusive antes, eu vivia a ora\u00e7\u00e3o de intercess\u00e3o e sentia a responsabilidade pastoral. Continuo caminhando, mas n\u00e3o h\u00e1 mudan\u00e7as realmente radicais. Falo ao Senhor como antes.\u201d<\/p>\n<p>Francisco acrescentou \u00e0 resposta, dizendo que comete os mesmos pecados de antes e tem as mesmas tenta\u00e7\u00f5es, que n\u00e3o \u00e9 menos pecador e mais santo de antes, mesmo sendo eleito Papa e se vestindo todo de branco: e, \u201cpor isso, me confesso a cada duas semanas\u201d, afirmou o Pont\u00edfice.<\/p>\n<p>O Pont\u00edfice tamb\u00e9m agradeceu pela pergunta, j\u00e1 que nunca tinha sido feita, o que o fez refletir sobre a vida espiritual que, hoje, tem \u201cum maior sentido de responsabilidade e uma ora\u00e7\u00e3o de intercess\u00e3o que se expandiu ao mundo e a toda a Igreja\u201d. Ao concluir a resposta, afirmou que \u201cn\u00e3o existe nenhuma magia por ter sido eleito Papa. O conclave n\u00e3o funciona por magia\u201d.<\/p>\n<p>Na <a href=\"https:\/\/www.laciviltacattolica.it\/articolo\/la-sovranita-del-popolo-di-dio\/\" rel=\"external nofollow\">vers\u00e3o online da revista La Civilt\u00e0 Cattolica<\/a> \u00e9 poss\u00edvel conferir a conversa na \u00edntegra em diferentes idiomas: espanhol, ingl\u00eas, italiano e franc\u00eas.<\/p>\n<!--[if lt IE 9]><script>document.createElement('audio');<\/script><![endif]-->\n<audio class=\"wp-audio-shortcode\" id=\"audio-54352-1\" preload=\"none\" style=\"width: 100%;\" controls=\"controls\"><source type=\"audio\/mpeg\" src=\"https:\/\/media.vaticannews.va\/media\/audio\/s1\/2019\/10\/01\/14\/135253451_F135253451.mp3?_=1\" \/><a href=\"https:\/\/media.vaticannews.va\/media\/audio\/s1\/2019\/10\/01\/14\/135253451_F135253451.mp3\">https:\/\/media.vaticannews.va\/media\/audio\/s1\/2019\/10\/01\/14\/135253451_F135253451.mp3<\/a><\/audio>\n<p>&nbsp;<\/p>\n<\/div>\n<\/div>\n","protected":false},"excerpt":{"rendered":"<p>\u201cO Papa \u00e9 tentado, \u00e9 muito atacado: s\u00f3 a ora\u00e7\u00e3o do seu povo pode libert\u00e1-lo\u201d. Em mais um trecho extra\u00eddo do di\u00e1logo entre Francisco e os jesu\u00edtas na \u00c1frica, por ocasi\u00e3o da sua viagem apost\u00f3lica em setembro, o Pont\u00edfice falou da gra\u00e7a da Igreja rezar por ele e enalteceu o trabalho da Rede Mundial de [&hellip;]<\/p>\n","protected":false},"author":1,"featured_media":54353,"comment_status":"open","ping_status":"closed","sticky":false,"template":"","format":"standard","meta":{"footnotes":""},"categories":[3],"tags":[],"class_list":["post-54352","post","type-post","status-publish","format-standard","has-post-thumbnail","hentry","category-vaticano"],"_links":{"self":[{"href":"https:\/\/catolicanet.net\/wp-cnet\/wp-json\/wp\/v2\/posts\/54352","targetHints":{"allow":["GET"]}}],"collection":[{"href":"https:\/\/catolicanet.net\/wp-cnet\/wp-json\/wp\/v2\/posts"}],"about":[{"href":"https:\/\/catolicanet.net\/wp-cnet\/wp-json\/wp\/v2\/types\/post"}],"author":[{"embeddable":true,"href":"https:\/\/catolicanet.net\/wp-cnet\/wp-json\/wp\/v2\/users\/1"}],"replies":[{"embeddable":true,"href":"https:\/\/catolicanet.net\/wp-cnet\/wp-json\/wp\/v2\/comments?post=54352"}],"version-history":[{"count":1,"href":"https:\/\/catolicanet.net\/wp-cnet\/wp-json\/wp\/v2\/posts\/54352\/revisions"}],"predecessor-version":[{"id":54354,"href":"https:\/\/catolicanet.net\/wp-cnet\/wp-json\/wp\/v2\/posts\/54352\/revisions\/54354"}],"wp:featuredmedia":[{"embeddable":true,"href":"https:\/\/catolicanet.net\/wp-cnet\/wp-json\/wp\/v2\/media\/54353"}],"wp:attachment":[{"href":"https:\/\/catolicanet.net\/wp-cnet\/wp-json\/wp\/v2\/media?parent=54352"}],"wp:term":[{"taxonomy":"category","embeddable":true,"href":"https:\/\/catolicanet.net\/wp-cnet\/wp-json\/wp\/v2\/categories?post=54352"},{"taxonomy":"post_tag","embeddable":true,"href":"https:\/\/catolicanet.net\/wp-cnet\/wp-json\/wp\/v2\/tags?post=54352"}],"curies":[{"name":"wp","href":"https:\/\/api.w.org\/{rel}","templated":true}]}}