{"id":54349,"date":"2019-10-01T11:14:40","date_gmt":"2019-10-01T14:14:40","guid":{"rendered":"http:\/\/catolicanet.net\/wp-cnet\/?p=54349"},"modified":"2019-10-01T11:14:40","modified_gmt":"2019-10-01T14:14:40","slug":"francisco-reza-por-uma-nova-primavera-missionaria-na-igreja","status":"publish","type":"post","link":"https:\/\/catolicanet.net\/wp-cnet\/francisco-reza-por-uma-nova-primavera-missionaria-na-igreja\/","title":{"rendered":"Francisco reza por uma nova primavera mission\u00e1ria na Igreja"},"content":{"rendered":"<h4 class=\"article__subTitle\">Na inten\u00e7\u00e3o de ora\u00e7\u00e3o para o m\u00eas de outubro, o protagonista \u00e9 o M\u00eas Mission\u00e1rio Extraordin\u00e1rio. Em sua inten\u00e7\u00e3o, Francisco reza para que \u201co Esp\u00edrito Santo possa promover uma nova primavera mission\u00e1ria para todos os que s\u00e3o batizados e enviados pela Igreja de Cristo\u201d.<\/h4>\n<div class=\"title__separator\">\n<p><iframe loading=\"lazy\" width=\"696\" height=\"392\" src=\"https:\/\/www.youtube.com\/embed\/GMMkqeaqBbE?feature=oembed\" frameborder=\"0\" allow=\"accelerometer; autoplay; encrypted-media; gyroscope; picture-in-picture\" allowfullscreen><\/iframe><\/p>\n<\/div>\n<div><\/div>\n<div class=\"article__text\">\n<p><b>Cidade do Vaticano<\/b><\/p>\n<p>Neste m\u00eas de outubro, O V\u00eddeo do Papa \u00e9 dirigido a todos os cat\u00f3licos, convidando-os a despertar sua consci\u00eancia mission\u00e1ria e enfrentar o \u201cdesafio de proclamar Jesus morto e ressuscitado\u201d.<\/p>\n<p>A edi\u00e7\u00e3o deste m\u00eas do v\u00eddeo \u00e9 dedicada ao in\u00edcio do M\u00eas Mission\u00e1rio Extraordin\u00e1rio, convocado pelo Papa Francisco \u201ccom o objetivo de promover uma maior conscientiza\u00e7\u00e3o sobre a miss\u00e3o ad gentes e retomar com renovado ardor a transforma\u00e7\u00e3o mission\u00e1ria da vida e da atividade pastoral da Igreja.\u201d<\/p>\n<p>Na mensagem em v\u00eddeo, Francisco prop\u00f5e \u201cchegar \u00e0s periferias, aos ambientes humanos, culturais e religiosos ainda alheios ao Evangelho: nisto consiste o que chamamos missio ad gentes\u201d.<\/p>\n<p>Em sua inten\u00e7\u00e3o, o Papa reza para que \u201co Esp\u00edrito Santo possa promover uma nova primavera mission\u00e1ria para todos os que s\u00e3o batizados e enviados pela Igreja de Cristo\u201d, membros de uma \u201cIgreja peregrina que \u00e9 mission\u00e1ria por natureza.&#8221;<\/p>\n<p>E recorda: \u201co cora\u00e7\u00e3o da miss\u00e3o da Igreja \u00e9 a ora\u00e7\u00e3o\u201d.<\/p>\n<h2>Territ\u00f3rios mission\u00e1rios<\/h2>\n<p>As Pontif\u00edcias Obras Mission\u00e1rias ecoaram as palavras do Santo Padre, que expressou o desejo de que este M\u00eas Mission\u00e1rio possa ser \u201cuma intensa e fecunda ocasi\u00e3o de gra\u00e7a, promovendo iniciativas e, sobretudo, a ora\u00e7\u00e3o que \u00e9 a alma da toda atividade mission\u00e1ria.\u201d<\/p>\n<p>H\u00e1 regi\u00f5es em que a Igreja est\u00e1 ainda em seu come\u00e7o e precisa de apoio especial &#8211; territ\u00f3rios mission\u00e1rios, como s\u00e3o chamados.<\/p>\n<p>Atualmente, existem 1.109 territ\u00f3rios localizados na \u00c1frica, \u00c1sia e nas ilhas da Oceania e nas Am\u00e9ricas. Estima-se que 37% da Igreja Cat\u00f3lica seja territ\u00f3rio de miss\u00e3o; isto \u00e9, mais de um ter\u00e7o da Igreja.<\/p>\n<p>Essa situa\u00e7\u00e3o implica um trabalho em constante evolu\u00e7\u00e3o, pois, \u00e0 medida que novos territ\u00f3rios s\u00e3o criados, novas institui\u00e7\u00f5es sociais, educacionais e pastorais s\u00e3o designadas para cobrir todos os tipos de necessidades.<\/p>\n<p>Uma grande parte do trabalho social e educacional da Igreja \u00e9 realizada em territ\u00f3rios mission\u00e1rios.<\/p>\n<p>No site da <a href=\"http:\/\/www.pom.org.br\/\" target=\"_blank\" rel=\"external nofollow noopener noreferrer\">Pontif\u00edcias Obras Mission\u00e1rias<\/a>\u00a0\u00e9 poss\u00edvel encontrar todo o material para a celebra\u00e7\u00e3o deste M\u00eas Extraordin\u00e1rio.<\/p>\n<\/div>\n","protected":false},"excerpt":{"rendered":"<p>Na inten\u00e7\u00e3o de ora\u00e7\u00e3o para o m\u00eas de outubro, o protagonista \u00e9 o M\u00eas Mission\u00e1rio Extraordin\u00e1rio. Em sua inten\u00e7\u00e3o, Francisco reza para que \u201co Esp\u00edrito Santo possa promover uma nova primavera mission\u00e1ria para todos os que s\u00e3o batizados e enviados pela Igreja de Cristo\u201d. Cidade do Vaticano Neste m\u00eas de outubro, O V\u00eddeo do Papa [&hellip;]<\/p>\n","protected":false},"author":1,"featured_media":54350,"comment_status":"open","ping_status":"closed","sticky":false,"template":"","format":"standard","meta":{"footnotes":""},"categories":[13,3],"tags":[],"class_list":["post-54349","post","type-post","status-publish","format-standard","has-post-thumbnail","hentry","category-featured","category-vaticano"],"_links":{"self":[{"href":"https:\/\/catolicanet.net\/wp-cnet\/wp-json\/wp\/v2\/posts\/54349","targetHints":{"allow":["GET"]}}],"collection":[{"href":"https:\/\/catolicanet.net\/wp-cnet\/wp-json\/wp\/v2\/posts"}],"about":[{"href":"https:\/\/catolicanet.net\/wp-cnet\/wp-json\/wp\/v2\/types\/post"}],"author":[{"embeddable":true,"href":"https:\/\/catolicanet.net\/wp-cnet\/wp-json\/wp\/v2\/users\/1"}],"replies":[{"embeddable":true,"href":"https:\/\/catolicanet.net\/wp-cnet\/wp-json\/wp\/v2\/comments?post=54349"}],"version-history":[{"count":1,"href":"https:\/\/catolicanet.net\/wp-cnet\/wp-json\/wp\/v2\/posts\/54349\/revisions"}],"predecessor-version":[{"id":54351,"href":"https:\/\/catolicanet.net\/wp-cnet\/wp-json\/wp\/v2\/posts\/54349\/revisions\/54351"}],"wp:featuredmedia":[{"embeddable":true,"href":"https:\/\/catolicanet.net\/wp-cnet\/wp-json\/wp\/v2\/media\/54350"}],"wp:attachment":[{"href":"https:\/\/catolicanet.net\/wp-cnet\/wp-json\/wp\/v2\/media?parent=54349"}],"wp:term":[{"taxonomy":"category","embeddable":true,"href":"https:\/\/catolicanet.net\/wp-cnet\/wp-json\/wp\/v2\/categories?post=54349"},{"taxonomy":"post_tag","embeddable":true,"href":"https:\/\/catolicanet.net\/wp-cnet\/wp-json\/wp\/v2\/tags?post=54349"}],"curies":[{"name":"wp","href":"https:\/\/api.w.org\/{rel}","templated":true}]}}