{"id":54266,"date":"2019-09-26T15:40:39","date_gmt":"2019-09-26T18:40:39","guid":{"rendered":"http:\/\/catolicanet.net\/wp-cnet\/?p=54266"},"modified":"2019-09-26T15:40:39","modified_gmt":"2019-09-26T18:40:39","slug":"incendio-provocado-danifica-gravemente-paroquia-no-canada","status":"publish","type":"post","link":"https:\/\/catolicanet.net\/wp-cnet\/incendio-provocado-danifica-gravemente-paroquia-no-canada\/","title":{"rendered":"Inc\u00eandio provocado danifica gravemente par\u00f3quia no Canad\u00e1"},"content":{"rendered":"<p>Um inc\u00eandio provocado danificou gravemente a estrutura de uma par\u00f3quia localizada na prov\u00edncia de Quebec, no Canad\u00e1, sendo este o terceiro incidente desde que o pr\u00e9dio foi constru\u00eddo em 1844.<\/p>\n<p>A R\u00e1dio Canad\u00e1 informou que o inc\u00eandio come\u00e7ou no in\u00edcio da manh\u00e3 de quinta-feira, 19 de setembro, na par\u00f3quia de Santa Filomena (paroisse de Sainte-Philom\u00e8ne, em franc\u00eas), na cidade de Mercier. Segundo o diretor do Corpo de Bombeiros de Mercier, Eric Steingue, o inc\u00eandio come\u00e7ou na sacristia e as chamas se espalharam rapidamente para o resto da estrutura.<\/p>\n<p>Os bombeiros chegaram por volta das 5h54 (hora local), quando toda a parte de tr\u00e1s do edif\u00edcio estava em chamas. Steingue indicou que os bombeiros de outros quatro munic\u00edpios foram chamados para atender a emerg\u00eancia.<\/p>\n<p>No entanto, a r\u00e1dio canadense assinalou que no final foi necess\u00e1ria a ajuda de sete municipalidades \u2013 aproximadamente 50 bombeiros \u2013 para apagar o inc\u00eandio, que foi controlado ap\u00f3s as 7h. N\u00e3o se informou sobre nenhum ferido.<\/p>\n<p>\u201cToda a sacristia e o altar est\u00e3o completamente destru\u00eddos. O interior est\u00e1 quente, mas o pr\u00e9dio ainda est\u00e1 de p\u00e9\u201d, disse Steingue.<\/p>\n<p>Depois que a pol\u00edcia encontrou evid\u00eancias de que teria sido um inc\u00eandio provocado, um posto de comando foi instalado no estacionamento em frente \u00e0 igreja, que permanece desativada. Nesse mesmo dia, durante a tarde, um suspeito foi preso.<\/p>\n","protected":false},"excerpt":{"rendered":"<p>Um inc\u00eandio provocado danificou gravemente a estrutura de uma par\u00f3quia localizada na prov\u00edncia de Quebec, no Canad\u00e1, sendo este o terceiro incidente desde que o pr\u00e9dio foi constru\u00eddo em 1844. A R\u00e1dio Canad\u00e1 informou que o inc\u00eandio come\u00e7ou no in\u00edcio da manh\u00e3 de quinta-feira, 19 de setembro, na par\u00f3quia de Santa Filomena (paroisse de Sainte-Philom\u00e8ne, [&hellip;]<\/p>\n","protected":false},"author":1,"featured_media":54267,"comment_status":"open","ping_status":"closed","sticky":false,"template":"","format":"standard","meta":{"footnotes":""},"categories":[4],"tags":[],"class_list":["post-54266","post","type-post","status-publish","format-standard","has-post-thumbnail","hentry","category-cotidiano"],"_links":{"self":[{"href":"https:\/\/catolicanet.net\/wp-cnet\/wp-json\/wp\/v2\/posts\/54266","targetHints":{"allow":["GET"]}}],"collection":[{"href":"https:\/\/catolicanet.net\/wp-cnet\/wp-json\/wp\/v2\/posts"}],"about":[{"href":"https:\/\/catolicanet.net\/wp-cnet\/wp-json\/wp\/v2\/types\/post"}],"author":[{"embeddable":true,"href":"https:\/\/catolicanet.net\/wp-cnet\/wp-json\/wp\/v2\/users\/1"}],"replies":[{"embeddable":true,"href":"https:\/\/catolicanet.net\/wp-cnet\/wp-json\/wp\/v2\/comments?post=54266"}],"version-history":[{"count":1,"href":"https:\/\/catolicanet.net\/wp-cnet\/wp-json\/wp\/v2\/posts\/54266\/revisions"}],"predecessor-version":[{"id":54268,"href":"https:\/\/catolicanet.net\/wp-cnet\/wp-json\/wp\/v2\/posts\/54266\/revisions\/54268"}],"wp:featuredmedia":[{"embeddable":true,"href":"https:\/\/catolicanet.net\/wp-cnet\/wp-json\/wp\/v2\/media\/54267"}],"wp:attachment":[{"href":"https:\/\/catolicanet.net\/wp-cnet\/wp-json\/wp\/v2\/media?parent=54266"}],"wp:term":[{"taxonomy":"category","embeddable":true,"href":"https:\/\/catolicanet.net\/wp-cnet\/wp-json\/wp\/v2\/categories?post=54266"},{"taxonomy":"post_tag","embeddable":true,"href":"https:\/\/catolicanet.net\/wp-cnet\/wp-json\/wp\/v2\/tags?post=54266"}],"curies":[{"name":"wp","href":"https:\/\/api.w.org\/{rel}","templated":true}]}}