{"id":54260,"date":"2019-09-26T15:00:27","date_gmt":"2019-09-26T18:00:27","guid":{"rendered":"http:\/\/catolicanet.net\/wp-cnet\/?p=54260"},"modified":"2019-09-26T15:00:27","modified_gmt":"2019-09-26T18:00:27","slug":"encontro-estimula-reflexao-sobre-caminhos-e-tarefas-para-a-pastoral-liturgica","status":"publish","type":"post","link":"https:\/\/catolicanet.net\/wp-cnet\/encontro-estimula-reflexao-sobre-caminhos-e-tarefas-para-a-pastoral-liturgica\/","title":{"rendered":"Encontro estimula reflex\u00e3o sobre caminhos e tarefas para a pastoral lit\u00fargica"},"content":{"rendered":"<p>Cerca de 60 coordenadores arqui\/diocesanos e assessores das Comiss\u00f5es Lit\u00fargicas do regional Leste 2 da Confer\u00eancia Nacional dos Bispos do Brasil (CNBB) participaram de encontro entre os dias 23 e 26 de setembro, em Belo Horizonte (MG). Na ocasi\u00e3o, abordaram o tema \u201cLiturgia e Piedade Popular \u2013 caminhos e tarefas para a pastoral lit\u00fargica a partir da Sacrossantum Concilium\u201d.<\/p>\n<p>Assessorou o encontro o padre salesiano Francisco In\u00e1cio Vieira Junior, mestre em Liturgia pelo Pontif\u00edcio Ateneu Santo Anselmo. De acordo com o arcebispo de Pouso Alegre (MG), dom Jos\u00e9 Luiz Majella Delgado, referencial da Comiss\u00e3o para a Liturgia, o encontro contribuir\u00e1 para o amadurecimento lit\u00fargico, \u201cal\u00e9m do fortalecimento da caminhada de padres, di\u00e1conos, seminaristas, leigos e religiosos, pois o encontro provoca diversas reflex\u00f5es\u201d.<\/p>\n","protected":false},"excerpt":{"rendered":"<p>Cerca de 60 coordenadores arqui\/diocesanos e assessores das Comiss\u00f5es Lit\u00fargicas do regional Leste 2 da Confer\u00eancia Nacional dos Bispos do Brasil (CNBB) participaram de encontro entre os dias 23 e 26 de setembro, em Belo Horizonte (MG). Na ocasi\u00e3o, abordaram o tema \u201cLiturgia e Piedade Popular \u2013 caminhos e tarefas para a pastoral lit\u00fargica a [&hellip;]<\/p>\n","protected":false},"author":1,"featured_media":54261,"comment_status":"open","ping_status":"closed","sticky":false,"template":"","format":"standard","meta":{"footnotes":""},"categories":[7],"tags":[],"class_list":["post-54260","post","type-post","status-publish","format-standard","has-post-thumbnail","hentry","category-cnbb"],"_links":{"self":[{"href":"https:\/\/catolicanet.net\/wp-cnet\/wp-json\/wp\/v2\/posts\/54260","targetHints":{"allow":["GET"]}}],"collection":[{"href":"https:\/\/catolicanet.net\/wp-cnet\/wp-json\/wp\/v2\/posts"}],"about":[{"href":"https:\/\/catolicanet.net\/wp-cnet\/wp-json\/wp\/v2\/types\/post"}],"author":[{"embeddable":true,"href":"https:\/\/catolicanet.net\/wp-cnet\/wp-json\/wp\/v2\/users\/1"}],"replies":[{"embeddable":true,"href":"https:\/\/catolicanet.net\/wp-cnet\/wp-json\/wp\/v2\/comments?post=54260"}],"version-history":[{"count":1,"href":"https:\/\/catolicanet.net\/wp-cnet\/wp-json\/wp\/v2\/posts\/54260\/revisions"}],"predecessor-version":[{"id":54262,"href":"https:\/\/catolicanet.net\/wp-cnet\/wp-json\/wp\/v2\/posts\/54260\/revisions\/54262"}],"wp:featuredmedia":[{"embeddable":true,"href":"https:\/\/catolicanet.net\/wp-cnet\/wp-json\/wp\/v2\/media\/54261"}],"wp:attachment":[{"href":"https:\/\/catolicanet.net\/wp-cnet\/wp-json\/wp\/v2\/media?parent=54260"}],"wp:term":[{"taxonomy":"category","embeddable":true,"href":"https:\/\/catolicanet.net\/wp-cnet\/wp-json\/wp\/v2\/categories?post=54260"},{"taxonomy":"post_tag","embeddable":true,"href":"https:\/\/catolicanet.net\/wp-cnet\/wp-json\/wp\/v2\/tags?post=54260"}],"curies":[{"name":"wp","href":"https:\/\/api.w.org\/{rel}","templated":true}]}}