{"id":54240,"date":"2019-09-26T11:08:58","date_gmt":"2019-09-26T14:08:58","guid":{"rendered":"http:\/\/catolicanet.net\/wp-cnet\/?p=54240"},"modified":"2019-09-26T11:08:58","modified_gmt":"2019-09-26T14:08:58","slug":"12o-seminario-com-os-bispos-referenciais-das-cebs-e-do-laicato-acontece-em-brasilia-df","status":"publish","type":"post","link":"https:\/\/catolicanet.net\/wp-cnet\/12o-seminario-com-os-bispos-referenciais-das-cebs-e-do-laicato-acontece-em-brasilia-df\/","title":{"rendered":"12\u00ba Semin\u00e1rio com os Bispos referenciais das CEB\u00b4s e do Laicato acontece em Bras\u00edlia-DF"},"content":{"rendered":"<p>Um grupo, composto por 44 representantes de diversas express\u00f5es laicais da Igreja no Brasil e dos regionais da Confer\u00eancia Nacional dos Bispos do Brasil (CNBB) e 13 bispos, participa de 24 a 26 de setembro do 12\u00ba Semin\u00e1rio com os Bispos referenciais das Comunidades Eclesiais de Base (Ceb\u00b4s) e do Laicato no Centro Cultural Mission\u00e1rio (CCM) em Bras\u00edlia-DF.<\/p>\n<div id=\"attachment_226126\" class=\"wp-caption alignright\"><a href=\"https:\/\/www.cnbb.org.br\/12o-seminario-com-os-bispos-referenciais-das-cebs-do-laicato-acontece-em-brasilia-df\/domgiovane-2\/\"><img loading=\"lazy\" decoding=\"async\" class=\"wp-image-226126 size-medium\" src=\"https:\/\/www.cnbb.org.br\/wp-content\/uploads\/sites\/32\/2019\/09\/domGiovane-300x169.jpg\" srcset=\"https:\/\/www.cnbb.org.br\/wp-content\/uploads\/sites\/32\/2019\/09\/domGiovane-300x169.jpg 300w, https:\/\/www.cnbb.org.br\/wp-content\/uploads\/sites\/32\/2019\/09\/domGiovane-768x432.jpg 768w, https:\/\/www.cnbb.org.br\/wp-content\/uploads\/sites\/32\/2019\/09\/domGiovane.jpg 1024w\" alt=\"\" width=\"300\" height=\"169\" aria-describedby=\"caption-attachment-226126\" \/><\/a><\/p>\n<p id=\"caption-attachment-226126\" class=\"wp-caption-text\">Dom Giovane Melo, presidente da Comiss\u00e3o para o Laicato da CNBB. Fotos: Assessoria de Comunica\u00e7\u00e3o da CNBB\/Daniel Flores<\/p>\n<\/div>\n<p>O objetivo do encontro, segundo o bispo de Tocantin\u00f3polis (TO), dom Giovane Pereira de Melo, presidente da Comiss\u00e3o Episcopal Pastoral para o Laicato da CNBB, \u00e9 planejar a caminhada e a\u00e7\u00f5es da Comiss\u00e3o Episcopal para o Laicato e de suas express\u00f5es laicais para o pr\u00f3ximo quadri\u00eanio.<\/p>\n<p>Dom Giovanni refor\u00e7ou que o planejamento ser\u00e1 feito tendo como refer\u00eancias as Diretrizes Gerais da A\u00e7\u00e3o Evangelizadora da Igreja no Brasil (2019-2023), a avalia\u00e7\u00e3o do Ano Nacional do Laicato, os encaminhamentos do 14\u00ba Intereclesial de Ceb\u00b4s, do S\u00ednodo para a Pan-Amaz\u00f4nia e do Documento n\u00ba 105 da CNBB.<\/p>\n<p>\u201c<em>O nosso horizonte \u00e9 esta realidade da voca\u00e7\u00e3o e miss\u00e3o dos crist\u00e3os leigos e leigas, as diferentes formas e os jeitos que cada um busca viver e testemunhar o seu batismo, tendo sempre como refer\u00eancia a comunh\u00e3o e a articula\u00e7\u00e3o com os organismos e a comiss\u00e3o da CNBB<\/em>\u201d, disse.<\/p>\n<p>A presidente do Conselho Nacional do Laicato no Brasil (CNLB), S\u00f4nia Gomes de Oliveira, refor\u00e7a o car\u00e1ter integrador do semin\u00e1rio. \u201cEste \u00e9 o grande desafio: entender as express\u00f5es, os carismas, a caminhada de cada um pensando num trabalho e miss\u00e3o conjunta a partir dos diferentes minist\u00e9rios e voca\u00e7\u00f5es\u201d, apontou.<\/p>\n<p><strong><a href=\"https:\/\/www.cnbb.org.br\/12o-seminario-com-os-bispos-referenciais-das-cebs-do-laicato-acontece-em-brasilia-df\/cebsdgae\/\"><img loading=\"lazy\" decoding=\"async\" class=\"size-medium wp-image-226127 alignleft\" src=\"https:\/\/www.cnbb.org.br\/wp-content\/uploads\/sites\/32\/2019\/09\/CebsDGAE-300x169.jpg\" srcset=\"https:\/\/www.cnbb.org.br\/wp-content\/uploads\/sites\/32\/2019\/09\/CebsDGAE-300x169.jpg 300w, https:\/\/www.cnbb.org.br\/wp-content\/uploads\/sites\/32\/2019\/09\/CebsDGAE-768x432.jpg 768w, https:\/\/www.cnbb.org.br\/wp-content\/uploads\/sites\/32\/2019\/09\/CebsDGAE.jpg 1024w\" alt=\"\" width=\"300\" height=\"169\" \/><\/a>Comunidades mission\u00e1rias \u2013\u00a0<\/strong>O bispo de Floresta (PE), dom Gabriele Marchesi, assumiu recentemente o desafio de ser o bispo referencial indicado pela CNBB para acompanhar as Ceb\u00b4s. Segundo ele, as Ceb\u00b4s se identificam plenamente com o novo caminho proposto pelas diretrizes das comunidades eclesiais mission\u00e1rias. \u201cEu penso que as Cebs podem fortalecer sua identidade e mostrar que s\u00e3o uma for\u00e7a dentro da Igreja afim de que essa possa crescer e assumir de um jeito ainda melhor sua miss\u00e3o\u201d, disse.<\/p>\n<p>Neste caminho da integra\u00e7\u00e3o das diferentes express\u00f5es laicais, o bispo de Uruguaiana (RS), dom Jos\u00e9 M\u00e1rio Scalon Angonese vai acompanhar movimentos, servi\u00e7os eclesiais e associa\u00e7\u00f5es laicais nascidas de carismas de ordens e congrega\u00e7\u00f5es religiosas. \u201cNosso objetivo maior \u00e9 unir estas diferentes express\u00f5es numa eclesialidade e diocesanidade. Se caminharmos desligados, todos n\u00f3s perdemos for\u00e7as\u201d, disse.<\/p>\n<div id=\"attachment_226128\" class=\"wp-caption alignright\"><a href=\"https:\/\/www.cnbb.org.br\/12o-seminario-com-os-bispos-referenciais-das-cebs-do-laicato-acontece-em-brasilia-df\/bisposcebs\/\"><img loading=\"lazy\" decoding=\"async\" class=\"wp-image-226128 size-medium\" src=\"https:\/\/www.cnbb.org.br\/wp-content\/uploads\/sites\/32\/2019\/09\/BisposCebs-300x169.jpg\" srcset=\"https:\/\/www.cnbb.org.br\/wp-content\/uploads\/sites\/32\/2019\/09\/BisposCebs-300x169.jpg 300w, https:\/\/www.cnbb.org.br\/wp-content\/uploads\/sites\/32\/2019\/09\/BisposCebs-768x432.jpg 768w, https:\/\/www.cnbb.org.br\/wp-content\/uploads\/sites\/32\/2019\/09\/BisposCebs.jpg 1024w\" alt=\"\" width=\"300\" height=\"169\" aria-describedby=\"caption-attachment-226128\" \/><\/a><\/p>\n<p id=\"caption-attachment-226128\" class=\"wp-caption-text\">Bispos referenciais de Ceb\u00b4s e do Laicato.<\/p>\n<\/div>\n<p>A Marise Braga, de Cotia (SP), representante do movimento dos Folcolares comunga do refor\u00e7o \u00e0 unidade. \u201cPrecisamos criar esta mentalidade para trabalharmos mais juntos pela Igreja. A colegialidade que o papa tem falado tanto \u00e9 muito importante\u201d, disse.<\/p>\n<p>O representante da Comunidade Face de Cristo, de Fortaleza (CE), Alu\u00edzio Nobrega aponta que j\u00e1 houve avan\u00e7os na integra\u00e7\u00e3o da caminhada das novas comunidades. \u201cEsse \u00e9 o s\u00e9timo encontro do qual participo. No in\u00edcio tudo era mais dif\u00edcil porque era novo. Acolher as v\u00e1rias express\u00f5es de maneira de evangelizar \u00e9 uma maneira que temos de chegar a todos. Uns v\u00e3o se identificar mais com as Cebs, outros mais com o intimismo e outros com a maneira de louvar a Deus. \u00c9 um desafio em primeiro lugar n\u00f3s nos aceitarmos nas diferentes formas de sermos na unidade pelo Reino de Deus\u201d, disse.<\/p>\n","protected":false},"excerpt":{"rendered":"<p>Um grupo, composto por 44 representantes de diversas express\u00f5es laicais da Igreja no Brasil e dos regionais da Confer\u00eancia Nacional dos Bispos do Brasil (CNBB) e 13 bispos, participa de 24 a 26 de setembro do 12\u00ba Semin\u00e1rio com os Bispos referenciais das Comunidades Eclesiais de Base (Ceb\u00b4s) e do Laicato no Centro Cultural Mission\u00e1rio [&hellip;]<\/p>\n","protected":false},"author":1,"featured_media":54241,"comment_status":"open","ping_status":"closed","sticky":false,"template":"","format":"standard","meta":{"footnotes":""},"categories":[7],"tags":[],"class_list":["post-54240","post","type-post","status-publish","format-standard","has-post-thumbnail","hentry","category-cnbb"],"_links":{"self":[{"href":"https:\/\/catolicanet.net\/wp-cnet\/wp-json\/wp\/v2\/posts\/54240","targetHints":{"allow":["GET"]}}],"collection":[{"href":"https:\/\/catolicanet.net\/wp-cnet\/wp-json\/wp\/v2\/posts"}],"about":[{"href":"https:\/\/catolicanet.net\/wp-cnet\/wp-json\/wp\/v2\/types\/post"}],"author":[{"embeddable":true,"href":"https:\/\/catolicanet.net\/wp-cnet\/wp-json\/wp\/v2\/users\/1"}],"replies":[{"embeddable":true,"href":"https:\/\/catolicanet.net\/wp-cnet\/wp-json\/wp\/v2\/comments?post=54240"}],"version-history":[{"count":1,"href":"https:\/\/catolicanet.net\/wp-cnet\/wp-json\/wp\/v2\/posts\/54240\/revisions"}],"predecessor-version":[{"id":54242,"href":"https:\/\/catolicanet.net\/wp-cnet\/wp-json\/wp\/v2\/posts\/54240\/revisions\/54242"}],"wp:featuredmedia":[{"embeddable":true,"href":"https:\/\/catolicanet.net\/wp-cnet\/wp-json\/wp\/v2\/media\/54241"}],"wp:attachment":[{"href":"https:\/\/catolicanet.net\/wp-cnet\/wp-json\/wp\/v2\/media?parent=54240"}],"wp:term":[{"taxonomy":"category","embeddable":true,"href":"https:\/\/catolicanet.net\/wp-cnet\/wp-json\/wp\/v2\/categories?post=54240"},{"taxonomy":"post_tag","embeddable":true,"href":"https:\/\/catolicanet.net\/wp-cnet\/wp-json\/wp\/v2\/tags?post=54240"}],"curies":[{"name":"wp","href":"https:\/\/api.w.org\/{rel}","templated":true}]}}