{"id":5424,"date":"2014-12-05T17:32:28","date_gmt":"2014-12-05T19:32:28","guid":{"rendered":"http:\/\/catolicanet.net\/wp-cnet\/os-valores-humanos-e-os-valores-divinos\/"},"modified":"2017-04-07T09:42:44","modified_gmt":"2017-04-07T12:42:44","slug":"os-valores-humanos-e-os-valores-divinos","status":"publish","type":"post","link":"https:\/\/catolicanet.net\/wp-cnet\/os-valores-humanos-e-os-valores-divinos\/","title":{"rendered":"Os valores humanos e os valores Divinos"},"content":{"rendered":"<p style=\"text-align: justify;\">Deus se manifestou aos homens na maravilhosa obra da cria\u00e7\u00e3o (Rm 1,19-20). Portanto, bastaria aos ser racional contemplar a natureza para atinar com o Criador de todo. Entretanto, isto nem sempre aconteceu. Atrav\u00e9s dos tempos o desconhecimento Deus e, at\u00e9, sua nega\u00e7\u00e3o com as v\u00e1rias formas de ate\u00edsmo mostram que a intelig\u00eancia humana, por causas diversas, n\u00e3o atinge sempre a Sabedoria eterna do Ser Supremo. Deus, por\u00e9m, pela revela\u00e7\u00e3o disp\u00f4s de meios para salvar aqueles que aceitam seus caminhos.\u00a0 Estes s\u00e3o diferentes dos caminhos humanos. H\u00e1, inclusive, uma diferen\u00e7a radical no julgamento dos valores entre os que s\u00e3o do mundo e os que s\u00e3o do Esp\u00edrito Divino. Aquele que cr\u00ea passa a possuir crit\u00e9rios contrastantes com o modo ver meramente terreno. A sabedoria divina atrav\u00e9s da f\u00e9 mostrou que a salva\u00e7\u00e3o reside unicamente em Cristo, o que leva ao conhecimento de Deus. Todas as formas de reden\u00e7\u00e3o propostas pela raz\u00e3o nunca satisfizeram os anseios humanos e levam inclusive a erros clamorosos. Todas as vezes que h\u00e1 uma procura da felicidade fora de Cristo a decep\u00e7\u00e3o ser\u00e1 inevit\u00e1vel. A doutrina do Mestre divino \u00e9 a b\u00fassola a guiar rumo \u00e0 aut\u00eantica ventura. \u00c9 que o Redentor veio a este mundo para fazer dos homens, verdadeiramente, filhos de Deus, seres novos em condi\u00e7\u00f5es de se tornarem aptos para estarem um dia na Casa do Pai. Este foi o des\u00edgnio soteriol\u00f3gico de Deus. \u00c9 preciso ent\u00e3o uma vis\u00e3o espiritual, pois a segunda vinda de Cristo para o ju\u00edzo final mostrar\u00e1 definitivamente a superioridades dos valores divinos. Com Cristo o homem se reconcilia com Deus e com a ressurei\u00e7\u00e3o final ocorrer\u00e1 a plenitude da salva\u00e7\u00e3o. Isto sup\u00f5e o rompimento com tudo aquilo que vai frontalmente contra os preceitos do Senhor. Estes mandamentos s\u00e3o desprezados e h\u00e1 a exalta\u00e7\u00e3o de prazeres ef\u00eameros.\u00a0 Para muitos h\u00e1 desta forma uma fixa\u00e7\u00e3o na mat\u00e9ria em oposi\u00e7\u00e3o ao esp\u00edrito.\u00a0 Ora, justamente Cristo veio para libertar o homem da servid\u00e3o do pecado e da morte para transformar cada um no homem espiritualizado. D\u00e1-se, em consequ\u00eancia, uma ruptura entre a mentalidade do mundo e maneira de ser dos creem na vida eterna.\u00a0 \u00c9 s\u00f3 percorrer as oito bem-aventuran\u00e7as e se percebe logo o abismo que h\u00e1 entre o esp\u00edrito de Jesus e o esp\u00edrito do mundo. (Mt 5,2-22). Jesus exalta os desapagados dos bens terrenos os quais o mundo exalta. Haja visto, por exemplo,\u00a0 o ac\u00famulo assombroso\u00a0 de dinheiro haurido na corrup\u00e7\u00e3o e a gan\u00e2ncia em se possuir quantias fabulosas para um luxo desnecess\u00e1rio . Os magnatas ignoram que se deve ater aos bens eternos e n\u00e3o aos que passam. Cristo pregou a mansid\u00e3o que confronta com as guerras e as crimes mais b\u00e1rbaros contra a vida humana. O Filho de Deus afirma que s\u00e3o felizes os que choram arrependidos de seus pecados, enquanto as mensagens mundanas exaltam as mais baixas a\u00e7\u00f5es cometidas sem o m\u00ednimo\u00a0 temor de Deus e sem remorso algum.\u00a0 Reina no mundo as injusti\u00e7as, mas os que s\u00e3o de Jesus abominam toda esp\u00e9cie de desvio moral. O reino de amor de Cristo se op\u00f5e \u00e0 repulsa dos deserdados da fortuna. Cristo chamou os pac\u00edficos de Filhos de Deus, mas o panorama da Hist\u00f3ria apresenta da parte dos filhos das trevas lutas fratricida por toda parte. No tr\u00e2nsito matam, atropelam e, agitados, irradiam a infelicidade.\u00a0 Ante o espet\u00e1culo degradante da m\u00eddia atrav\u00e9s de filmes, novelas pornogr\u00e1ficos, perante uma internet polu\u00edda com sites imorais uma aclama\u00e7\u00e3o: \u201cBem-aventurados os puros, porque ver\u00e3o a Deus!\u201d Cristo diz que s\u00e3o felizes os que s\u00e3o injuriados, perseguidos, por serem dele e s\u00e3o exatamente os mundanos os protagonistas destas inj\u00farias, persegui\u00e7\u00f5es e difama\u00e7\u00f5es. Estes se julgam felizes com atitudes t\u00e3o desumanas, mas o reino dos c\u00e9us ser\u00e1 possu\u00eddo por aqueles que o mundo despreza e massacra.\u00a0 A\u00a0 \u00e9tica do Evangelho \u00e9 inteiramente diversa da moral mundana. O poder do Esp\u00edrito, por\u00e9m, arrasta multid\u00f5es que fogem\u00a0 das sedu\u00e7\u00f5es\u00a0\u00a0 ilus\u00f3rias de uma falsa ventura que n\u00e3o satisfaz os mais recrescentes anelos do ser racional.\u00a0\u00a0\u00a0\u00a0 <\/p>\n<p>*Professor no Semin\u00e1rio de Mariana durante 40 anos. <\/p>\n","protected":false},"excerpt":{"rendered":"<p>Deus se manifestou aos homens na maravilhosa obra da cria\u00e7\u00e3o (Rm 1,19-20). Portanto, bastaria aos ser racional contemplar a natureza para atinar com o Criador de todo. Entretanto, isto nem sempre aconteceu. Atrav\u00e9s dos tempos o desconhecimento Deus e, at\u00e9, sua nega\u00e7\u00e3o com as v\u00e1rias formas de ate\u00edsmo mostram que a intelig\u00eancia humana, por causas [&hellip;]<\/p>\n","protected":false},"author":7,"featured_media":0,"comment_status":"closed","ping_status":"closed","sticky":false,"template":"","format":"standard","meta":{"footnotes":""},"categories":[9],"tags":[],"class_list":["post-5424","post","type-post","status-publish","format-standard","hentry","category-artigos"],"_links":{"self":[{"href":"https:\/\/catolicanet.net\/wp-cnet\/wp-json\/wp\/v2\/posts\/5424","targetHints":{"allow":["GET"]}}],"collection":[{"href":"https:\/\/catolicanet.net\/wp-cnet\/wp-json\/wp\/v2\/posts"}],"about":[{"href":"https:\/\/catolicanet.net\/wp-cnet\/wp-json\/wp\/v2\/types\/post"}],"author":[{"embeddable":true,"href":"https:\/\/catolicanet.net\/wp-cnet\/wp-json\/wp\/v2\/users\/7"}],"replies":[{"embeddable":true,"href":"https:\/\/catolicanet.net\/wp-cnet\/wp-json\/wp\/v2\/comments?post=5424"}],"version-history":[{"count":1,"href":"https:\/\/catolicanet.net\/wp-cnet\/wp-json\/wp\/v2\/posts\/5424\/revisions"}],"predecessor-version":[{"id":10274,"href":"https:\/\/catolicanet.net\/wp-cnet\/wp-json\/wp\/v2\/posts\/5424\/revisions\/10274"}],"wp:attachment":[{"href":"https:\/\/catolicanet.net\/wp-cnet\/wp-json\/wp\/v2\/media?parent=5424"}],"wp:term":[{"taxonomy":"category","embeddable":true,"href":"https:\/\/catolicanet.net\/wp-cnet\/wp-json\/wp\/v2\/categories?post=5424"},{"taxonomy":"post_tag","embeddable":true,"href":"https:\/\/catolicanet.net\/wp-cnet\/wp-json\/wp\/v2\/tags?post=5424"}],"curies":[{"name":"wp","href":"https:\/\/api.w.org\/{rel}","templated":true}]}}