{"id":54237,"date":"2019-09-26T10:31:25","date_gmt":"2019-09-26T13:31:25","guid":{"rendered":"http:\/\/catolicanet.net\/wp-cnet\/?p=54237"},"modified":"2019-09-26T10:31:25","modified_gmt":"2019-09-26T13:31:25","slug":"medico-processado-por-nao-praticar-um-aborto-se-defende-meu-dever-e-salvar-vidas","status":"publish","type":"post","link":"https:\/\/catolicanet.net\/wp-cnet\/medico-processado-por-nao-praticar-um-aborto-se-defende-meu-dever-e-salvar-vidas\/","title":{"rendered":"M\u00e9dico processado por n\u00e3o praticar um aborto se defende: meu dever \u00e9 salvar vidas"},"content":{"rendered":"<p>&#8220;Senhor juiz, eu sou um m\u00e9dico. E meu trabalho consiste em curar, \u00e0s vezes; aliviar, frequentemente; acompanhar, sempre. Mas nunca matar&#8221;, disse o m\u00e9dico argentino Leandro Rodr\u00edguez Lastra, em 24 de setembro, durante audi\u00eancia do julgamento contra ele.<\/p>\n<p>Em 21 de maio, o Tribunal de R\u00edo Negro considerou o m\u00e9dico ginecologista culpado de &#8220;ter descumprido seus deveres de funcion\u00e1rio p\u00fablico&#8221;, pois evitou um <a href=\"https:\/\/www.acidigital.com\/vida\/aborto\/index.html\">aborto<\/a> em 2017, salvando assim a <a href=\"https:\/\/www.acidigital.com\/vida\/index.html\">vida<\/a> do beb\u00ea de 23 semanas e de sua jovem m\u00e3e de 19 anos.<\/p>\n<p>A jovem chegou com fortes dores ao Hospital Pedro Moguillansky, na cidade de Cipolleti, ap\u00f3s ingerir misoprostol administrado pela organiza\u00e7\u00e3o feminista La Revuelta, que promove o aborto na Argentina.<\/p>\n<p>Nos dias 23 e 24 de setembro, foi realizada a audi\u00eancia do caso na qual cada uma das partes argumentou sua postura para que o juiz determine, na pr\u00f3xima semana, a senten\u00e7a a ser cumprida pelo m\u00e9dico Rodr\u00edguez Lastra. Uma vez emitida a senten\u00e7a, as partes poder\u00e3o recorrer.<\/p>\n<p>A parte acusadora solicitou um ano e oito meses de pris\u00e3o e o dobro de tempo de impedimento do exerc\u00edcio da medicina por &#8220;ter interrompido um aborto legal em andamento&#8221;.<\/p>\n<p>O promotor Santiago M\u00e1rquez Gauna acusou o m\u00e9dico de colocar sua vontade &#8220;acima da vontade da paciente&#8221; e de violar a lei. &#8220;N\u00e3o lhe pediu o seu consentimento para fazer tudo o que fez&#8221; e impediu um aborto j\u00e1 iniciado, disse.<\/p>\n<p>Al\u00e9m disso, acusou-o de deixar na mulher uma cicatriz da cesariana praticada que &#8220;vai lhe recordar durante toda a vida do calv\u00e1rio que teve que passar&#8221;.<\/p>\n<p>Em resposta, Dr. Leandro Rodr\u00edguez Lastra expressou sua indigna\u00e7\u00e3o &#8220;diante de uma situa\u00e7\u00e3o na qual tenho muita certeza de que n\u00e3o violei nenhum direito&#8221;.<\/p>\n<p>\u201cN\u00e3o houve nenhum profissional m\u00e9dico que questionasse a minha conduta m\u00e9dica. Mas o doutor (referindo-se ao promotor do caso) o fez. Respeito seus conhecimento de leis e do direito, mas voc\u00ea n\u00e3o tem nenhum respaldo acad\u00eamico para questionar minha atua\u00e7\u00e3o m\u00e9dica\u201d, assegurou.<\/p>\n<p>&#8220;\u00c9 t\u00e3o dif\u00edcil perceber que, diante de uma paciente que chega em uma ambul\u00e2ncia, que est\u00e1 no soro, que tem uma medica\u00e7\u00e3o que coloca sua vida em perigo, o m\u00e9dico deve priorizar sua sa\u00fade, isso \u00e9 t\u00e3o dif\u00edcil?&#8221;<\/p>\n<p>&#8220;Fala-se de me capacitar em conhecimento informado&#8221;, &#8220;sou criticado pelo dano que a paciente recebeu sendo que n\u00e3o chegou a esta situa\u00e7\u00e3o por minhas a\u00e7\u00f5es, mas pela interven\u00e7\u00e3o de todo um sistema de sa\u00fade e ficou provado que at\u00e9 o Minist\u00e9rio de Sa\u00fade havia agido (para a realiza\u00e7\u00e3o deste aborto)\u201d.<\/p>\n<p>&#8220;Senhor juiz, eu sou um m\u00e9dico. E meu trabalho consiste em curar, \u00e0s vezes; aliviar, frequentemente; acompanhar, sempre. Mas nunca matar&#8221;, concluiu o m\u00e9dico.<\/p>\n<p>Ap\u00f3s a audi\u00eancia, em di\u00e1logo com <a href=\"https:\/\/www.acidigital.com\">ACI<\/a> Prensa, ag\u00eancia em espanhol do Grupo ACI, Dr. Rodr\u00edguez Lastra insistiu na import\u00e2ncia de &#8220;seguir adiante com essas convic\u00e7\u00f5es&#8221; e &#8220;seguir adiante com a nossa mensagem: que o valor que est\u00e1 acima de tudo \u00e9 a vida humana\u201d.<\/p>\n","protected":false},"excerpt":{"rendered":"<p>&#8220;Senhor juiz, eu sou um m\u00e9dico. E meu trabalho consiste em curar, \u00e0s vezes; aliviar, frequentemente; acompanhar, sempre. Mas nunca matar&#8221;, disse o m\u00e9dico argentino Leandro Rodr\u00edguez Lastra, em 24 de setembro, durante audi\u00eancia do julgamento contra ele. Em 21 de maio, o Tribunal de R\u00edo Negro considerou o m\u00e9dico ginecologista culpado de &#8220;ter descumprido [&hellip;]<\/p>\n","protected":false},"author":1,"featured_media":54238,"comment_status":"open","ping_status":"closed","sticky":false,"template":"","format":"standard","meta":{"footnotes":""},"categories":[4],"tags":[],"class_list":["post-54237","post","type-post","status-publish","format-standard","has-post-thumbnail","hentry","category-cotidiano"],"_links":{"self":[{"href":"https:\/\/catolicanet.net\/wp-cnet\/wp-json\/wp\/v2\/posts\/54237","targetHints":{"allow":["GET"]}}],"collection":[{"href":"https:\/\/catolicanet.net\/wp-cnet\/wp-json\/wp\/v2\/posts"}],"about":[{"href":"https:\/\/catolicanet.net\/wp-cnet\/wp-json\/wp\/v2\/types\/post"}],"author":[{"embeddable":true,"href":"https:\/\/catolicanet.net\/wp-cnet\/wp-json\/wp\/v2\/users\/1"}],"replies":[{"embeddable":true,"href":"https:\/\/catolicanet.net\/wp-cnet\/wp-json\/wp\/v2\/comments?post=54237"}],"version-history":[{"count":1,"href":"https:\/\/catolicanet.net\/wp-cnet\/wp-json\/wp\/v2\/posts\/54237\/revisions"}],"predecessor-version":[{"id":54239,"href":"https:\/\/catolicanet.net\/wp-cnet\/wp-json\/wp\/v2\/posts\/54237\/revisions\/54239"}],"wp:featuredmedia":[{"embeddable":true,"href":"https:\/\/catolicanet.net\/wp-cnet\/wp-json\/wp\/v2\/media\/54238"}],"wp:attachment":[{"href":"https:\/\/catolicanet.net\/wp-cnet\/wp-json\/wp\/v2\/media?parent=54237"}],"wp:term":[{"taxonomy":"category","embeddable":true,"href":"https:\/\/catolicanet.net\/wp-cnet\/wp-json\/wp\/v2\/categories?post=54237"},{"taxonomy":"post_tag","embeddable":true,"href":"https:\/\/catolicanet.net\/wp-cnet\/wp-json\/wp\/v2\/tags?post=54237"}],"curies":[{"name":"wp","href":"https:\/\/api.w.org\/{rel}","templated":true}]}}