{"id":5423,"date":"2014-12-05T17:18:37","date_gmt":"2014-12-05T19:18:37","guid":{"rendered":"http:\/\/catolicanet.net\/wp-cnet\/cantor-goiano-e-o-primeiro-inscrito-no-trofeu-louvemos-o-senhor-2015\/"},"modified":"2017-04-07T09:41:44","modified_gmt":"2017-04-07T12:41:44","slug":"cantor-goiano-e-o-primeiro-inscrito-no-trofeu-louvemos-o-senhor-2015","status":"publish","type":"post","link":"https:\/\/catolicanet.net\/wp-cnet\/cantor-goiano-e-o-primeiro-inscrito-no-trofeu-louvemos-o-senhor-2015\/","title":{"rendered":"Cantor goiano \u00e9 o primeiro inscrito no Trof\u00e9u Louvemos o Senhor 2015"},"content":{"rendered":"<p style=\"text-align: justify;\"><img decoding=\"async\" src=\"http:\/\/catolicanet.com.br\/images\/stories\/geral\/paulo rogerio.jpg\" border=\"0\" align=\"left\" \/>Jovem mission\u00e1rio da Renova\u00e7\u00e3o Carism\u00e1tica Cat\u00f3lica pretende mostrar seu trabalho de evangeliza\u00e7\u00e3o a todo Brasil<\/p>\n<p>Da terra do sertanejo, Goiania &#8211; GO, Paulo Rog\u00e9rio inovou com o estilo Pop Cat\u00f3lico. Lan\u00e7ou o CD solo \u201cGota de Amor\u201d e j\u00e1 \u00e9 um dos mais tocados nas r\u00e1dios da cidade. Paulo foi o primeiro inscrito na 7\u00aa Edi\u00e7\u00e3o do Trof\u00e9u Louvemos o Senhor, e pretende apresentar para todo Brasil seu trabalho.<br \/>Jovem mission\u00e1rio da Renova\u00e7\u00e3o Carism\u00e1tica Cat\u00f3lica, iniciou sua miss\u00e3o na RCC da Par\u00f3quia Nossa Senhora Assun\u00e7\u00e3o, na Comunidade Nossa Senhora Aparecida, em Goi\u00e2nia. Cantor e compositor, Paulo tamb\u00e9m investiu na sua imagem, lan\u00e7ando um V\u00eddeo Clip que est\u00e1 concorrendo na nova categoria do Trof\u00e9u Louvemos o Senhor. O Clip \u00e9 da m\u00fasica de trabalho \u201cVou chamando Teu Nome\u201d, e est\u00e1 dispon\u00edvel no site do cantor: www.proficial.com.br. <br \/>\u201cA expectativa de participar do Trof\u00e9u Louvemos \u00e9 boa. Espero partir para um voo maior na evangeliza\u00e7\u00e3o\u201d, destaca o cantor.<br \/>As inscri\u00e7\u00f5es para a 7\u00aa Edi\u00e7\u00e3o do Trof\u00e9u Louvemos o Senhor, o maior Pr\u00eamio Nacional da M\u00fasica Cat\u00f3lica, ser\u00e3o realizadas de forma online, pelo site www.trofeulouvemos.com, at\u00e9 o dia 13 de fevereiro de 2015.<br \/>S\u00e3o 35 categorias para que o artista, gravadora, produtora ou cantor independente possa inscrever seu trabalho. Nesta 7\u00aa Edi\u00e7\u00e3o, quatro novas categorias comp\u00f5e o pr\u00eamio: Clipe do Ano; Diretor de Clipe; Diretor de DVD; \u00c1lbum Infantil.<\/p>\n<p>Assessoria de Imprensa<br \/>Fabiano Fachini \u2013 MTB: 57.446<br \/>E-mail: imprensa@trofeulouvemos.com<br \/>Tel: (19) 3849.9295<\/p>\n","protected":false},"excerpt":{"rendered":"<p>Jovem mission\u00e1rio da Renova\u00e7\u00e3o Carism\u00e1tica Cat\u00f3lica pretende mostrar seu trabalho de evangeliza\u00e7\u00e3o a todo Brasil Da terra do sertanejo, Goiania &#8211; GO, Paulo Rog\u00e9rio inovou com o estilo Pop Cat\u00f3lico. Lan\u00e7ou o CD solo \u201cGota de Amor\u201d e j\u00e1 \u00e9 um dos mais tocados nas r\u00e1dios da cidade. Paulo foi o primeiro inscrito na 7\u00aa [&hellip;]<\/p>\n","protected":false},"author":1,"featured_media":0,"comment_status":"closed","ping_status":"closed","sticky":false,"template":"","format":"standard","meta":{"footnotes":""},"categories":[4],"tags":[],"class_list":["post-5423","post","type-post","status-publish","format-standard","hentry","category-cotidiano"],"_links":{"self":[{"href":"https:\/\/catolicanet.net\/wp-cnet\/wp-json\/wp\/v2\/posts\/5423","targetHints":{"allow":["GET"]}}],"collection":[{"href":"https:\/\/catolicanet.net\/wp-cnet\/wp-json\/wp\/v2\/posts"}],"about":[{"href":"https:\/\/catolicanet.net\/wp-cnet\/wp-json\/wp\/v2\/types\/post"}],"author":[{"embeddable":true,"href":"https:\/\/catolicanet.net\/wp-cnet\/wp-json\/wp\/v2\/users\/1"}],"replies":[{"embeddable":true,"href":"https:\/\/catolicanet.net\/wp-cnet\/wp-json\/wp\/v2\/comments?post=5423"}],"version-history":[{"count":1,"href":"https:\/\/catolicanet.net\/wp-cnet\/wp-json\/wp\/v2\/posts\/5423\/revisions"}],"predecessor-version":[{"id":10273,"href":"https:\/\/catolicanet.net\/wp-cnet\/wp-json\/wp\/v2\/posts\/5423\/revisions\/10273"}],"wp:attachment":[{"href":"https:\/\/catolicanet.net\/wp-cnet\/wp-json\/wp\/v2\/media?parent=5423"}],"wp:term":[{"taxonomy":"category","embeddable":true,"href":"https:\/\/catolicanet.net\/wp-cnet\/wp-json\/wp\/v2\/categories?post=5423"},{"taxonomy":"post_tag","embeddable":true,"href":"https:\/\/catolicanet.net\/wp-cnet\/wp-json\/wp\/v2\/tags?post=5423"}],"curies":[{"name":"wp","href":"https:\/\/api.w.org\/{rel}","templated":true}]}}