{"id":54222,"date":"2019-09-26T09:26:13","date_gmt":"2019-09-26T12:26:13","guid":{"rendered":"http:\/\/catolicanet.net\/wp-cnet\/?p=54222"},"modified":"2019-09-26T09:26:13","modified_gmt":"2019-09-26T12:26:13","slug":"o-patriarca-bartolomeu-e-a-amazonia-fonte-de-vida","status":"publish","type":"post","link":"https:\/\/catolicanet.net\/wp-cnet\/o-patriarca-bartolomeu-e-a-amazonia-fonte-de-vida\/","title":{"rendered":"O Patriarca Bartolomeu e a Amaz\u00f4nia \u201cfonte de vida\u201d"},"content":{"rendered":"<div class=\"article__subTitle\">Em 2006 o Patriarca Ecum\u00eanico de Constantinopla Bartolomeu I realizou na Amaz\u00f4nia brasileira o 6\u00ba Simp\u00f3sio do projeto \u201cReligi\u00e3o, Ci\u00eancia e Ambiente\u201d. Por uma semana, ao longo do Rio Amazonas e do Rio Negro, 200 pessoas entre elas cientistas, ambientalistas, l\u00edderes religiosos e jornalistas se encontraram para falar do futuro da regi\u00e3o \u00e0 qual \u00e9 dedicada o pr\u00f3ximo S\u00ednodo dos Bispos<\/div>\n<div class=\"title__separator\"><\/div>\n<div class=\"article__text\">\n<p><b>Giada Aquilino \u2013 Cidade do Vaticano<\/b><\/p>\n<p>No cora\u00e7\u00e3o da Amaz\u00f4nia brasileira, treze anos tr\u00e1s, onde se encontram o Rio Amazonas e o Rio Negro, o Patriarca Ecum\u00eanico de Constantinopla lan\u00e7ava um grito de alarme: a urg\u00eancia de uma coopera\u00e7\u00e3o internacional para preservar toda a Amaz\u00f4nia, suas bacias hidrogr\u00e1ficas e as suas riquezas, que t\u00eam um papel central, desde sempre, na manuten\u00e7\u00e3o da estabilidade clim\u00e1tica, dos recursos h\u00eddricos e da biodiversidade.<\/p>\n<div>\n<div class=\"article__embed article__embed--unwrap article__embed--dark\">\n<div class=\"article__innerTitle\">Ou\u00e7a e compartilhe!<\/div>\n<!--[if lt IE 9]><script>document.createElement('audio');<\/script><![endif]-->\n<audio class=\"wp-audio-shortcode\" id=\"audio-54222-1\" preload=\"none\" style=\"width: 100%;\" controls=\"controls\"><source type=\"audio\/mpeg\" src=\"https:\/\/media.vaticannews.va\/media\/audio\/s1\/2019\/09\/26\/13\/135238727_F135238727.mp3?_=1\" \/><a href=\"https:\/\/media.vaticannews.va\/media\/audio\/s1\/2019\/09\/26\/13\/135238727_F135238727.mp3\">https:\/\/media.vaticannews.va\/media\/audio\/s1\/2019\/09\/26\/13\/135238727_F135238727.mp3<\/a><\/audio>\n<\/div>\n<\/div>\n<p>Era o ano de 2006 e cerca de 200 pessoas entre elas cientistas, ambientalistas, l\u00edderes religiosos e jornalistas, tamb\u00e9m da R\u00e1dio Vaticano, encontraram-se de 13 a 20 de julho para o 6\u00ba simp\u00f3sio do projeto \u201cReligi\u00e3o, Ci\u00eancia e Ambiente\u201d: uma iniciativa idealizada e promovida pelo pr\u00f3prio Patriarca e dedicada naquela edi\u00e7\u00e3o ao tema \u201cRio Amazonas, fonte de vida\u201d. Exatamente a Amaz\u00f4nia, \u201cfonte de vida\u201d caracteriza o\u00a0<i>Instrumentum Laboris<\/i> do pr\u00f3ximo S\u00ednodo para a regi\u00e3o, de 6 a 27 de outubro no Vaticano, porque a vida naquelas terras \u201cidentifica-se\u201d com a \u00e1gua.<\/p>\n<h2><b>Os grupos \u00e9tnicos<\/b><\/h2>\n<p>A viagem e o simp\u00f3sio em conjunto foram desejados pelo Patriarca Bartolomeu e na ocasi\u00e3o fizeram a navega\u00e7\u00e3o de Santar\u00e9m a Manaus. O objetivo era de analisar desde o impacto regional e global das atividades humanas na bacia do Rio Amazonas, \u00e0 desfloresta\u00e7\u00e3o, \u00e0s planta\u00e7\u00f5es de soja, at\u00e9 as implica\u00e7\u00f5es para os cerca de 400 grupos \u00e9tnicos presentes e profundamente ligados ao territ\u00f3rio.<\/p>\n<h2><b>Testemunhos comuns<\/b><\/h2>\n<p>Na \u00e9poca, o <b>Papa Bento XVI <\/b>enviou como seu representante o cardeal Roger Etchegaray, falecido recentemente, e os convidados foram recebidos pelo cardeal Geraldo Majella Agnelo, na \u00e9poca presidente da Confer\u00eancia dos Bispos do Brasil. Na sua mensagem ao Patriarca, Bento XVI evidenciou o compromisso comum dos cat\u00f3licos e ortodoxos para a salvaguarda da cria\u00e7\u00e3o e que o simp\u00f3sio era um \u201cexemplo da colabora\u00e7\u00e3o\u201d que ambos \u201cdevem buscar com const\u00e2ncia para responder ao apelo de um testemunho comum\u201d. Na audi\u00eancia geral daqueles dias, Bento XVI dirigiu seu pensamento aos participantes do simp\u00f3sio, auspiciando que contribu\u00edsse a \u201cpromover cada vez mais respeito pela natureza, confiada por Deus \u2013 recordou \u2013 \u00e0s m\u00e3os trabalhadoras e respons\u00e1veis do homem\u201d.<\/p>\n<h2><b>As m\u00e3os do homem<\/b><\/h2>\n<p>Conceitos reiterados na Enc\u00edclica <i>Laudato si\u2019 <\/i>do Papa Francisco e recentemente refor\u00e7ados por Bartolomeu, que falou da cria\u00e7\u00e3o como \u201cdom de Deus a toda a humanidade\u201d. Mesmo assim, notou Francisco na sua Mensagem para o Dia Mundial de Ora\u00e7\u00e3o pelo Cuidado da Cria\u00e7\u00e3o de 1\u00ba de setembro, \u201ccolocados em perigo\u201d, o ambiente que \u00e9 coisa boa aos olhos de Deus torna-se algo a \u201cser explorado nas m\u00e3os do homem\u201d. As consequ\u00eancias na Amaz\u00f4nia, na \u00e9poca e hoje s\u00e3o altera\u00e7\u00f5es ambientais, perda de territ\u00f3rios, doen\u00e7as de exterminam popula\u00e7\u00f5es aut\u00f3ctones, defendidas com grande risco de vida por ambientalistas e mission\u00e1rios que morreram por este motivo: Como por exemplo a religiosa americana Dorothy Stang: que em 2005 foi morta por defender os ribeirinhos.<\/p>\n<p>Mas o rastro de sangue n\u00e3o se det\u00e9m no Brasil, segue na Col\u00f4mbia, Guatemala, M\u00e9xico, Peru. N\u00e3o \u00e9 um caso que no\u00a0<i>Instrumentum laboris<\/i> do S\u00ednodo \u00e9 sublinhado que as comunidades locais consideram que a vida na Amaz\u00f4nia esteja em perigo \u2013 al\u00e9m dos interesses econ\u00f4micos, criminalidade, polui\u00e7\u00e3o, inc\u00eandios \u2013 principalmente pelo assassinato de l\u00edderes e defensores do territ\u00f3rio\u201d.<\/p>\n<p>A Igreja, diz o documento, \u201cn\u00e3o pode ficar indiferente\u201d, ao contr\u00e1rio deve \u201capoiar a prote\u00e7\u00e3o dos defensores dos direitos humanos e recordar os seus m\u00e1rtires\u201d. Um compromisso que para todos os crist\u00e3os deriva justamente do testemunho que Francisco define \u201cecumenismo de sangue&#8221;.<\/p>\n<\/div>\n","protected":false},"excerpt":{"rendered":"<p>Em 2006 o Patriarca Ecum\u00eanico de Constantinopla Bartolomeu I realizou na Amaz\u00f4nia brasileira o 6\u00ba Simp\u00f3sio do projeto \u201cReligi\u00e3o, Ci\u00eancia e Ambiente\u201d. Por uma semana, ao longo do Rio Amazonas e do Rio Negro, 200 pessoas entre elas cientistas, ambientalistas, l\u00edderes religiosos e jornalistas se encontraram para falar do futuro da regi\u00e3o \u00e0 qual \u00e9 [&hellip;]<\/p>\n","protected":false},"author":1,"featured_media":54223,"comment_status":"open","ping_status":"closed","sticky":false,"template":"","format":"standard","meta":{"footnotes":""},"categories":[3],"tags":[],"class_list":["post-54222","post","type-post","status-publish","format-standard","has-post-thumbnail","hentry","category-vaticano"],"_links":{"self":[{"href":"https:\/\/catolicanet.net\/wp-cnet\/wp-json\/wp\/v2\/posts\/54222","targetHints":{"allow":["GET"]}}],"collection":[{"href":"https:\/\/catolicanet.net\/wp-cnet\/wp-json\/wp\/v2\/posts"}],"about":[{"href":"https:\/\/catolicanet.net\/wp-cnet\/wp-json\/wp\/v2\/types\/post"}],"author":[{"embeddable":true,"href":"https:\/\/catolicanet.net\/wp-cnet\/wp-json\/wp\/v2\/users\/1"}],"replies":[{"embeddable":true,"href":"https:\/\/catolicanet.net\/wp-cnet\/wp-json\/wp\/v2\/comments?post=54222"}],"version-history":[{"count":1,"href":"https:\/\/catolicanet.net\/wp-cnet\/wp-json\/wp\/v2\/posts\/54222\/revisions"}],"predecessor-version":[{"id":54224,"href":"https:\/\/catolicanet.net\/wp-cnet\/wp-json\/wp\/v2\/posts\/54222\/revisions\/54224"}],"wp:featuredmedia":[{"embeddable":true,"href":"https:\/\/catolicanet.net\/wp-cnet\/wp-json\/wp\/v2\/media\/54223"}],"wp:attachment":[{"href":"https:\/\/catolicanet.net\/wp-cnet\/wp-json\/wp\/v2\/media?parent=54222"}],"wp:term":[{"taxonomy":"category","embeddable":true,"href":"https:\/\/catolicanet.net\/wp-cnet\/wp-json\/wp\/v2\/categories?post=54222"},{"taxonomy":"post_tag","embeddable":true,"href":"https:\/\/catolicanet.net\/wp-cnet\/wp-json\/wp\/v2\/tags?post=54222"}],"curies":[{"name":"wp","href":"https:\/\/api.w.org\/{rel}","templated":true}]}}