{"id":54203,"date":"2019-09-25T15:47:50","date_gmt":"2019-09-25T18:47:50","guid":{"rendered":"http:\/\/catolicanet.net\/wp-cnet\/?p=54203"},"modified":"2019-09-25T15:47:50","modified_gmt":"2019-09-25T18:47:50","slug":"catolicos-tailandeses-aguardam-de-coracao-aberto-visita-do-papa","status":"publish","type":"post","link":"https:\/\/catolicanet.net\/wp-cnet\/catolicos-tailandeses-aguardam-de-coracao-aberto-visita-do-papa\/","title":{"rendered":"Cat\u00f3licos tailandeses aguardam de &#8220;cora\u00e7\u00e3o aberto&#8221; visita do Papa"},"content":{"rendered":"<div class=\"article__subTitle\">Eles s\u00e3o pouco mais de 388 mil, em uma popula\u00e7\u00e3o de 69 milh\u00f5es de habitantes, a maioria budista, mas est\u00e3o ansiosos pela visita que o Papa Francisco far\u00e1 \u00e0 Tail\u00e2ndia em novembro. S\u00e3o Jo\u00e3o Paulo II j\u00e1 visitou o pa\u00eds em 1984.<\/div>\n<div class=\"title__separator\"><\/div>\n<div class=\"article__text\">\n<p><b>Cidade do Vaticano<\/b><\/p>\n<p>Os cat\u00f3licos da Tail\u00e2ndia aguardam com expectativa a visita do Papa Francisco ao pa\u00eds. O Pont\u00edfice far\u00e1 uma visita de tr\u00eas dias \u00e0 Tail\u00e2ndia, de 20 a 23 de novembro, como parte da Viagem Apost\u00f3lica j\u00e1 anunciada, que inclui tamb\u00e9m o Jap\u00e3o, de 23 a 26 de novembro.<\/p>\n<p>&#8220;\u00c0 convite do governo real e dos bispos cat\u00f3licos da Tail\u00e2ndia, o Papa Francisco realizar\u00e1 a Visita Apost\u00f3lica ao Reino da Tail\u00e2ndia de 20 a 23 de novembro de 2019. O programa da visita ser\u00e1 anunciado posteriormente&#8221;, disse em uma declara\u00e7\u00e3o o cardeal Francis-Xavier Kriengsak Kovithavanij, presidente da Confer\u00eancia Episcopal da Tail\u00e2ndia.<\/p>\n<h2>Missa com os jovens<\/h2>\n<p>Segundo antecipado pelos bispos tailandeses, o Papa celebrar\u00e1 duas Missas p\u00fablicas, uma especialmente com os jovens. O Pont\u00edfice tamb\u00e9m visitar\u00e1 algumas comunidades cat\u00f3licas na Tail\u00e2ndia.<\/p>\n<p>Dom Wissanu Thanya-anan, vice-secret\u00e1rio geral da Confer\u00eancia Episcopal, disse que as Missas poder\u00e3o ser celebradas em est\u00e1dios, pois \u00e9 esperada uma grande participa\u00e7\u00e3o, mesmo de n\u00e3o-cat\u00f3licos.<\/p>\n<p>O Papa Francisco tamb\u00e9m poder\u00e1 ter um encontro com o Patriarca Supremo da Tail\u00e2ndia e com o novo rei da na\u00e7\u00e3o, Sua Majestade Maha Vajiralongkorn, acrescentou o prelado.<\/p>\n<h2>Peregrino da paz<\/h2>\n<p>&#8220;O Papa Francisco ter\u00e1 a alegria de visitar a Tail\u00e2ndia como um peregrino da paz e para promover o di\u00e1logo inter-religioso&#8221;, disse por sua vez o arcebispo Paul Tschang In-Nam, N\u00fancio Apost\u00f3lico na Tail\u00e2ndia.<\/p>\n<p>A visita coincidir\u00e1 com dois anivers\u00e1rios: o primeiro \u00e9 o 350\u00ba anivers\u00e1rio da funda\u00e7\u00e3o da &#8220;Mission of Siam&#8221; pelo Papa Clemente IX, em 1669, para estabilizar o trabalho mission\u00e1rio no pa\u00eds. Naquela ocasi\u00e3o, a f\u00e9 cat\u00f3lica ficou definitivamente enraizada na Tail\u00e2ndia.<\/p>\n<p>Ademais,\u00a0 tamb\u00e9m celebra-se o 50\u00ba anivers\u00e1rio do estabelecimento de rela\u00e7\u00f5es diplom\u00e1ticas entre o Reino da Tail\u00e2ndia e a Santa S\u00e9, mais precisamente em 1969.<\/p>\n<p>Por fim, recorda-se ainda o 35\u00ba anivers\u00e1rio da \u00faltima visita de um Papa \u00e0 Tail\u00e2ndia:\u00a0 S\u00e3o Jo\u00e3o Paulo II, em 1984.<\/p>\n<h2>A Igreja na Tail\u00e2ndia<\/h2>\n<p>A f\u00e9 cat\u00f3lica foi introduzida pela primeira vez em Si\u00e3o (antigo nome da Tail\u00e2ndia) pelos mission\u00e1rios dominicanos em 1567, durante o per\u00edodo em que Ayutthaya ainda era a capital. Uma miss\u00e3o foi institu\u00edda oficialmente durante o Pontificado do Papa Clemente IX, em 4 de junho de 1669. A partir de ent\u00e3o, os mission\u00e1rios passaram a trabalhar tamb\u00e9m para o desenvolvimento da popula\u00e7\u00e3o, participando de muitas obras sociais.<\/p>\n<p>&#8220;O povo tailand\u00eas \u00e9 agradecido ao Santo Padre por esta iminente visita: o esperamos com ansiedade como portador de uma mensagem de paz&#8221;,\u00a0 afirmou \u00e0 Ag\u00eancia Fides a l\u00edder leiga Catherine Fides.<\/p>\n<p>Outro cat\u00f3lico, Christopher Angsakul, disse que &#8220;\u00e9 uma grande oportunidade para todos n\u00f3s receber o Santo Padre. Os jovens est\u00e3o entusiasmados com a sua chegada, vamos receb\u00ea-lo com o cora\u00e7\u00e3o aberto, pronto para interagir com ele&#8221;.<\/p>\n<p>Segundo dados fornecidos \u00e0 Ag\u00eancia Fides pelo Escrit\u00f3rio de Comunica\u00e7\u00e3o Social da Confer\u00eancia Episcopal, a minoria cat\u00f3lica representa 0,58% da popula\u00e7\u00e3o tailandesa de 69 milh\u00f5es de habitantes, a maioria budistas. \u00a0S\u00e3o 388.468 fi\u00e9is, distribu\u00eddos em 524 igrejas, 436 par\u00f3quias e atendidos por 662 sacerdotes.<\/p>\n<p>(Com Ag\u00eancia Fides)<\/p>\n<\/div>\n","protected":false},"excerpt":{"rendered":"<p>Eles s\u00e3o pouco mais de 388 mil, em uma popula\u00e7\u00e3o de 69 milh\u00f5es de habitantes, a maioria budista, mas est\u00e3o ansiosos pela visita que o Papa Francisco far\u00e1 \u00e0 Tail\u00e2ndia em novembro. S\u00e3o Jo\u00e3o Paulo II j\u00e1 visitou o pa\u00eds em 1984. Cidade do Vaticano Os cat\u00f3licos da Tail\u00e2ndia aguardam com expectativa a visita do [&hellip;]<\/p>\n","protected":false},"author":1,"featured_media":54204,"comment_status":"open","ping_status":"closed","sticky":false,"template":"","format":"standard","meta":{"footnotes":""},"categories":[3],"tags":[],"class_list":["post-54203","post","type-post","status-publish","format-standard","has-post-thumbnail","hentry","category-vaticano"],"_links":{"self":[{"href":"https:\/\/catolicanet.net\/wp-cnet\/wp-json\/wp\/v2\/posts\/54203","targetHints":{"allow":["GET"]}}],"collection":[{"href":"https:\/\/catolicanet.net\/wp-cnet\/wp-json\/wp\/v2\/posts"}],"about":[{"href":"https:\/\/catolicanet.net\/wp-cnet\/wp-json\/wp\/v2\/types\/post"}],"author":[{"embeddable":true,"href":"https:\/\/catolicanet.net\/wp-cnet\/wp-json\/wp\/v2\/users\/1"}],"replies":[{"embeddable":true,"href":"https:\/\/catolicanet.net\/wp-cnet\/wp-json\/wp\/v2\/comments?post=54203"}],"version-history":[{"count":1,"href":"https:\/\/catolicanet.net\/wp-cnet\/wp-json\/wp\/v2\/posts\/54203\/revisions"}],"predecessor-version":[{"id":54205,"href":"https:\/\/catolicanet.net\/wp-cnet\/wp-json\/wp\/v2\/posts\/54203\/revisions\/54205"}],"wp:featuredmedia":[{"embeddable":true,"href":"https:\/\/catolicanet.net\/wp-cnet\/wp-json\/wp\/v2\/media\/54204"}],"wp:attachment":[{"href":"https:\/\/catolicanet.net\/wp-cnet\/wp-json\/wp\/v2\/media?parent=54203"}],"wp:term":[{"taxonomy":"category","embeddable":true,"href":"https:\/\/catolicanet.net\/wp-cnet\/wp-json\/wp\/v2\/categories?post=54203"},{"taxonomy":"post_tag","embeddable":true,"href":"https:\/\/catolicanet.net\/wp-cnet\/wp-json\/wp\/v2\/tags?post=54203"}],"curies":[{"name":"wp","href":"https:\/\/api.w.org\/{rel}","templated":true}]}}