{"id":54139,"date":"2019-09-24T13:23:11","date_gmt":"2019-09-24T16:23:11","guid":{"rendered":"http:\/\/catolicanet.net\/wp-cnet\/?p=54139"},"modified":"2019-09-24T13:23:11","modified_gmt":"2019-09-24T16:23:11","slug":"sao-tome-e-principe-manter-estrategia-cooperacao-com-portugal","status":"publish","type":"post","link":"https:\/\/catolicanet.net\/wp-cnet\/sao-tome-e-principe-manter-estrategia-cooperacao-com-portugal\/","title":{"rendered":"S\u00e3o Tom\u00e9 e Pr\u00edncipe: Manter estrat\u00e9gia coopera\u00e7\u00e3o com Portugal"},"content":{"rendered":"<h1 class=\"article__title\"><\/h1>\n<div class=\"article__subTitle\">Novo Embaixador de S\u00e3o Tom\u00e9 e Pr\u00edncipe em Portugal e junto da CPLP apresenta cartas credenciais em Lisboa.<\/div>\n<div class=\"title__separator\"><\/div>\n<div class=\"article__text\">\n<p><b>Domingos Pinto \u2013 Lisboa<\/b><\/p>\n<p>\u201cUma casa nobre pela reputa\u00e7\u00e3o que tem e pela import\u00e2ncia que tem no contexto das Na\u00e7\u00f5es, e nobre tamb\u00e9m por congregar pa\u00edses que falam e t\u00eam a l\u00edngua portuguesa como a l\u00edngua de comunica\u00e7\u00e3o\u201d.<\/p>\n<div>\n<div class=\"article__embed article__embed--unwrap article__embed--dark\">\n<div class=\"article__innerTitle\">Ou\u00e7a e compartilhe!<\/div>\n<!--[if lt IE 9]><script>document.createElement('audio');<\/script><![endif]-->\n<audio class=\"wp-audio-shortcode\" id=\"audio-54139-1\" preload=\"none\" style=\"width: 100%;\" controls=\"controls\"><source type=\"audio\/mpeg\" src=\"https:\/\/media.vaticannews.va\/media\/audio\/s1\/2019\/09\/24\/11\/135235189_F135235189.mp3?_=1\" \/><a href=\"https:\/\/media.vaticannews.va\/media\/audio\/s1\/2019\/09\/24\/11\/135235189_F135235189.mp3\">https:\/\/media.vaticannews.va\/media\/audio\/s1\/2019\/09\/24\/11\/135235189_F135235189.mp3<\/a><\/audio>\n<\/div>\n<\/div>\n<p>Palavras do novo chefe da diplomacia santomense em Portugal e junto da CPLP, Ant\u00f4nio Quintas do Esp\u00edrito Santo, na confer\u00eancia de imprensa que se seguiu \u00e0 apresenta\u00e7\u00e3o das respectivas cartas credenciais junto da organiza\u00e7\u00e3o lus\u00f3fona.<\/p>\n<p>Uma cerim\u00f4nia no passado dia 20 de setembro na sede da Comunidade de Pa\u00edses de L\u00edngua Portuguesa (CPLP) em Lisboa, oportunidade para destacar \u201ca lideran\u00e7a\u201d do atual secret\u00e1rio executivo que \u201ctem feito tudo para manter a organiza\u00e7\u00e3o viva e ativa\u201d.<\/p>\n<p>Ant\u00f4nio Quintas do Esp\u00edrito Santo, que foi recebido pelo Secret\u00e1rio Executivo da CPLP, mostrou-se esperan\u00e7ado que possa haver uma evolu\u00e7\u00e3o positiva na quest\u00e3o dos vistos que deve ser vista \u201cno quadro multilateral, mas tamb\u00e9m bilateral\u201d.<\/p>\n<p>Neste contexto, o embaixador acreditado em Portugal e junto da CPLP, desvalorizou a recente pol\u00eamica relacionada com um jovem s\u00e3o-tomense que recorreu \u00e0 viol\u00eancia vandalizando o consulado portugu\u00eas na capital de S\u00e3o Tom\u00e9 e Pr\u00edncipe pela demora na resposta de vistos para tratamento em Portugal.<\/p>\n<p>O diplomata santomense real\u00e7ou por outro lado v\u00e1rias a\u00e7\u00f5es que t\u00eam marcado a coopera\u00e7\u00e3o com Portugal \u201cno \u00e2mbito da sa\u00fade, da educa\u00e7\u00e3o, da justi\u00e7a, e tamb\u00e9m no \u00e2mbito da economia\u201d, entre outros aspectos, nomeadamente \u201cno quadro cultural\u201d, em que tamb\u00e9m\u201d houve avan\u00e7os\u201d.<\/p>\n<p>\u201cMuita coisa boa foi feita,\u201d sublinhou o diplomata santomense que fala das rela\u00e7\u00f5es com Portugal como \u201crela\u00e7\u00f5es muito profundas\u201d que \u201cultrapassam a barreira das rela\u00e7\u00f5es meramente institucionais\u201d e \u201cchegam at\u00e1 ao ponto familiar\u201d.<\/p>\n<p>Ant\u00f4nio Quintas do Esp\u00edrito Santo fez tamb\u00e9m no passado dia 17 de setembro a entrega das Cartas Credenciais ao Presidente da Rep\u00fablica, Marcelo Rebelo de Sousa, que o acreditou como novo Embaixador de S\u00e3o Tom\u00e9 e Pr\u00edncipe na capital portuguesa, em substitui\u00e7\u00e3o de Lu\u00eds Guilherme d\u2019 Oliveira Viegas.<\/p>\n<\/div>\n","protected":false},"excerpt":{"rendered":"<p>Novo Embaixador de S\u00e3o Tom\u00e9 e Pr\u00edncipe em Portugal e junto da CPLP apresenta cartas credenciais em Lisboa. Domingos Pinto \u2013 Lisboa \u201cUma casa nobre pela reputa\u00e7\u00e3o que tem e pela import\u00e2ncia que tem no contexto das Na\u00e7\u00f5es, e nobre tamb\u00e9m por congregar pa\u00edses que falam e t\u00eam a l\u00edngua portuguesa como a l\u00edngua de [&hellip;]<\/p>\n","protected":false},"author":1,"featured_media":54140,"comment_status":"open","ping_status":"closed","sticky":false,"template":"","format":"standard","meta":{"footnotes":""},"categories":[3],"tags":[],"class_list":["post-54139","post","type-post","status-publish","format-standard","has-post-thumbnail","hentry","category-vaticano"],"_links":{"self":[{"href":"https:\/\/catolicanet.net\/wp-cnet\/wp-json\/wp\/v2\/posts\/54139","targetHints":{"allow":["GET"]}}],"collection":[{"href":"https:\/\/catolicanet.net\/wp-cnet\/wp-json\/wp\/v2\/posts"}],"about":[{"href":"https:\/\/catolicanet.net\/wp-cnet\/wp-json\/wp\/v2\/types\/post"}],"author":[{"embeddable":true,"href":"https:\/\/catolicanet.net\/wp-cnet\/wp-json\/wp\/v2\/users\/1"}],"replies":[{"embeddable":true,"href":"https:\/\/catolicanet.net\/wp-cnet\/wp-json\/wp\/v2\/comments?post=54139"}],"version-history":[{"count":1,"href":"https:\/\/catolicanet.net\/wp-cnet\/wp-json\/wp\/v2\/posts\/54139\/revisions"}],"predecessor-version":[{"id":54141,"href":"https:\/\/catolicanet.net\/wp-cnet\/wp-json\/wp\/v2\/posts\/54139\/revisions\/54141"}],"wp:featuredmedia":[{"embeddable":true,"href":"https:\/\/catolicanet.net\/wp-cnet\/wp-json\/wp\/v2\/media\/54140"}],"wp:attachment":[{"href":"https:\/\/catolicanet.net\/wp-cnet\/wp-json\/wp\/v2\/media?parent=54139"}],"wp:term":[{"taxonomy":"category","embeddable":true,"href":"https:\/\/catolicanet.net\/wp-cnet\/wp-json\/wp\/v2\/categories?post=54139"},{"taxonomy":"post_tag","embeddable":true,"href":"https:\/\/catolicanet.net\/wp-cnet\/wp-json\/wp\/v2\/tags?post=54139"}],"curies":[{"name":"wp","href":"https:\/\/api.w.org\/{rel}","templated":true}]}}