{"id":54136,"date":"2019-09-24T13:15:22","date_gmt":"2019-09-24T16:15:22","guid":{"rendered":"http:\/\/catolicanet.net\/wp-cnet\/?p=54136"},"modified":"2019-09-24T13:15:22","modified_gmt":"2019-09-24T16:15:22","slug":"papa-faz-visita-surpresa-a-comunidade-que-cura-feridas-da-alma-de-pessoas-com-dificuldades","status":"publish","type":"post","link":"https:\/\/catolicanet.net\/wp-cnet\/papa-faz-visita-surpresa-a-comunidade-que-cura-feridas-da-alma-de-pessoas-com-dificuldades\/","title":{"rendered":"Papa faz visita surpresa \u00e0 comunidade que cura \u201cferidas da alma\u201d de pessoas com dificuldades"},"content":{"rendered":"<p>O Papa Francisco, junto com Andrea Bocelli, fez uma visita surpresa, na manh\u00e3 desta ter\u00e7a-feira, \u00e0 Cidadela do C\u00e9u da Comunidade \u201cNovos Horizontes\u201d, que atende pessoas com dificuldades por meio de centros de escuta e apoio para a reinser\u00e7\u00e3o no trabalho.<\/p>\n<p>A comunidade \u201cNovos Horizontes\u201d est\u00e1 localizada na cidade italiana de Frosinone, a cerca de cem quil\u00f4metros do Vaticano, e foi fundada em 1993 por Chiara Amirante. Segundo o Vatican News, &#8220;destaca-se pela hospitalidade e apoio \u00e0s pessoas com dificuldades por meio de centros de escuta e apoio \u00e0 vida, casas de fam\u00edlia, locais e laborat\u00f3rios de agrega\u00e7\u00e3o e reinser\u00e7\u00e3o no trabalho&#8221;.<\/p>\n<div class=\"ad_inline\">\n<div id=\"div-gpt-ad-1472661422739-0\" data-google-query-id=\"CK6f6Jrs6eQCFV9mwQodH30ANg\">\n<div id=\"google_ads_iframe_\/4493921\/ACI_D_Article_1_0__container__\"><\/div>\n<\/div>\n<\/div>\n<p>&#8220;\u00c9 precisamente nestes locais que, h\u00e1 muitos anos, s\u00e3o tratadas as feridas da alma daqueles que em algum momento da vida acabaram entrando no t\u00fanel das drogas, da depend\u00eancia, do jogo, da prostitui\u00e7\u00e3o, e como consequ\u00eancia, no t\u00fanel do descarte, da marginaliza\u00e7\u00e3o social e da rejei\u00e7\u00e3o pela pr\u00f3pria fam\u00edlia\u201d, afirmou Vatican News.<\/p>\n<p>O Vaticano lembrou que a proximidade de Francisco a Novos Horizontes \u00e9 forte e s\u00f3lida, como expressou em seu chamado, em 8 de junho, por ocasi\u00e3o do 25\u00ba anivers\u00e1rio da Comunidade.<\/p>\n","protected":false},"excerpt":{"rendered":"<p>O Papa Francisco, junto com Andrea Bocelli, fez uma visita surpresa, na manh\u00e3 desta ter\u00e7a-feira, \u00e0 Cidadela do C\u00e9u da Comunidade \u201cNovos Horizontes\u201d, que atende pessoas com dificuldades por meio de centros de escuta e apoio para a reinser\u00e7\u00e3o no trabalho. A comunidade \u201cNovos Horizontes\u201d est\u00e1 localizada na cidade italiana de Frosinone, a cerca de [&hellip;]<\/p>\n","protected":false},"author":1,"featured_media":54137,"comment_status":"open","ping_status":"closed","sticky":false,"template":"","format":"standard","meta":{"footnotes":""},"categories":[13],"tags":[],"class_list":["post-54136","post","type-post","status-publish","format-standard","has-post-thumbnail","hentry","category-featured"],"_links":{"self":[{"href":"https:\/\/catolicanet.net\/wp-cnet\/wp-json\/wp\/v2\/posts\/54136","targetHints":{"allow":["GET"]}}],"collection":[{"href":"https:\/\/catolicanet.net\/wp-cnet\/wp-json\/wp\/v2\/posts"}],"about":[{"href":"https:\/\/catolicanet.net\/wp-cnet\/wp-json\/wp\/v2\/types\/post"}],"author":[{"embeddable":true,"href":"https:\/\/catolicanet.net\/wp-cnet\/wp-json\/wp\/v2\/users\/1"}],"replies":[{"embeddable":true,"href":"https:\/\/catolicanet.net\/wp-cnet\/wp-json\/wp\/v2\/comments?post=54136"}],"version-history":[{"count":1,"href":"https:\/\/catolicanet.net\/wp-cnet\/wp-json\/wp\/v2\/posts\/54136\/revisions"}],"predecessor-version":[{"id":54138,"href":"https:\/\/catolicanet.net\/wp-cnet\/wp-json\/wp\/v2\/posts\/54136\/revisions\/54138"}],"wp:featuredmedia":[{"embeddable":true,"href":"https:\/\/catolicanet.net\/wp-cnet\/wp-json\/wp\/v2\/media\/54137"}],"wp:attachment":[{"href":"https:\/\/catolicanet.net\/wp-cnet\/wp-json\/wp\/v2\/media?parent=54136"}],"wp:term":[{"taxonomy":"category","embeddable":true,"href":"https:\/\/catolicanet.net\/wp-cnet\/wp-json\/wp\/v2\/categories?post=54136"},{"taxonomy":"post_tag","embeddable":true,"href":"https:\/\/catolicanet.net\/wp-cnet\/wp-json\/wp\/v2\/tags?post=54136"}],"curies":[{"name":"wp","href":"https:\/\/api.w.org\/{rel}","templated":true}]}}