{"id":54133,"date":"2019-09-24T13:08:39","date_gmt":"2019-09-24T16:08:39","guid":{"rendered":"http:\/\/catolicanet.net\/wp-cnet\/?p=54133"},"modified":"2019-09-24T13:08:39","modified_gmt":"2019-09-24T16:08:39","slug":"igrejas-cristas-na-siria-foram-alvos-deliberados-de-ataques-durante-guerra","status":"publish","type":"post","link":"https:\/\/catolicanet.net\/wp-cnet\/igrejas-cristas-na-siria-foram-alvos-deliberados-de-ataques-durante-guerra\/","title":{"rendered":"Igrejas crist\u00e3s na S\u00edria foram \u201calvos deliberados\u201d de ataques durante guerra"},"content":{"rendered":"<p>Durante a guerra na S\u00edria, Igrejas e lugares de culto crist\u00e3os foram alvos de \u201cataques deliberados\u201d, sendo destru\u00eddos ou danificados, tanto por parte das for\u00e7as governamentais quanto por grupos terroristas.<\/p>\n<p>Os dados s\u00e3o de um relat\u00f3rio da Rede S\u00edria dos Direitos Humanos, divulgados na \u00faltima semana, segundo a qual, ao menos \u201c124 lugares de culto\u201d crist\u00e3os foram atacados propositalmente.<\/p>\n<p>A organiza\u00e7\u00e3o assinala que tanto as for\u00e7as governamentais como os diversos grupos terroristas que se t\u00eam digladiado nesta guerra que j\u00e1 se arrasta h\u00e1 mais de oito anos t\u00eam responsabilidades diretas nesta situa\u00e7\u00e3o.<\/p>\n<p>Como exemplo desses ataques, a institui\u00e7\u00e3o recorda a destrui\u00e7\u00e3o do antigo mosteiro de Mar Elian, em Al-Qaryatain, na prov\u00edncia de Homs.<\/p>\n<p>Al\u00e9m disso, ocorre a utiliza\u00e7\u00e3o indevida de lugares de culto para fins militares. Segundo a Rede S\u00edria dos Direitos Humanos, pelo menos 11 templos foram transformados em quart\u00e9is ou unidades administrativas a servi\u00e7o das for\u00e7as em combate.<\/p>\n<p>Por sua vez, a Funda\u00e7\u00e3o Pontif\u00edcia Ajuda \u00e0 igreja que Sofre (ACN) aponta para um n\u00famero superior de lugares de culto destru\u00eddos ou vandalizados durante esses anos, pois, segundo informa\u00e7\u00f5es recolhidas para ACN, mais de duas centenas de igrejas e edif\u00edcios paroquiais foram danificados ou destru\u00eddos durante a guerra.<\/p>\n<p>Entretanto, assinala a Funda\u00e7\u00e3o Pontif\u00edcia, \u201cestes dados n\u00e3o podem ser apresentados sem se referir, tamb\u00e9m, os ataques que se verificaram contra as localidades predominantemente crist\u00e3s\u201d.<\/p>\n<p>Neste sentido, al\u00e9m das igrejas e edif\u00edcios paroquiais danificados, \u00e9 necess\u00e1rio referir que mais de 6 mil casas pertencentes a fam\u00edlias crist\u00e3s foram destru\u00eddas, como resultado do conflito armado.<\/p>\n<p>A guerra na S\u00edria provocou ainda uma crise humanit\u00e1ria de propor\u00e7\u00f5es gigantescas. Estima-se que mais de 400 mil pessoas tenham morrido, segundo dados da ONU. Al\u00e9m disso, mais de 5,5 milh\u00f5es de s\u00edrios fugiram do pa\u00eds e cerca de 6 milh\u00f5es se encontram deslocados internamente.<\/p>\n<p>Por outro lado, como alerta o mais recente Relat\u00f3rio sobre a Liberdade Religiosa no Mundo, publicado no final do ano passado pela Funda\u00e7\u00e3o ACN, h\u00e1 tamb\u00e9m um n\u00famero consider\u00e1vel de crist\u00e3os desaparecidos, com destaque, por exemplo, para o sacerdote jesu\u00edta italiano Pe. Paolo Dall\u2019Oglio, o Arcebispo ortodoxo s\u00edrio de Aleppo, Dom Gregorios Yohanna Ibrahim, o Arcebispo ortodoxo grego de Aleppo, Dom Paul Yazigi, o sacerdote cat\u00f3lico arm\u00eanio Pe. Michel Kayyal, e o sacerdote ortodoxo grego Pe. Maher Mahfouz.<\/p>\n","protected":false},"excerpt":{"rendered":"<p>Durante a guerra na S\u00edria, Igrejas e lugares de culto crist\u00e3os foram alvos de \u201cataques deliberados\u201d, sendo destru\u00eddos ou danificados, tanto por parte das for\u00e7as governamentais quanto por grupos terroristas. Os dados s\u00e3o de um relat\u00f3rio da Rede S\u00edria dos Direitos Humanos, divulgados na \u00faltima semana, segundo a qual, ao menos \u201c124 lugares de culto\u201d [&hellip;]<\/p>\n","protected":false},"author":1,"featured_media":54134,"comment_status":"open","ping_status":"closed","sticky":false,"template":"","format":"standard","meta":{"footnotes":""},"categories":[4],"tags":[],"class_list":["post-54133","post","type-post","status-publish","format-standard","has-post-thumbnail","hentry","category-cotidiano"],"_links":{"self":[{"href":"https:\/\/catolicanet.net\/wp-cnet\/wp-json\/wp\/v2\/posts\/54133","targetHints":{"allow":["GET"]}}],"collection":[{"href":"https:\/\/catolicanet.net\/wp-cnet\/wp-json\/wp\/v2\/posts"}],"about":[{"href":"https:\/\/catolicanet.net\/wp-cnet\/wp-json\/wp\/v2\/types\/post"}],"author":[{"embeddable":true,"href":"https:\/\/catolicanet.net\/wp-cnet\/wp-json\/wp\/v2\/users\/1"}],"replies":[{"embeddable":true,"href":"https:\/\/catolicanet.net\/wp-cnet\/wp-json\/wp\/v2\/comments?post=54133"}],"version-history":[{"count":1,"href":"https:\/\/catolicanet.net\/wp-cnet\/wp-json\/wp\/v2\/posts\/54133\/revisions"}],"predecessor-version":[{"id":54135,"href":"https:\/\/catolicanet.net\/wp-cnet\/wp-json\/wp\/v2\/posts\/54133\/revisions\/54135"}],"wp:featuredmedia":[{"embeddable":true,"href":"https:\/\/catolicanet.net\/wp-cnet\/wp-json\/wp\/v2\/media\/54134"}],"wp:attachment":[{"href":"https:\/\/catolicanet.net\/wp-cnet\/wp-json\/wp\/v2\/media?parent=54133"}],"wp:term":[{"taxonomy":"category","embeddable":true,"href":"https:\/\/catolicanet.net\/wp-cnet\/wp-json\/wp\/v2\/categories?post=54133"},{"taxonomy":"post_tag","embeddable":true,"href":"https:\/\/catolicanet.net\/wp-cnet\/wp-json\/wp\/v2\/tags?post=54133"}],"curies":[{"name":"wp","href":"https:\/\/api.w.org\/{rel}","templated":true}]}}