{"id":54129,"date":"2019-09-24T11:35:34","date_gmt":"2019-09-24T14:35:34","guid":{"rendered":"http:\/\/catolicanet.net\/wp-cnet\/?p=54129"},"modified":"2019-09-24T11:38:13","modified_gmt":"2019-09-24T14:38:13","slug":"caxias-no-maranhao-acolhe-a-13a-romaria-regional-da-terra-e-das-aguas-nos-dias-21-e-22","status":"publish","type":"post","link":"https:\/\/catolicanet.net\/wp-cnet\/caxias-no-maranhao-acolhe-a-13a-romaria-regional-da-terra-e-das-aguas-nos-dias-21-e-22\/","title":{"rendered":"Caxias, no Maranh\u00e3o, acolhe a 13\u00aa Romaria Regional da Terra e das \u00c1guas, nos dias 21 e 22"},"content":{"rendered":"<p>Aconteceu neste final de semana nos dias 21 e 22 na Diocese e cidade de Caxias, a 13\u00aa Romaria da Terra e das \u00c1guas do Maranh\u00e3o que refletiu a tem\u00e1tica \u201c\u00c1gua e terra, fontes de vida, dons de Deus e direitos de todos\u201d e lema \u201cSenhor, d\u00e1-me desta \u00e1gua!\u201d (Jo. 4,15).<\/p>\n<div id=\"attachment_226002\" class=\"wp-caption alignright\">\n<p><a href=\"http:\/\/www.cnbb.org.br\/caxias-acolhe-a-13a-romaria-regional-da-terra-e-das-aguas-do-maranhao\/dom-walmor-2\/\"><img loading=\"lazy\" decoding=\"async\" class=\"wp-image-226002 size-medium\" src=\"http:\/\/www.cnbb.org.br\/wp-content\/uploads\/sites\/32\/2019\/09\/Dom-Walmor-264x300.jpg\" srcset=\"http:\/\/www.cnbb.org.br\/wp-content\/uploads\/sites\/32\/2019\/09\/Dom-Walmor-264x300.jpg 264w, http:\/\/www.cnbb.org.br\/wp-content\/uploads\/sites\/32\/2019\/09\/Dom-Walmor-768x872.jpg 768w, http:\/\/www.cnbb.org.br\/wp-content\/uploads\/sites\/32\/2019\/09\/Dom-Walmor-901x1024.jpg 901w\" alt=\"\" width=\"264\" height=\"300\" aria-describedby=\"caption-attachment-226002\" \/><\/a><\/p>\n<p id=\"caption-attachment-226002\" class=\"wp-caption-text\">Dom Walmor Oliveira de Azevedo, arcebispo de Belo Horizonte (MG) e presidente da CNBB<\/p>\n<\/div>\n<p>Dom Walmor Oliveira de Azevedo, arcebispo de Belo Horizonte \u2013 MG e Presidente da CNBB \u2013 Confer\u00eancia Nacional do Bispos do Brasil, esteve pela primeira vez no Maranh\u00e3o, como presidente da CNBB participando deste momento de luta, f\u00e9 e resist\u00eancia da Igreja do Maranh\u00e3o, aonde na oportunidade o mesmo presidiu a missa de abertura oficial da 13\u00aa Romaria da Terra e das \u00c1guas do Maranh\u00e3o, e ressaltou que <em>\u201ca Romaria da Terra e das \u00c1guas \u00e9 uma chama de Esperan\u00e7a e um momento de fortalecimento da sociedade e da Igreja maranhense, porque o Povo toma consci\u00eancia da sua participa\u00e7\u00e3o, e que mesmo diante das dificuldades, \u00e9 muito importante manter a esperan\u00e7a viva, porque quem nos conduz \u00e9 Deus e na for\u00e7a Dele e quem nos conduz\u201d.<\/em><\/p>\n<p>A Romaria da Terra e das \u00c1guas \u00e9 uma das atividades religiosas mais importantes da Igreja do Maranh\u00e3o e acontece a cada 4 anos, com representantes das 12 dioceses que comp\u00f5em o Regional NE 5 da CNBB, organismos ligados \u00e0 Igreja Cat\u00f3lica do Maranh\u00e3o como o CIMI \u2013 Conselho Mission\u00e1rio Indigenista, a CPT \u2013 Comiss\u00e3o Pastoral da Terra, al\u00e9m das Comunidades Tradicionais, Movimentos Sociais, Populares e sindicais.<\/p>\n<div id=\"attachment_226003\" class=\"wp-caption alignleft\">\n<p><a href=\"http:\/\/www.cnbb.org.br\/caxias-acolhe-a-13a-romaria-regional-da-terra-e-das-aguas-do-maranhao\/dom-sebastiao\/\"><img loading=\"lazy\" decoding=\"async\" class=\"wp-image-226003 size-medium\" src=\"http:\/\/www.cnbb.org.br\/wp-content\/uploads\/sites\/32\/2019\/09\/Dom-Sebasti\u00e3o-222x300.jpg\" srcset=\"http:\/\/www.cnbb.org.br\/wp-content\/uploads\/sites\/32\/2019\/09\/Dom-Sebasti\u00e3o-222x300.jpg 222w, http:\/\/www.cnbb.org.br\/wp-content\/uploads\/sites\/32\/2019\/09\/Dom-Sebasti\u00e3o-768x1038.jpg 768w, http:\/\/www.cnbb.org.br\/wp-content\/uploads\/sites\/32\/2019\/09\/Dom-Sebasti\u00e3o-758x1024.jpg 758w, http:\/\/www.cnbb.org.br\/wp-content\/uploads\/sites\/32\/2019\/09\/Dom-Sebasti\u00e3o.jpg 1515w\" alt=\"\" width=\"222\" height=\"300\" aria-describedby=\"caption-attachment-226003\" \/><\/a><\/p>\n<p id=\"caption-attachment-226003\" class=\"wp-caption-text\">Dom Sebasti\u00e3o Lima Duarte, bispo da Diocese de Caxias<\/p>\n<\/div>\n<p>Para Dom Sebasti\u00e3o Lima Duarte, bispo da Diocese de Caxias que sediou o evento religioso, foram mais de 2 anos de prepara\u00e7\u00e3o e muita mobiliza\u00e7\u00e3o de todo o regional para a realiza\u00e7\u00e3o deste grande momento. Ainda de acordo com o bispo, foram realizados semin\u00e1rios em todas as dioceses, escutas t\u00e9cnicas e da legisla\u00e7\u00e3o tanto da Terra quanto da \u00c1gua, escuta dos Povos da Terra e das \u00c1guas e das comunidades tradicionais do Maranh\u00e3o.<\/p>\n<p>As Romarias da Terra e das \u00c1guas s\u00e3o realizada pela Igreja Cat\u00f3lica do Maranh\u00e3o, e sua primeira edi\u00e7\u00e3o aconteceu no ano de 1986, no munic\u00edpio de Vargem Grande, Maranh\u00e3o, Diocese de Coroat\u00e1. Inicialmente a tem\u00e1tica trabalhada nas Romarias, era somente sobre a Terra, e com o passar dos anos, a Igreja do Maranh\u00e3o, sentiu tamb\u00e9m a necessidade de se pautar a \u00c1gua nas reflex\u00f5es feitas junto \u00e0s comunidades.<\/p>\n<p>Dom Sebasti\u00e3o Bandeira, Presidente do Regional NE5 da CNBB, destaca a Romaria como um momento prof\u00e9tico de den\u00fancia e resist\u00eancias das comunidades para que a situa\u00e7\u00e3o de pobreza, sofrimento e perdas de direitos que os trabalhadores vivem possam ser superadas. Ainda de acordo com o bispo a tem\u00e1tica da Romaria vai de acordo com o momento atual que o Brasil vive atualmente com os conflitos de \u00e1gua e as queimadas na Amaz\u00f4nia e no Cerrado maranhense, e afirma que o evento contribuiu com o fortalecimento das Pastorais Sociais e movimentos Populares e sindicais do Regional.<\/p>\n<p><strong>Eanes Silva<\/strong><\/p>\n","protected":false},"excerpt":{"rendered":"<p>Aconteceu neste final de semana nos dias 21 e 22 na Diocese e cidade de Caxias, a 13\u00aa Romaria da Terra e das \u00c1guas do Maranh\u00e3o que refletiu a tem\u00e1tica \u201c\u00c1gua e terra, fontes de vida, dons de Deus e direitos de todos\u201d e lema \u201cSenhor, d\u00e1-me desta \u00e1gua!\u201d (Jo. 4,15). Dom Walmor Oliveira de [&hellip;]<\/p>\n","protected":false},"author":1,"featured_media":54131,"comment_status":"open","ping_status":"closed","sticky":false,"template":"","format":"standard","meta":{"footnotes":""},"categories":[7],"tags":[],"class_list":["post-54129","post","type-post","status-publish","format-standard","has-post-thumbnail","hentry","category-cnbb"],"_links":{"self":[{"href":"https:\/\/catolicanet.net\/wp-cnet\/wp-json\/wp\/v2\/posts\/54129","targetHints":{"allow":["GET"]}}],"collection":[{"href":"https:\/\/catolicanet.net\/wp-cnet\/wp-json\/wp\/v2\/posts"}],"about":[{"href":"https:\/\/catolicanet.net\/wp-cnet\/wp-json\/wp\/v2\/types\/post"}],"author":[{"embeddable":true,"href":"https:\/\/catolicanet.net\/wp-cnet\/wp-json\/wp\/v2\/users\/1"}],"replies":[{"embeddable":true,"href":"https:\/\/catolicanet.net\/wp-cnet\/wp-json\/wp\/v2\/comments?post=54129"}],"version-history":[{"count":2,"href":"https:\/\/catolicanet.net\/wp-cnet\/wp-json\/wp\/v2\/posts\/54129\/revisions"}],"predecessor-version":[{"id":54132,"href":"https:\/\/catolicanet.net\/wp-cnet\/wp-json\/wp\/v2\/posts\/54129\/revisions\/54132"}],"wp:featuredmedia":[{"embeddable":true,"href":"https:\/\/catolicanet.net\/wp-cnet\/wp-json\/wp\/v2\/media\/54131"}],"wp:attachment":[{"href":"https:\/\/catolicanet.net\/wp-cnet\/wp-json\/wp\/v2\/media?parent=54129"}],"wp:term":[{"taxonomy":"category","embeddable":true,"href":"https:\/\/catolicanet.net\/wp-cnet\/wp-json\/wp\/v2\/categories?post=54129"},{"taxonomy":"post_tag","embeddable":true,"href":"https:\/\/catolicanet.net\/wp-cnet\/wp-json\/wp\/v2\/tags?post=54129"}],"curies":[{"name":"wp","href":"https:\/\/api.w.org\/{rel}","templated":true}]}}