{"id":54123,"date":"2019-09-24T11:15:48","date_gmt":"2019-09-24T14:15:48","guid":{"rendered":"http:\/\/catolicanet.net\/wp-cnet\/?p=54123"},"modified":"2019-09-24T11:15:48","modified_gmt":"2019-09-24T14:15:48","slug":"conselho-da-pastoral-do-povo-da-rua-se-reune-em-belo-horizonte","status":"publish","type":"post","link":"https:\/\/catolicanet.net\/wp-cnet\/conselho-da-pastoral-do-povo-da-rua-se-reune-em-belo-horizonte\/","title":{"rendered":"Conselho da Pastoral do Povo da Rua se re\u00fane em Belo Horizonte"},"content":{"rendered":"<p>Para avaliar, planejar e celebrar a a\u00e7\u00e3o pastoral junto a popula\u00e7\u00e3o em situa\u00e7\u00e3o de rua foi realizado um encontro do Conselho da Pastoral Nacional do Povo da Rua, entre os dias 19 e 21 de setembro, em Belo Horizonte (MG). A reuni\u00e3o tamb\u00e9m foi marcada pela celebra\u00e7\u00e3o de um ano da Casa Canto da Rua, local de converg\u00eancia de grupos e a\u00e7\u00f5es em busca de pol\u00edticas p\u00fablicas para as pessoas em situa\u00e7\u00e3o de rua.<\/p>\n<p>O encontro contou com a presen\u00e7a do bispo de Pesqueira (PE) e referencial para a Pastoral do Povo da Rua, dom Jos\u00e9 Luiz Ferreira Salles, que animou os conselheiros a olharem os sinais dos tempos e n\u00e3o perder a esperan\u00e7a diante do cen\u00e1rio desafiador.<\/p>\n<p>O bispo falou da import\u00e2ncia deste momento de fortalecimento, quando membros da coordena\u00e7\u00e3o \u201colham o ch\u00e3o aonde cada um est\u00e1 pisando, se reabastece com a for\u00e7a da Palavra de Deus e com os nossos sonhos. Tamb\u00e9m momento de planejar, pensar o nosso futuro, ver aonde a gente ainda est\u00e1 pelejando as dificuldades que ainda n\u00f3s temos. Foi um momento muito rico de partilha, momento de fortalecer a nossa miss\u00e3o\u201d.<\/p>\n<p>Na Comunidade Canto da Rua est\u00e3o localizados a sede da Pastoral Nacional, do Movimento da Popula\u00e7\u00e3o de Rua, o Centro de Defesa dos Direitos Humanos para Popula\u00e7\u00e3o de Rua, al\u00e9m do Projeto Empreendendo Vidas, voltado para a\u00e7\u00f5es que visam reingresso no mundo do trabalho e gera\u00e7\u00e3o de renda. O local funciona h\u00e1 um ano e houve uma celebra\u00e7\u00e3o de reinaugura\u00e7\u00e3o do espa\u00e7o, que, segundo dom Jos\u00e9 Luiz \u00e9 \u201clugar cidadania, de sonhos e de esperan\u00e7a\u201d.<\/p>\n<p><strong>Moradia<\/strong><br \/>\nA grande prioridade indicada a partir da \u00faltima assembleia da Pastoral do Povo da Rua \u00e9 trabalhar a quest\u00e3o da moradia, tanto voltada para a popula\u00e7\u00e3o em situa\u00e7\u00e3o de rua quanto a busca por condi\u00e7\u00f5es melhores de moradia. \u201c\u00c9 um desafio muito grande, porque hoje as pol\u00edticas p\u00fablicas est\u00e3o cada vez mais sendo desmontadas\u201d, afirmou o bispo.<\/p>\n<p>Dom Jos\u00e9 Luiz considera a mobiliza\u00e7\u00e3o \u201cuma luta muito bonita\u201d e que n\u00e3o \u00e9 uma luta da pastoral, \u201c\u00e9 uma luta da popula\u00e7\u00e3o de rua e da sociedade civil\u201d.<\/p>\n","protected":false},"excerpt":{"rendered":"<p>Para avaliar, planejar e celebrar a a\u00e7\u00e3o pastoral junto a popula\u00e7\u00e3o em situa\u00e7\u00e3o de rua foi realizado um encontro do Conselho da Pastoral Nacional do Povo da Rua, entre os dias 19 e 21 de setembro, em Belo Horizonte (MG). A reuni\u00e3o tamb\u00e9m foi marcada pela celebra\u00e7\u00e3o de um ano da Casa Canto da Rua, [&hellip;]<\/p>\n","protected":false},"author":1,"featured_media":54124,"comment_status":"open","ping_status":"closed","sticky":false,"template":"","format":"standard","meta":{"footnotes":""},"categories":[7],"tags":[],"class_list":["post-54123","post","type-post","status-publish","format-standard","has-post-thumbnail","hentry","category-cnbb"],"_links":{"self":[{"href":"https:\/\/catolicanet.net\/wp-cnet\/wp-json\/wp\/v2\/posts\/54123","targetHints":{"allow":["GET"]}}],"collection":[{"href":"https:\/\/catolicanet.net\/wp-cnet\/wp-json\/wp\/v2\/posts"}],"about":[{"href":"https:\/\/catolicanet.net\/wp-cnet\/wp-json\/wp\/v2\/types\/post"}],"author":[{"embeddable":true,"href":"https:\/\/catolicanet.net\/wp-cnet\/wp-json\/wp\/v2\/users\/1"}],"replies":[{"embeddable":true,"href":"https:\/\/catolicanet.net\/wp-cnet\/wp-json\/wp\/v2\/comments?post=54123"}],"version-history":[{"count":1,"href":"https:\/\/catolicanet.net\/wp-cnet\/wp-json\/wp\/v2\/posts\/54123\/revisions"}],"predecessor-version":[{"id":54125,"href":"https:\/\/catolicanet.net\/wp-cnet\/wp-json\/wp\/v2\/posts\/54123\/revisions\/54125"}],"wp:featuredmedia":[{"embeddable":true,"href":"https:\/\/catolicanet.net\/wp-cnet\/wp-json\/wp\/v2\/media\/54124"}],"wp:attachment":[{"href":"https:\/\/catolicanet.net\/wp-cnet\/wp-json\/wp\/v2\/media?parent=54123"}],"wp:term":[{"taxonomy":"category","embeddable":true,"href":"https:\/\/catolicanet.net\/wp-cnet\/wp-json\/wp\/v2\/categories?post=54123"},{"taxonomy":"post_tag","embeddable":true,"href":"https:\/\/catolicanet.net\/wp-cnet\/wp-json\/wp\/v2\/tags?post=54123"}],"curies":[{"name":"wp","href":"https:\/\/api.w.org\/{rel}","templated":true}]}}