{"id":54094,"date":"2019-09-24T09:03:11","date_gmt":"2019-09-24T12:03:11","guid":{"rendered":"http:\/\/catolicanet.net\/wp-cnet\/?p=54094"},"modified":"2019-09-24T09:09:24","modified_gmt":"2019-09-24T12:09:24","slug":"dia-mundial-do-migrante-o-convite-do-papa-a-rezar-com-ele","status":"publish","type":"post","link":"https:\/\/catolicanet.net\/wp-cnet\/dia-mundial-do-migrante-o-convite-do-papa-a-rezar-com-ele\/","title":{"rendered":"Dia Mundial do Migrante: o convite do Papa a rezar com ele"},"content":{"rendered":"<div>\n<p><iframe loading=\"lazy\" width=\"696\" height=\"392\" src=\"https:\/\/www.youtube.com\/embed\/Z-Ig-DC_QdA?feature=oembed\" frameborder=\"0\" allow=\"accelerometer; autoplay; encrypted-media; gyroscope; picture-in-picture\" allowfullscreen><\/iframe><\/p>\n<\/div>\n<div class=\"article__subTitle\">No pr\u00f3ximo domingo, 29 de setembro, celebra-se o Dia Mundial do Migrante e do Refugiado. Para a ocasi\u00e3o, o Papa Francisco celebrar\u00e1 a Santa Missa na Pra\u00e7a S\u00e3o Pedro.<\/div>\n<div class=\"title__separator\"><\/div>\n<div class=\"article__text\">\n<p><b>Bianca Fraccalvieri \u2013 Cidade do Vaticano<\/b><\/p>\n<p>No Angelus do \u00faltimo domingo, o Papa Francisco fez um convite a todos os fi\u00e9is:<\/p>\n<div>\n<div class=\"article__embed article__embed--border embed_style\">\n<blockquote><p>\u201c No pr\u00f3ximo domingo, 29 de setembro, celebra-se o Dia Mundial do Migrante e do Refugiado. Para a ocasi\u00e3o, celebrarei a Santa Missa aqui na Pra\u00e7a S\u00e3o Pedro. Eu os convido a participar desta celebra\u00e7\u00e3o para expressar tamb\u00e9m com a ora\u00e7\u00e3o a nossa proximidade aos migrantes e refugiados do mundo inteiro. \u201d<\/p><\/blockquote>\n<\/div>\n<\/div>\n<p>A R\u00e1dio Vaticano\/Vatican News transmitir\u00e1 a cerim\u00f4nia ao vivo, com coment\u00e1rios em portugu\u00eas, a partir das 10h30 no hor\u00e1rio de Roma (05h30 no hor\u00e1rio de Bras\u00edlia).<\/p>\n<\/div>\n","protected":false},"excerpt":{"rendered":"<p>No pr\u00f3ximo domingo, 29 de setembro, celebra-se o Dia Mundial do Migrante e do Refugiado. Para a ocasi\u00e3o, o Papa Francisco celebrar\u00e1 a Santa Missa na Pra\u00e7a S\u00e3o Pedro. Bianca Fraccalvieri \u2013 Cidade do Vaticano No Angelus do \u00faltimo domingo, o Papa Francisco fez um convite a todos os fi\u00e9is: \u201c No pr\u00f3ximo domingo, 29 [&hellip;]<\/p>\n","protected":false},"author":1,"featured_media":54095,"comment_status":"open","ping_status":"closed","sticky":false,"template":"","format":"standard","meta":{"footnotes":""},"categories":[13],"tags":[],"class_list":["post-54094","post","type-post","status-publish","format-standard","has-post-thumbnail","hentry","category-featured"],"_links":{"self":[{"href":"https:\/\/catolicanet.net\/wp-cnet\/wp-json\/wp\/v2\/posts\/54094","targetHints":{"allow":["GET"]}}],"collection":[{"href":"https:\/\/catolicanet.net\/wp-cnet\/wp-json\/wp\/v2\/posts"}],"about":[{"href":"https:\/\/catolicanet.net\/wp-cnet\/wp-json\/wp\/v2\/types\/post"}],"author":[{"embeddable":true,"href":"https:\/\/catolicanet.net\/wp-cnet\/wp-json\/wp\/v2\/users\/1"}],"replies":[{"embeddable":true,"href":"https:\/\/catolicanet.net\/wp-cnet\/wp-json\/wp\/v2\/comments?post=54094"}],"version-history":[{"count":3,"href":"https:\/\/catolicanet.net\/wp-cnet\/wp-json\/wp\/v2\/posts\/54094\/revisions"}],"predecessor-version":[{"id":54099,"href":"https:\/\/catolicanet.net\/wp-cnet\/wp-json\/wp\/v2\/posts\/54094\/revisions\/54099"}],"wp:featuredmedia":[{"embeddable":true,"href":"https:\/\/catolicanet.net\/wp-cnet\/wp-json\/wp\/v2\/media\/54095"}],"wp:attachment":[{"href":"https:\/\/catolicanet.net\/wp-cnet\/wp-json\/wp\/v2\/media?parent=54094"}],"wp:term":[{"taxonomy":"category","embeddable":true,"href":"https:\/\/catolicanet.net\/wp-cnet\/wp-json\/wp\/v2\/categories?post=54094"},{"taxonomy":"post_tag","embeddable":true,"href":"https:\/\/catolicanet.net\/wp-cnet\/wp-json\/wp\/v2\/tags?post=54094"}],"curies":[{"name":"wp","href":"https:\/\/api.w.org\/{rel}","templated":true}]}}