{"id":54085,"date":"2019-09-24T08:41:30","date_gmt":"2019-09-24T11:41:30","guid":{"rendered":"http:\/\/catolicanet.net\/wp-cnet\/?p=54085"},"modified":"2019-09-24T08:41:30","modified_gmt":"2019-09-24T11:41:30","slug":"novo-presidente-da-comissao-para-a-causa-dos-santos-da-cnbb-fala-dos-rumos-do-trabalho","status":"publish","type":"post","link":"https:\/\/catolicanet.net\/wp-cnet\/novo-presidente-da-comissao-para-a-causa-dos-santos-da-cnbb-fala-dos-rumos-do-trabalho\/","title":{"rendered":"Novo presidente da Comiss\u00e3o para a Causa dos Santos da CNBB fala dos rumos do trabalho"},"content":{"rendered":"<p>Nomeado dia 18 de setembro para presidir a Comiss\u00e3o Especial para a Causa dos Santos da Confer\u00eancia Nacional dos Bispos do Brasil (CNBB), dom Jaime Vieira Rocha, o arcebispo de Natal (RN) falou ao portal da CNBB sobre as expectativas e pr\u00f3ximos passos \u00e0 frente do trabalho.<\/p>\n<p>O arcebispo creditou o convite para assumir a presid\u00eancia da Comiss\u00e3o a sua experi\u00eancia \u00e0 frente do processo de canoniza\u00e7\u00e3o, pelo Papa Francisco, dos 30 M\u00e1rtires de Cunha\u00fa e Urua\u00e7u \u2013 sendo tr\u00eas padres e 27 leigos \u2013 em 15 de outubro de 2017. \u201cEu recebi com surpresa, porque n\u00e3o esperava, mas compreendi\u201d, disse completando que n\u00e3o negaria a um pedido feito pelo arcebispo de Belo Horizonte (MG) e presidente da CNBB, dom Walmor Oliveira de Azevedo.<\/p>\n<p>O pr\u00f3ximo passo, ressaltou, \u00e9 come\u00e7ar os contatos. \u201cVou realizar uma reuni\u00e3o com os demais membros da Comiss\u00e3o para me inteirar do est\u00e1gio atual e da conjuntura socio-eclesial dentro da perspectiva da causa dos santos para planejar o trabalho necess\u00e1rio para este momento\u201d, disse.<\/p>\n<p>Dom Jaime fez refer\u00eancia \u00e0s primeiras vindas do Papa Jo\u00e3o Paulo II quando Santo Padre diagnosticou o fato de o Brasil ter poucos santos. Isto, segundo o arcebispo, incentivou os processos de beatifica\u00e7\u00e3o e canoniza\u00e7\u00e3o para a Igreja no Brasil. A partir disto, ressaltou, vieram as canoniza\u00e7\u00f5es dos M\u00e1rtires de Rio Grande do Norte.<\/p>\n<p>Ele percebe o mesmo empenho no magist\u00e9rio do Papa Francisco que tem dado muita aten\u00e7\u00e3o \u00e0 beatifica\u00e7\u00e3o e canoniza\u00e7\u00e3o de muitos e v\u00e1rios santos, sobretudo de outros continentes, na Am\u00e9rica do Sul e \u00c1frica por exemplo.<\/p>\n<p>Na avalia\u00e7\u00e3o de dom Jaime, h\u00e1 um despertar favor\u00e1vel ao trabalho de postula\u00e7\u00f5es das causas dos santos. \u201cNo Brasil h\u00e1 diversas causas de santos e beatifica\u00e7\u00f5es. Temos agora a for\u00e7a da canoniza\u00e7\u00e3o da Irm\u00e3 Dulce. Tivemos a canoniza\u00e7\u00e3o de Anchieta j\u00e1 com o Papa Francisco. A canoniza\u00e7\u00e3o dos M\u00e1rtires de Cunha\u00fa e Urua\u00e7u\u201d, pontuou.<\/p>\n<p><strong>Membros da Comiss\u00e3o<\/strong><\/p>\n<p>A \u00a0Comiss\u00e3o \u00e9 composta ainda por dom Diamantino Prata de Carvalho, bispo em\u00e9rito da diocese de Campanha (MG), e dom Giovanni Crippa, bispo da diocese de Est\u00e2ncia (SE). \u00a0Na \u00faltima quinta-feira, 19 de setembro, o padre Leonardo Jos\u00e9 de Souza Pinheiro, oriundo do clero da arquidiocese de Juiz de Fora, foi nomeado assessor da Comiss\u00e3o Especial para a Causa dos Santos.<\/p>\n<p>O sacerdote juiz-forano j\u00e1 colaborava com os trabalhos do grupo h\u00e1 cerca de um ano. A atividade foi exercida de forma concomitante ao de assessor da Comiss\u00e3o para a Liturgia da CNBB, cargo ocupado por padre Leonardo desde novembro de 2017 e no qual continuar\u00e1.<\/p>\n<p><strong>Atribui\u00e7\u00f5es da Comiss\u00e3o<br \/>\n<\/strong><br \/>\nA Comiss\u00e3o Especial para a Causa dos Santos tem como finalidade o acompanhamento dos processos de canoniza\u00e7\u00e3o e beatifica\u00e7\u00e3o que j\u00e1 est\u00e3o em andamento na C\u00faria Romana, na Congrega\u00e7\u00e3o para a Causa dos Santos e, ao mesmo tempo, oferecer subs\u00eddios para as Dioceses que desejam introduzir novas causas. Outra atribui\u00e7\u00e3o da Comiss\u00e3o \u00e9 a forma\u00e7\u00e3o de pessoal que possa acompanhar este servi\u00e7o nas Igrejas particulares.<\/p>\n<p>Criada em 12 abril de 2017, a Comiss\u00e3o teve como seu primeiro presidente da Comiss\u00e3o o arcebispo em\u00e9rito de Mariana (MG), dom Geraldo Lyrio Rocha. \u201c\u00c9 muito justo que na CNBB, entre tantas comiss\u00f5es, tenha uma voltada para a causa dos Santos\u201d, disse o novo presidente.<\/p>\n","protected":false},"excerpt":{"rendered":"<p>Nomeado dia 18 de setembro para presidir a Comiss\u00e3o Especial para a Causa dos Santos da Confer\u00eancia Nacional dos Bispos do Brasil (CNBB), dom Jaime Vieira Rocha, o arcebispo de Natal (RN) falou ao portal da CNBB sobre as expectativas e pr\u00f3ximos passos \u00e0 frente do trabalho. O arcebispo creditou o convite para assumir a [&hellip;]<\/p>\n","protected":false},"author":1,"featured_media":54086,"comment_status":"open","ping_status":"closed","sticky":false,"template":"","format":"standard","meta":{"footnotes":""},"categories":[7],"tags":[],"class_list":["post-54085","post","type-post","status-publish","format-standard","has-post-thumbnail","hentry","category-cnbb"],"_links":{"self":[{"href":"https:\/\/catolicanet.net\/wp-cnet\/wp-json\/wp\/v2\/posts\/54085","targetHints":{"allow":["GET"]}}],"collection":[{"href":"https:\/\/catolicanet.net\/wp-cnet\/wp-json\/wp\/v2\/posts"}],"about":[{"href":"https:\/\/catolicanet.net\/wp-cnet\/wp-json\/wp\/v2\/types\/post"}],"author":[{"embeddable":true,"href":"https:\/\/catolicanet.net\/wp-cnet\/wp-json\/wp\/v2\/users\/1"}],"replies":[{"embeddable":true,"href":"https:\/\/catolicanet.net\/wp-cnet\/wp-json\/wp\/v2\/comments?post=54085"}],"version-history":[{"count":1,"href":"https:\/\/catolicanet.net\/wp-cnet\/wp-json\/wp\/v2\/posts\/54085\/revisions"}],"predecessor-version":[{"id":54087,"href":"https:\/\/catolicanet.net\/wp-cnet\/wp-json\/wp\/v2\/posts\/54085\/revisions\/54087"}],"wp:featuredmedia":[{"embeddable":true,"href":"https:\/\/catolicanet.net\/wp-cnet\/wp-json\/wp\/v2\/media\/54086"}],"wp:attachment":[{"href":"https:\/\/catolicanet.net\/wp-cnet\/wp-json\/wp\/v2\/media?parent=54085"}],"wp:term":[{"taxonomy":"category","embeddable":true,"href":"https:\/\/catolicanet.net\/wp-cnet\/wp-json\/wp\/v2\/categories?post=54085"},{"taxonomy":"post_tag","embeddable":true,"href":"https:\/\/catolicanet.net\/wp-cnet\/wp-json\/wp\/v2\/tags?post=54085"}],"curies":[{"name":"wp","href":"https:\/\/api.w.org\/{rel}","templated":true}]}}