{"id":54082,"date":"2019-09-24T08:35:15","date_gmt":"2019-09-24T11:35:15","guid":{"rendered":"http:\/\/catolicanet.net\/wp-cnet\/?p=54082"},"modified":"2019-09-24T08:35:15","modified_gmt":"2019-09-24T11:35:15","slug":"campanha-para-a-evangelizacao-sera-na-perspectiva-do-cuidado","status":"publish","type":"post","link":"https:\/\/catolicanet.net\/wp-cnet\/campanha-para-a-evangelizacao-sera-na-perspectiva-do-cuidado\/","title":{"rendered":"Campanha para a Evangeliza\u00e7\u00e3o ser\u00e1 na perspectiva do cuidado"},"content":{"rendered":"<p>\u201cCuida dele\u201d. A frase presente na par\u00e1bola do Bom Samaritano, narrada no Evangelho de Lucas, \u00e9 o lema que animar\u00e1 a Campanha para a Evangeliza\u00e7\u00e3o deste ano. A iniciativa que a Confer\u00eancia Nacional dos Bispos do Brasil (CNBB) prop\u00f5e \u00e0 Igreja no Brasil para o per\u00edodo do Advento j\u00e1 conta com um cartaz e est\u00e1 em fase final de prepara\u00e7\u00e3o.<\/p>\n<p><a href=\"http:\/\/www.cnbb.org.br\/equipe-nacional-da-campanha-da-fraternidade-se-encontra-na-sede-da-cnbb\/padre-patriky\/\"><img loading=\"lazy\" decoding=\"async\" class=\"size-medium wp-image-223911 alignleft\" src=\"http:\/\/www.cnbb.org.br\/wp-content\/uploads\/sites\/32\/2019\/08\/padre-Patriky-300x263.jpg\" srcset=\"http:\/\/www.cnbb.org.br\/wp-content\/uploads\/sites\/32\/2019\/08\/padre-Patriky-300x263.jpg 300w, http:\/\/www.cnbb.org.br\/wp-content\/uploads\/sites\/32\/2019\/08\/padre-Patriky.jpg 513w\" alt=\"\" width=\"300\" height=\"263\" \/><\/a>Para este ano, a CNBB convida \u00e0 reflex\u00e3o de como o Natal de Jesus inspira o compromisso do cuidado, por isso a inspira\u00e7\u00e3o samaritana. \u201cNo advento lembramos a segunda vinda do Senhor. Ele h\u00e1 de voltar e quer nos encontrar como bons samaritanos, cuidando do an\u00fancio da Palavra, dos pobres e da comunidade\u201d, explica o secret\u00e1rio-executivo de Campanhas da CNBB, padre Patriky Samuel Batista.<\/p>\n<p>A perspectiva do cuidado est\u00e1 presente j\u00e1 na marca da campanha, que remete \u00e0 par\u00e1bola do Bom Samaritano. O cartaz destaca as tr\u00eas dimens\u00f5es indicadas a partir das novas Diretrizes Gerais da A\u00e7\u00e3o Evangelizadora da Igreja no Brasil (DGAE 2019-2023). An\u00fancio da Palavra, os pobres e a comunidade est\u00e3o estreitamente relacionados aos pilares que as diretrizes estabelecem como figura da comunidade eclesial mission\u00e1ria.<\/p>\n<p>O objetivo da Campanha para a Evangeliza\u00e7\u00e3o \u00e9 motivar os fi\u00e9is a participarem efetivamente da miss\u00e3o da Igreja por meio do testemunho de vida, de a\u00e7\u00f5es pastorais espec\u00edficas e da garantia de recursos para a a\u00e7\u00e3o pastoral.<\/p>\n<p><a href=\"http:\/\/www.cnbb.org.br\/cnbb-prepara-a-proxima-campanha-para-a-evangelizacao-na-perspectiva-do-cuidado\/cartaz-campanha-evangelizacao-2019\/\"><img loading=\"lazy\" decoding=\"async\" class=\"size-medium wp-image-225945 alignright\" src=\"http:\/\/www.cnbb.org.br\/wp-content\/uploads\/sites\/32\/2019\/09\/cartaz-campanha-evangeliza\u00e7\u00e3o-2019-212x300.png\" srcset=\"http:\/\/www.cnbb.org.br\/wp-content\/uploads\/sites\/32\/2019\/09\/cartaz-campanha-evangeliza\u00e7\u00e3o-2019-212x300.png 212w, http:\/\/www.cnbb.org.br\/wp-content\/uploads\/sites\/32\/2019\/09\/cartaz-campanha-evangeliza\u00e7\u00e3o-2019.png 452w\" alt=\"\" width=\"212\" height=\"300\" \/><\/a>Uma das grandes motiva\u00e7\u00f5es para a realiza\u00e7\u00e3o da iniciativa, segundo padre Patriky, \u201c\u00e9 a conscientiza\u00e7\u00e3o sobre a import\u00e2ncia do compromisso evangelizador que deve ser assumido por cada crist\u00e3o e o despertar para a corresponsabilidade pelo sustento das atividades pastorais da Igreja\u201d.<\/p>\n<p>Da\u00ed surge a proposta de gesto concreto da Campanha, que \u00e9 a coleta promovida em todo o Brasil no terceiro domingo do Advento. Os recursos arrecadados s\u00e3o divididos entre as dioceses, os regionais e a CNBB para as iniciativas evangelizadoras, como as atividades de forma\u00e7\u00e3o, a manuten\u00e7\u00e3o da CNBB nacional e tamb\u00e9m o financiamento de a\u00e7\u00f5es pastorais.<\/p>\n","protected":false},"excerpt":{"rendered":"<p>\u201cCuida dele\u201d. A frase presente na par\u00e1bola do Bom Samaritano, narrada no Evangelho de Lucas, \u00e9 o lema que animar\u00e1 a Campanha para a Evangeliza\u00e7\u00e3o deste ano. A iniciativa que a Confer\u00eancia Nacional dos Bispos do Brasil (CNBB) prop\u00f5e \u00e0 Igreja no Brasil para o per\u00edodo do Advento j\u00e1 conta com um cartaz e est\u00e1 [&hellip;]<\/p>\n","protected":false},"author":1,"featured_media":54083,"comment_status":"open","ping_status":"closed","sticky":false,"template":"","format":"standard","meta":{"footnotes":""},"categories":[7],"tags":[],"class_list":["post-54082","post","type-post","status-publish","format-standard","has-post-thumbnail","hentry","category-cnbb"],"_links":{"self":[{"href":"https:\/\/catolicanet.net\/wp-cnet\/wp-json\/wp\/v2\/posts\/54082","targetHints":{"allow":["GET"]}}],"collection":[{"href":"https:\/\/catolicanet.net\/wp-cnet\/wp-json\/wp\/v2\/posts"}],"about":[{"href":"https:\/\/catolicanet.net\/wp-cnet\/wp-json\/wp\/v2\/types\/post"}],"author":[{"embeddable":true,"href":"https:\/\/catolicanet.net\/wp-cnet\/wp-json\/wp\/v2\/users\/1"}],"replies":[{"embeddable":true,"href":"https:\/\/catolicanet.net\/wp-cnet\/wp-json\/wp\/v2\/comments?post=54082"}],"version-history":[{"count":1,"href":"https:\/\/catolicanet.net\/wp-cnet\/wp-json\/wp\/v2\/posts\/54082\/revisions"}],"predecessor-version":[{"id":54084,"href":"https:\/\/catolicanet.net\/wp-cnet\/wp-json\/wp\/v2\/posts\/54082\/revisions\/54084"}],"wp:featuredmedia":[{"embeddable":true,"href":"https:\/\/catolicanet.net\/wp-cnet\/wp-json\/wp\/v2\/media\/54083"}],"wp:attachment":[{"href":"https:\/\/catolicanet.net\/wp-cnet\/wp-json\/wp\/v2\/media?parent=54082"}],"wp:term":[{"taxonomy":"category","embeddable":true,"href":"https:\/\/catolicanet.net\/wp-cnet\/wp-json\/wp\/v2\/categories?post=54082"},{"taxonomy":"post_tag","embeddable":true,"href":"https:\/\/catolicanet.net\/wp-cnet\/wp-json\/wp\/v2\/tags?post=54082"}],"curies":[{"name":"wp","href":"https:\/\/api.w.org\/{rel}","templated":true}]}}