{"id":5408,"date":"2023-12-28T00:00:00","date_gmt":"2023-12-28T03:00:00","guid":{"rendered":"http:\/\/catolicanet.net\/wp-cnet\/santos-inocentes\/"},"modified":"2023-01-02T17:42:22","modified_gmt":"2023-01-02T20:42:22","slug":"santos-inocentes","status":"publish","type":"post","link":"https:\/\/catolicanet.net\/wp-cnet\/santos-inocentes\/","title":{"rendered":"Santos Inocentes"},"content":{"rendered":"<p style=\"text-align: justify;\">Somente a monstruosidade de uma mente assassina, cruel e desumana, poderia conceber o plano executado pelo sanguin\u00e1rio rei Herodes: eliminar todas os meninos nascidos no mesmo per\u00edodo do nascimento de Jesus para evitar que vivesse o rei dos judeus. Pois foi isso que esse tirano arquitetou e fez.<\/p>\n<p>Imposs\u00edvel calcular o n\u00famero de crian\u00e7as arrancadas dos bra\u00e7os maternos e depois trucidadas. Todos esses pequeninos se tornaram os &#8220;santos inocentes&#8221;, cultuados e venerados pelo Povo de Deus. Eles tiveram seu sangue derramado em nome de Cristo, sem nem mesmo poderem &#8220;confessar&#8221; sua cren\u00e7a.<\/p>\n<p>Quem narrou para a hist\u00f3ria foi o ap\u00f3stolo Mateus, em seu Evangelho. Os reis magos procuraram Herodes, perguntando onde poderiam encontrar o rec\u00e9m-nascido rei dos judeus para saud\u00e1-lo. O rei consultou, ent\u00e3o, os sacerdotes e s\u00e1bios do reino, obtendo a resposta de que ele teria nascido em Bel\u00e9m de Jud\u00e1, Palestina.<\/p>\n<p>Herodes, fingindo apoiar os magos em sua miss\u00e3o, pediu-lhes que, depois de encontrarem o &#8220;tal rei dos judeus&#8221;, voltassem e lhe dessem not\u00edcias confirmando o fato e o local onde poderia ser encontrado, pois &#8220;tamb\u00e9m queria ador\u00e1-lo&#8221;.<\/p>\n<p>Claro que os reis do Oriente n\u00e3o tra\u00edram Jesus. Depois de visit\u00e1-lo na manjedoura, um anjo os visitou em sonho avisando que o Menino-Deus corria perigo de vida e que deveriam voltar para suas terras por outro caminho. O encontro com o rei Herodes devia ser evitado.<\/p>\n<p>Eles ouviram e obedeceram. Mas o tirano, ao perceber que havia sido enganado, decretou a morte de todos os meninos com menos de dois anos de idade nascidos na regi\u00e3o. O decreto foi executado \u00e0 risca pelos soldados do seu ex\u00e9rcito.<\/p>\n<p>A festa aos Santos Inocentes acontece desde o s\u00e9culo IV. O culto foi confirmado pelo papa Pio V, agora santo, para marcar o cumprimento de uma das mais antigas profecias, revelada pelo profeta Jeremias: a de que &#8220;Raquel choraria a morte de seus filhos&#8221; quando o Messias chegasse.<\/p>\n<p>Esses pequeninos inocentes de tenra idade, de alma pura, escreveram a primeira p\u00e1gina do \u00e1lbum de ouro dos m\u00e1rtires crist\u00e3os e mereceram a gl\u00f3ria eterna, segundo a promessa de Jesus. A Igreja preferiu indicar a festa dos Santos Inocentes para o dia 28 de dezembro por ser uma data pr\u00f3xima \u00e0 Natividade de Jesus, uma vez que tudo aconteceu ap\u00f3s a visita dos reis magos. A escolha foi proposital, pois quis que os Santinhos Inocentes alegrassem, com sua presen\u00e7a, a manjedoura do Menino Jesus.<\/p>\n<p style=\"text-align: justify;\">Santos Inocentes, rogai por n\u00f3s!<\/p>\n","protected":false},"excerpt":{"rendered":"<p>Somente a monstruosidade de uma mente assassina, cruel e desumana, poderia conceber o plano executado pelo sanguin\u00e1rio rei Herodes: eliminar todas os meninos nascidos no mesmo per\u00edodo do nascimento de Jesus para evitar que vivesse o rei dos judeus. Pois foi isso que esse tirano arquitetou e fez. Imposs\u00edvel calcular o n\u00famero de crian\u00e7as arrancadas [&hellip;]<\/p>\n","protected":false},"author":1,"featured_media":23070,"comment_status":"closed","ping_status":"closed","sticky":false,"template":"","format":"standard","meta":{"footnotes":""},"categories":[32],"tags":[],"class_list":["post-5408","post","type-post","status-publish","format-standard","has-post-thumbnail","hentry","category-santo-do-dia"],"_links":{"self":[{"href":"https:\/\/catolicanet.net\/wp-cnet\/wp-json\/wp\/v2\/posts\/5408","targetHints":{"allow":["GET"]}}],"collection":[{"href":"https:\/\/catolicanet.net\/wp-cnet\/wp-json\/wp\/v2\/posts"}],"about":[{"href":"https:\/\/catolicanet.net\/wp-cnet\/wp-json\/wp\/v2\/types\/post"}],"author":[{"embeddable":true,"href":"https:\/\/catolicanet.net\/wp-cnet\/wp-json\/wp\/v2\/users\/1"}],"replies":[{"embeddable":true,"href":"https:\/\/catolicanet.net\/wp-cnet\/wp-json\/wp\/v2\/comments?post=5408"}],"version-history":[{"count":3,"href":"https:\/\/catolicanet.net\/wp-cnet\/wp-json\/wp\/v2\/posts\/5408\/revisions"}],"predecessor-version":[{"id":23071,"href":"https:\/\/catolicanet.net\/wp-cnet\/wp-json\/wp\/v2\/posts\/5408\/revisions\/23071"}],"wp:featuredmedia":[{"embeddable":true,"href":"https:\/\/catolicanet.net\/wp-cnet\/wp-json\/wp\/v2\/media\/23070"}],"wp:attachment":[{"href":"https:\/\/catolicanet.net\/wp-cnet\/wp-json\/wp\/v2\/media?parent=5408"}],"wp:term":[{"taxonomy":"category","embeddable":true,"href":"https:\/\/catolicanet.net\/wp-cnet\/wp-json\/wp\/v2\/categories?post=5408"},{"taxonomy":"post_tag","embeddable":true,"href":"https:\/\/catolicanet.net\/wp-cnet\/wp-json\/wp\/v2\/tags?post=5408"}],"curies":[{"name":"wp","href":"https:\/\/api.w.org\/{rel}","templated":true}]}}