{"id":54037,"date":"2019-09-23T10:33:04","date_gmt":"2019-09-23T13:33:04","guid":{"rendered":"http:\/\/catolicanet.net\/wp-cnet\/?p=54037"},"modified":"2019-09-23T10:33:04","modified_gmt":"2019-09-23T13:33:04","slug":"papa-a-jornalistas-catolicos-contar-noticias-que-criem-amizade-social","status":"publish","type":"post","link":"https:\/\/catolicanet.net\/wp-cnet\/papa-a-jornalistas-catolicos-contar-noticias-que-criem-amizade-social\/","title":{"rendered":"Papa a jornalistas cat\u00f3licos: contar not\u00edcias que criem amizade social"},"content":{"rendered":"<div class=\"article__subTitle\">Francisco convidou a Uni\u00e3o Cat\u00f3lica da Imprensa Italiana \u201ca ser voz da consci\u00eancia de um jornalismo capaz de distinguir o bem do mal, as escolhas humanas das desumanas\u201d.<\/div>\n<div class=\"title__separator\"><\/div>\n<div class=\"article__text\">\n<p><b>Cidade do Vaticano<\/b><\/p>\n<p>O Papa Francisco recebeu em audi\u00eancia, nesta segunda-feira (23\/09), na Sala Clementina, no Vaticano, a Uni\u00e3o Cat\u00f3lica da Imprensa Italiana, por ocasi\u00e3o de seu 60\u00ba anivers\u00e1rio de funda\u00e7\u00e3o.<\/p>\n<p>Francisco encorajou os membros da entidade a levar adiante a miss\u00e3o de ser \u00abuma associa\u00e7\u00e3o profissional e eclesial que se inspira no servi\u00e7o \u00e0s pessoas, no Evangelho e no Magist\u00e9rio da Igreja\u00bb, conforme escrito em seu Estatuto.<\/p>\n<p>Para renovar sua harmonia com o magist\u00e9rio da Igreja, o Papa convidou a Uni\u00e3o Cat\u00f3lica da Imprensa Italiana \u201ca ser voz da consci\u00eancia de um jornalismo capaz de distinguir o bem do mal, as escolhas humanas das desumanas\u201d.<\/p>\n<div>\n<div class=\"article__embed article__embed--unwrap article__embed--dark\">\n<div class=\"article__innerTitle\">Ou\u00e7a a reportagem<\/div>\n<!--[if lt IE 9]><script>document.createElement('audio');<\/script><![endif]-->\n<audio class=\"wp-audio-shortcode\" id=\"audio-54037-1\" preload=\"none\" style=\"width: 100%;\" controls=\"controls\"><source type=\"audio\/mpeg\" src=\"https:\/\/media.vaticannews.va\/media\/audio\/s1\/2019\/09\/23\/12\/135233658_F135233658.mp3?_=1\" \/><a href=\"https:\/\/media.vaticannews.va\/media\/audio\/s1\/2019\/09\/23\/12\/135233658_F135233658.mp3\">https:\/\/media.vaticannews.va\/media\/audio\/s1\/2019\/09\/23\/12\/135233658_F135233658.mp3<\/a><\/audio>\n<\/div>\n<\/div>\n<p>\u201cO jornalista, que \u00e9 o cronista da hist\u00f3ria, \u00e9 chamado a reconstruir a mem\u00f3ria dos fatos, a trabalhar pela coes\u00e3o social, a dizer a verdade a todo custo: h\u00e1 tamb\u00e9m uma parresia do jornalista, respeitosa e n\u00e3o arrogante\u201d, sublinhou.<\/p>\n<h2>Palavras verdadeiras no meio de tantas palavras vazias<\/h2>\n<p>\u201cA comunica\u00e7\u00e3o precisa de palavras verdadeiras no meio de tantas palavras vazias. Nisso voc\u00eas t\u00eam uma grande responsabilidade: as suas palavras contam o mundo e o modelam, as suas hist\u00f3rias podem gerar espa\u00e7os de liberdade ou de escravid\u00e3o, de responsabilidade ou depend\u00eancia do poder. Voc\u00eas aprenderam de seus antecessores que somente com o uso de palavras de paz, justi\u00e7a e solidariedade, que se tornaram cr\u00edveis por um testemunho coerente, \u00e9 poss\u00edvel construir sociedades mais justas e solid\u00e1rias. Infelizmente, \u00e9 verdade tamb\u00e9m o contr\u00e1rio.\u201d<\/p>\n<p>Segundo Francisco, na era da internet, \u201ca tarefa do jornalista \u00e9 identificar as fontes cr\u00edveis, contextualiz\u00e1-las, interpret\u00e1-las e hierarquiz\u00e1-las\u201d e citou como exemplo: \u201cUma pessoa que morre de frio na rua n\u00e3o vira not\u00edcia, mas se caem dois pontos na Bolsa de valores todas as ag\u00eancias falam disso.\u201d<\/p>\n<h2>Dar voz a quem n\u00e3o tem<\/h2>\n<p>\u201cN\u00e3o tenham medo de inverter a ordem das not\u00edcias para dar voz a quem n\u00e3o tem, de contar boas not\u00edcias que criam amizade social; de construir comunidades de pensamento e de vida capazes de ler os sinais dos tempos.\u201d<\/p>\n<p>O Papa agradeceu aos membros da Uni\u00e3o Cat\u00f3lica da Imprensa Italiana por trabalhar para isso, \u201ccom documentos como o Laudato si, que n\u00e3o \u00e9 uma enc\u00edclica ecol\u00f3gica, mas social, e promove um novo modelo de desenvolvimento humano integral: voc\u00eas contribuem para torn\u00e1-lo uma cultura partilhada, em alternativa aos sistemas que obrigam a reduzir tudo ao consumo\u201d.<\/p>\n<p>Por fim, Francisco convidou a entidade a seguir o exemplo de Manuel Lozano Garrido, primeiro jornalista leigo beatificado em 2010, que viveu nos tempos da Guerra Civil Espanhola, per\u00edodo em que ser crist\u00e3o significava arriscar a vida.<\/p>\n<\/div>\n","protected":false},"excerpt":{"rendered":"<p>Francisco convidou a Uni\u00e3o Cat\u00f3lica da Imprensa Italiana \u201ca ser voz da consci\u00eancia de um jornalismo capaz de distinguir o bem do mal, as escolhas humanas das desumanas\u201d. Cidade do Vaticano O Papa Francisco recebeu em audi\u00eancia, nesta segunda-feira (23\/09), na Sala Clementina, no Vaticano, a Uni\u00e3o Cat\u00f3lica da Imprensa Italiana, por ocasi\u00e3o de seu [&hellip;]<\/p>\n","protected":false},"author":1,"featured_media":54038,"comment_status":"open","ping_status":"closed","sticky":false,"template":"","format":"standard","meta":{"footnotes":""},"categories":[3],"tags":[],"class_list":["post-54037","post","type-post","status-publish","format-standard","has-post-thumbnail","hentry","category-vaticano"],"_links":{"self":[{"href":"https:\/\/catolicanet.net\/wp-cnet\/wp-json\/wp\/v2\/posts\/54037","targetHints":{"allow":["GET"]}}],"collection":[{"href":"https:\/\/catolicanet.net\/wp-cnet\/wp-json\/wp\/v2\/posts"}],"about":[{"href":"https:\/\/catolicanet.net\/wp-cnet\/wp-json\/wp\/v2\/types\/post"}],"author":[{"embeddable":true,"href":"https:\/\/catolicanet.net\/wp-cnet\/wp-json\/wp\/v2\/users\/1"}],"replies":[{"embeddable":true,"href":"https:\/\/catolicanet.net\/wp-cnet\/wp-json\/wp\/v2\/comments?post=54037"}],"version-history":[{"count":1,"href":"https:\/\/catolicanet.net\/wp-cnet\/wp-json\/wp\/v2\/posts\/54037\/revisions"}],"predecessor-version":[{"id":54039,"href":"https:\/\/catolicanet.net\/wp-cnet\/wp-json\/wp\/v2\/posts\/54037\/revisions\/54039"}],"wp:featuredmedia":[{"embeddable":true,"href":"https:\/\/catolicanet.net\/wp-cnet\/wp-json\/wp\/v2\/media\/54038"}],"wp:attachment":[{"href":"https:\/\/catolicanet.net\/wp-cnet\/wp-json\/wp\/v2\/media?parent=54037"}],"wp:term":[{"taxonomy":"category","embeddable":true,"href":"https:\/\/catolicanet.net\/wp-cnet\/wp-json\/wp\/v2\/categories?post=54037"},{"taxonomy":"post_tag","embeddable":true,"href":"https:\/\/catolicanet.net\/wp-cnet\/wp-json\/wp\/v2\/tags?post=54037"}],"curies":[{"name":"wp","href":"https:\/\/api.w.org\/{rel}","templated":true}]}}