{"id":54034,"date":"2019-09-23T10:27:42","date_gmt":"2019-09-23T13:27:42","guid":{"rendered":"http:\/\/catolicanet.net\/wp-cnet\/?p=54034"},"modified":"2019-09-23T10:27:42","modified_gmt":"2019-09-23T13:27:42","slug":"cplp-em-sintonia-com-papa-francisco-em-relacao-a-africa","status":"publish","type":"post","link":"https:\/\/catolicanet.net\/wp-cnet\/cplp-em-sintonia-com-papa-francisco-em-relacao-a-africa\/","title":{"rendered":"CPLP em \u201csintonia\u201d com Papa Francisco em rela\u00e7\u00e3o a \u00c1frica"},"content":{"rendered":"<h1 class=\"article__title\"><\/h1>\n<div class=\"article__subTitle\">Entrevista exclusiva \u00e0 VATICAN NEWS do Secret\u00e1rio Executivo da Comunidade dos Pa\u00edses de L\u00edngua Portuguesa.<\/div>\n<div class=\"title__separator\"><\/div>\n<div class=\"article__text\">\n<p><b>Domingos Pinto \u2013 Lisboa<\/b><\/p>\n<p>\u201cEstamos em perfeita sintonia com aquilo que s\u00e3o as refer\u00eancias do Papa Francisco em rela\u00e7\u00e3o a \u00c1frica e que tamb\u00e9m s\u00e3o as preocupa\u00e7\u00f5es que a CPLP tem em rela\u00e7\u00e3o a esses pa\u00edses\u201d.<\/p>\n<div>\n<div class=\"article__embed article__embed--unwrap article__embed--dark\">\n<div class=\"article__innerTitle\">Ou\u00e7a a entrevista!<\/div>\n<audio class=\"wp-audio-shortcode\" id=\"audio-54034-1\" preload=\"none\" style=\"width: 100%;\" controls=\"controls\"><source type=\"audio\/mpeg\" src=\"https:\/\/media.vaticannews.va\/media\/audio\/s1\/2019\/09\/23\/10\/135233327_F135233327.mp3?_=1\" \/><a href=\"https:\/\/media.vaticannews.va\/media\/audio\/s1\/2019\/09\/23\/10\/135233327_F135233327.mp3\">https:\/\/media.vaticannews.va\/media\/audio\/s1\/2019\/09\/23\/10\/135233327_F135233327.mp3<\/a><\/audio>\n<\/div>\n<\/div>\n<p>\u00c9 a convic\u00e7\u00e3o expressa ao portal da Santa S\u00e9 por Francisco Ribeiro Telles, secret\u00e1rio executivo da organiza\u00e7\u00e3o lus\u00f3fona no contexto da visita que realizou de 12 a 14 deste m\u00eas \u00e0 Guin\u00e9-Bissau.<\/p>\n<p>Uma visita de trabalho acompanhado pelo Ministro dos Neg\u00f3cios Estrangeiros e das Comunidades de Cabo Verde, Lu\u00eds Filipe Tavares, a convite da Ministra dos Neg\u00f3cios Estrangeiros, da Coopera\u00e7\u00e3o Internacional e Comunidades da Guin\u00e9-Bissau, Suzy Barbosa.<\/p>\n<p>Na agenda estiveram diversas audi\u00eancias com autoridades guineenses, oportunidade para destacar as elei\u00e7\u00f5es presidenciais no pa\u00eds em novembro pr\u00f3ximo. O secret\u00e1rio executivo da CPLP avan\u00e7ou que a organiza\u00e7\u00e3o lus\u00f3fona convidou Mo\u00e7ambique a \u201cliderar a miss\u00e3o de observa\u00e7\u00e3o eleitoral da CPLP\u201d, e sublinhou ainda a import\u00e2ncia das elei\u00e7\u00f5es gerais que v\u00e3o ter lugar a 15 de outubro em Mo\u00e7ambique, \u201ctendo em conta a estabilidade do pa\u00eds\u201d.<\/p>\n<p>O diplomata elogiou a recente visita papal a Mo\u00e7ambique, uma visita \u201cmuito importante\u201d que \u201cter\u00e1 tido um impacto muito forte, n\u00e3o apenas por se tratar de uma personalidade t\u00e3o evidente, t\u00e3o forte e t\u00e3o marcante como \u00e9 o Papa Francisco\u201d, mas tamb\u00e9m pelo \u201cpapel que a igreja cat\u00f3lica tem desenvolvido nesses pa\u00edses\u201d.<\/p>\n<p>J\u00e1 sobre a organiza\u00e7\u00e3o lus\u00f3fona, Francisco Ribeiro Telles espera que sejam ultrapassados \u201calguns constrangimentos financeiros de forma a que a CPLP possa vir a ter uma representa\u00e7\u00e3o permanente no decurso do pr\u00f3ximo ano na Guin\u00e9-Bissau\u201d.<\/p>\n<p>\u201cN\u00f3s no passado tivemos uma representa\u00e7\u00e3o permanente da CPLP em Bissau, mas por raz\u00f5es financeiras tivemos de encerrar essa miss\u00e3o\u201d, sublinha o diplomata que diz \u201chaver vontade pol\u00edtica\u201d para retomar essa presen\u00e7a naquele pa\u00eds africano.<\/p>\n<p>O SE da CPLP, que esta semana visita as Na\u00e7\u00f5es Unidas, destacou ainda a import\u00e2ncia da resolu\u00e7\u00e3o de coopera\u00e7\u00e3o com a organiza\u00e7\u00e3o lus\u00f3fona aprovada na semana passada pela ONU, e deixa uma palavra de \u201cotimismo e esperan\u00e7a\u201d para que \u201chaja uma vis\u00e3o importante\u201d para os problemas do mundo atual.<\/p>\n<\/div>\n","protected":false},"excerpt":{"rendered":"<p>Entrevista exclusiva \u00e0 VATICAN NEWS do Secret\u00e1rio Executivo da Comunidade dos Pa\u00edses de L\u00edngua Portuguesa. Domingos Pinto \u2013 Lisboa \u201cEstamos em perfeita sintonia com aquilo que s\u00e3o as refer\u00eancias do Papa Francisco em rela\u00e7\u00e3o a \u00c1frica e que tamb\u00e9m s\u00e3o as preocupa\u00e7\u00f5es que a CPLP tem em rela\u00e7\u00e3o a esses pa\u00edses\u201d. Ou\u00e7a a entrevista! \u00c9 [&hellip;]<\/p>\n","protected":false},"author":1,"featured_media":54035,"comment_status":"open","ping_status":"closed","sticky":false,"template":"","format":"standard","meta":{"footnotes":""},"categories":[3],"tags":[],"class_list":["post-54034","post","type-post","status-publish","format-standard","has-post-thumbnail","hentry","category-vaticano"],"_links":{"self":[{"href":"https:\/\/catolicanet.net\/wp-cnet\/wp-json\/wp\/v2\/posts\/54034","targetHints":{"allow":["GET"]}}],"collection":[{"href":"https:\/\/catolicanet.net\/wp-cnet\/wp-json\/wp\/v2\/posts"}],"about":[{"href":"https:\/\/catolicanet.net\/wp-cnet\/wp-json\/wp\/v2\/types\/post"}],"author":[{"embeddable":true,"href":"https:\/\/catolicanet.net\/wp-cnet\/wp-json\/wp\/v2\/users\/1"}],"replies":[{"embeddable":true,"href":"https:\/\/catolicanet.net\/wp-cnet\/wp-json\/wp\/v2\/comments?post=54034"}],"version-history":[{"count":1,"href":"https:\/\/catolicanet.net\/wp-cnet\/wp-json\/wp\/v2\/posts\/54034\/revisions"}],"predecessor-version":[{"id":54036,"href":"https:\/\/catolicanet.net\/wp-cnet\/wp-json\/wp\/v2\/posts\/54034\/revisions\/54036"}],"wp:featuredmedia":[{"embeddable":true,"href":"https:\/\/catolicanet.net\/wp-cnet\/wp-json\/wp\/v2\/media\/54035"}],"wp:attachment":[{"href":"https:\/\/catolicanet.net\/wp-cnet\/wp-json\/wp\/v2\/media?parent=54034"}],"wp:term":[{"taxonomy":"category","embeddable":true,"href":"https:\/\/catolicanet.net\/wp-cnet\/wp-json\/wp\/v2\/categories?post=54034"},{"taxonomy":"post_tag","embeddable":true,"href":"https:\/\/catolicanet.net\/wp-cnet\/wp-json\/wp\/v2\/tags?post=54034"}],"curies":[{"name":"wp","href":"https:\/\/api.w.org\/{rel}","templated":true}]}}