{"id":54031,"date":"2019-09-23T10:23:00","date_gmt":"2019-09-23T13:23:00","guid":{"rendered":"http:\/\/catolicanet.net\/wp-cnet\/?p=54031"},"modified":"2019-09-23T10:23:00","modified_gmt":"2019-09-23T13:23:00","slug":"santuario-de-ars-em-oracao-pelo-papa-e-pela-unidade-na-igreja","status":"publish","type":"post","link":"https:\/\/catolicanet.net\/wp-cnet\/santuario-de-ars-em-oracao-pelo-papa-e-pela-unidade-na-igreja\/","title":{"rendered":"Santu\u00e1rio de Ars em ora\u00e7\u00e3o pelo Papa e pela unidade na Igreja"},"content":{"rendered":"<p><iframe loading=\"lazy\" width=\"696\" height=\"392\" src=\"https:\/\/www.youtube.com\/embed\/uuWSVffv2Xo?feature=oembed\" frameborder=\"0\" allow=\"accelerometer; autoplay; encrypted-media; gyroscope; picture-in-picture\" allowfullscreen><\/iframe><\/p>\n<p>&nbsp;<\/p>\n<div class=\"article__subTitle\">S\u00e3o Jo\u00e3o Maria Vianney tinha uma liga\u00e7\u00e3o muito forte de fidelidade com o Papa. &#8220;A partir desta liga\u00e7\u00e3o forte que ele tinha com o Papa, n\u00f3s estamos fazendo uma campanha e estamos rezando em todas as Missa, de hoje at\u00e9 o final do S\u00ednodo, estamos fazendo uma campanha rezando pela unidade da Igreja, e pelo S\u00ednodo da Amaz\u00f4nia&#8221;, explica o sacerdote padre Paulo Dalla Dea.<\/div>\n<div class=\"title__separator\"><\/div>\n<div class=\"article__text\">\n<p><b>Cidade do Vaticano<\/b><\/p>\n<p>Inspirado na fidelidade do Cura d&#8217;Ars ao Sumo Pont\u00edfice, o <a href=\"https:\/\/www.vaticannews.va\/pt\/igreja\/news\/2019-06\/santuario-ars-franca-padre-paulo-dalla-dea.html\">Santu\u00e1rio<\/a> a ele dedicado na Fran\u00e7a reza diariamente pela unidade na Igreja e lan\u00e7a uma campanha de apoio ao Papa Francisco e ao S\u00ednodo Pan-Amaz\u00f4nico.<\/p>\n<p>O sacerdote <i>fidei donum <\/i>brasileiro, padre Paulo Dalla Dea, falou ao Vatican News da iniciativa, que al\u00e9m da inten\u00e7\u00e3o nas Missas di\u00e1rias pela unidade, consiste em breves v\u00eddeos de apoio\u00a0 ao Santo Padre e ao S\u00ednodo, postados no youtube e nas contas Twitter, Instagram e Facebook do Santu\u00e1rio d\u2019Ars:<\/p>\n<p><i>\u201cN\u00f3s estamos aqui no Santu\u00e1rio de Ars..,n\u00f3s estamos no cora\u00e7\u00e3o da Igreja&#8230;o Santu\u00e1rio de Ars &#8230;recende a espiritualidade sacerdotal e S\u00e3o Jo\u00e3o Maria Vianney quando era crian\u00e7a, a fam\u00edlia dele, se colocou em perigo justamente por apoiar os padres refrat\u00e1rios. A Revolu\u00e7\u00e3o Francesa tinha obrigado os padres a jurar fidelidade contra o Papa da \u00e9poca. E alguns padres o fizeram, outros padres ficaram refrat\u00e1rios e corriam o risco de vida. Os cat\u00f3licos que apoiavam, tamb\u00e9m corriam risco de vida. E a fam\u00edlia de S\u00e3o Jo\u00e3o Maria Vianney, quando ele era crian\u00e7a, escondeu muito padre refrat\u00e1rio na casa em Dardilly. Ent\u00e3o ele j\u00e1 tinha uma liga\u00e7\u00e3o muito forte de fidelidade com o Papa. A partir desta liga\u00e7\u00e3o forte que ele tinha com o Papa, n\u00f3s estamos fazendo uma campanha e estamos rezando em todas as Missa, de hoje at\u00e9 o final do S\u00ednodo, estamos fazendo uma campanha rezando pela unidade da Igreja, e pelo S\u00ednodo da Amaz\u00f4nia. Estamos rezando pelos dois. Em cima disto, n\u00f3s estamos come\u00e7ando uma campanha que \u00e9 \u201c#JeSotiensLePape\u201d, \u201c#JeSotiensLeSynode\u201d \u2013 \u201c#EuApoioOPapa\u201d, \u201c#EuApoioOS\u00ednodo\u201d, como a Igreja no Brasil tem feito. N\u00f3s estamos tamb\u00e9m come\u00e7ando uma campanha desafiando as pessoas a fazerem pequenos v\u00eddeos e postarem nas redes sociais<\/i>.\u201d<\/p>\n<p><iframe loading=\"lazy\" width=\"696\" height=\"392\" src=\"https:\/\/www.youtube.com\/embed\/3RC7PzeFPcA?feature=oembed\" frameborder=\"0\" allow=\"accelerometer; autoplay; encrypted-media; gyroscope; picture-in-picture\" allowfullscreen><\/iframe><\/p>\n<\/div>\n","protected":false},"excerpt":{"rendered":"<p>&nbsp; S\u00e3o Jo\u00e3o Maria Vianney tinha uma liga\u00e7\u00e3o muito forte de fidelidade com o Papa. &#8220;A partir desta liga\u00e7\u00e3o forte que ele tinha com o Papa, n\u00f3s estamos fazendo uma campanha e estamos rezando em todas as Missa, de hoje at\u00e9 o final do S\u00ednodo, estamos fazendo uma campanha rezando pela unidade da Igreja, e [&hellip;]<\/p>\n","protected":false},"author":1,"featured_media":54032,"comment_status":"open","ping_status":"closed","sticky":false,"template":"","format":"standard","meta":{"footnotes":""},"categories":[3],"tags":[],"class_list":["post-54031","post","type-post","status-publish","format-standard","has-post-thumbnail","hentry","category-vaticano"],"_links":{"self":[{"href":"https:\/\/catolicanet.net\/wp-cnet\/wp-json\/wp\/v2\/posts\/54031","targetHints":{"allow":["GET"]}}],"collection":[{"href":"https:\/\/catolicanet.net\/wp-cnet\/wp-json\/wp\/v2\/posts"}],"about":[{"href":"https:\/\/catolicanet.net\/wp-cnet\/wp-json\/wp\/v2\/types\/post"}],"author":[{"embeddable":true,"href":"https:\/\/catolicanet.net\/wp-cnet\/wp-json\/wp\/v2\/users\/1"}],"replies":[{"embeddable":true,"href":"https:\/\/catolicanet.net\/wp-cnet\/wp-json\/wp\/v2\/comments?post=54031"}],"version-history":[{"count":1,"href":"https:\/\/catolicanet.net\/wp-cnet\/wp-json\/wp\/v2\/posts\/54031\/revisions"}],"predecessor-version":[{"id":54033,"href":"https:\/\/catolicanet.net\/wp-cnet\/wp-json\/wp\/v2\/posts\/54031\/revisions\/54033"}],"wp:featuredmedia":[{"embeddable":true,"href":"https:\/\/catolicanet.net\/wp-cnet\/wp-json\/wp\/v2\/media\/54032"}],"wp:attachment":[{"href":"https:\/\/catolicanet.net\/wp-cnet\/wp-json\/wp\/v2\/media?parent=54031"}],"wp:term":[{"taxonomy":"category","embeddable":true,"href":"https:\/\/catolicanet.net\/wp-cnet\/wp-json\/wp\/v2\/categories?post=54031"},{"taxonomy":"post_tag","embeddable":true,"href":"https:\/\/catolicanet.net\/wp-cnet\/wp-json\/wp\/v2\/tags?post=54031"}],"curies":[{"name":"wp","href":"https:\/\/api.w.org\/{rel}","templated":true}]}}