{"id":53990,"date":"2019-09-20T13:43:37","date_gmt":"2019-09-20T16:43:37","guid":{"rendered":"http:\/\/catolicanet.net\/wp-cnet\/?p=53990"},"modified":"2019-09-20T13:43:37","modified_gmt":"2019-09-20T16:43:37","slug":"igreja-do-amazonas-e-de-roraima-refletem-sobre-novos-caminhos-para-ser-presenca-na-amazonia","status":"publish","type":"post","link":"https:\/\/catolicanet.net\/wp-cnet\/igreja-do-amazonas-e-de-roraima-refletem-sobre-novos-caminhos-para-ser-presenca-na-amazonia\/","title":{"rendered":"Igreja do Amazonas e de Roraima refletem sobre novos caminhos para ser presen\u00e7a na Amaz\u00f4nia"},"content":{"rendered":"<p>Bispos, padres, di\u00e1conos, religiosos e religiosas, leigos e leigas, dentre eles representantes de 12 povos ind\u00edgenas, estiveram reunidos em Manaus, na 47.\u00aa Assembleia do Regional Norte 1 (Amazonas e Roraima) da Confer\u00eancia Nacional dos Bispos do Brasil (CNBB) para acolher as novas Diretrizes Gerais para a A\u00e7\u00e3o Evangelizadora da Igreja do Brasil (2019 \u2013 2023) e recordar a caminhada feita em prepara\u00e7\u00e3o ao S\u00ednodo para a Amaz\u00f4nia a ser realizado de 6 a 27 de outubro, em Roma, refor\u00e7ando o compromisso de levar ao Papa Francisco alguns clamores houve durante as escutas e que est\u00e3o no <em>Instrumentum Laboris<\/em>, documento norteador deste s\u00ednodo.<\/p>\n<p>Com o objetivo geral de evangelizar no Brasil cada vez mais urbano, pelo an\u00fancio da Palavra de Deus, formando disc\u00edpulos e disc\u00edpulas de Jesus Cristo, em comunidades eclesiais mission\u00e1rias, \u00e0 luz da evang\u00e9lica op\u00e7\u00e3o preferencial pelos pobres cuidando da Casa Comum e testemunhando o Reino de Deus rumo \u00e0 plenitude, as novas Diretrizes Gerais para a A\u00e7\u00e3o Evangelizadora da Igreja do Brasil (2019 \u2013 2023) nos trazem a imagem da casa, com quatro pilares de sustenta\u00e7\u00e3o: Palavra, P\u00e3o, Caridade e A\u00e7\u00e3o Mission\u00e1ria.<\/p>\n<p><a href=\"http:\/\/cnbbnorte1.blogspot.com\/2019\/09\/igreja-do-amazonas-e-de-roraima.html\">Confira a not\u00edcia na \u00edntegra<\/a>.<\/p>\n","protected":false},"excerpt":{"rendered":"<p>Bispos, padres, di\u00e1conos, religiosos e religiosas, leigos e leigas, dentre eles representantes de 12 povos ind\u00edgenas, estiveram reunidos em Manaus, na 47.\u00aa Assembleia do Regional Norte 1 (Amazonas e Roraima) da Confer\u00eancia Nacional dos Bispos do Brasil (CNBB) para acolher as novas Diretrizes Gerais para a A\u00e7\u00e3o Evangelizadora da Igreja do Brasil (2019 \u2013 2023) [&hellip;]<\/p>\n","protected":false},"author":1,"featured_media":53991,"comment_status":"open","ping_status":"closed","sticky":false,"template":"","format":"standard","meta":{"footnotes":""},"categories":[7],"tags":[],"class_list":["post-53990","post","type-post","status-publish","format-standard","has-post-thumbnail","hentry","category-cnbb"],"_links":{"self":[{"href":"https:\/\/catolicanet.net\/wp-cnet\/wp-json\/wp\/v2\/posts\/53990","targetHints":{"allow":["GET"]}}],"collection":[{"href":"https:\/\/catolicanet.net\/wp-cnet\/wp-json\/wp\/v2\/posts"}],"about":[{"href":"https:\/\/catolicanet.net\/wp-cnet\/wp-json\/wp\/v2\/types\/post"}],"author":[{"embeddable":true,"href":"https:\/\/catolicanet.net\/wp-cnet\/wp-json\/wp\/v2\/users\/1"}],"replies":[{"embeddable":true,"href":"https:\/\/catolicanet.net\/wp-cnet\/wp-json\/wp\/v2\/comments?post=53990"}],"version-history":[{"count":1,"href":"https:\/\/catolicanet.net\/wp-cnet\/wp-json\/wp\/v2\/posts\/53990\/revisions"}],"predecessor-version":[{"id":53992,"href":"https:\/\/catolicanet.net\/wp-cnet\/wp-json\/wp\/v2\/posts\/53990\/revisions\/53992"}],"wp:featuredmedia":[{"embeddable":true,"href":"https:\/\/catolicanet.net\/wp-cnet\/wp-json\/wp\/v2\/media\/53991"}],"wp:attachment":[{"href":"https:\/\/catolicanet.net\/wp-cnet\/wp-json\/wp\/v2\/media?parent=53990"}],"wp:term":[{"taxonomy":"category","embeddable":true,"href":"https:\/\/catolicanet.net\/wp-cnet\/wp-json\/wp\/v2\/categories?post=53990"},{"taxonomy":"post_tag","embeddable":true,"href":"https:\/\/catolicanet.net\/wp-cnet\/wp-json\/wp\/v2\/tags?post=53990"}],"curies":[{"name":"wp","href":"https:\/\/api.w.org\/{rel}","templated":true}]}}