{"id":53950,"date":"2019-09-19T15:33:29","date_gmt":"2019-09-19T18:33:29","guid":{"rendered":"http:\/\/catolicanet.net\/wp-cnet\/?p=53950"},"modified":"2019-09-19T15:33:29","modified_gmt":"2019-09-19T18:33:29","slug":"jovem-cumpre-promessa-a-virgem-e-se-veste-como-ela-para-desfile-patrio-em-el-salvador","status":"publish","type":"post","link":"https:\/\/catolicanet.net\/wp-cnet\/jovem-cumpre-promessa-a-virgem-e-se-veste-como-ela-para-desfile-patrio-em-el-salvador\/","title":{"rendered":"Jovem cumpre promessa \u00e0 Virgem e se veste como ela para desfile p\u00e1trio em El Salvador"},"content":{"rendered":"<p>Lourdes Maria Cornejo, uma jovem salvadorenha, em cumprimento de uma promessa feita \u00e0 Virgem Maria, participou do desfile da cidade de San Vicente pelas Festas P\u00e1trias de El Salvador, no domingo, 15 de setembro, vestida como Nossa Senhora da Paz.<\/p>\n<p>Ao contr\u00e1rio de outras jovens, vestidas com roupas \u201cda moda\u201d, Lourdes Maria surpreendeu com essa express\u00e3o de f\u00e9, que se tornou viral nas redes sociais.<\/p>\n<p><img decoding=\"async\" src=\"https:\/\/www.aciprensa.com\/images\/Lourdes-Maria-Cornejo-Virgen-Paz-Cortesia-170919.jpeg\" alt=\"\" \/><\/p>\n<h6><em>Lourdes Maria vestida como Nossa Senhora da Paz. Cr\u00e9dito: Cortesia\/Lourdes Maria Cornejo<\/em><\/h6>\n<p>Em di\u00e1logo com o Grupo ACI, a jovem, de apenas 16 anos, disse que v\u00ea este oferecimento que fez a Santa Maria com \u201cmuito carinho, amor e respeito\u201d.<\/p>\n<p>&#8220;Mais do que uma ideia, \u00e9 uma promessa que fiz \u00e0 Virgem desde os meus 13 anos, desde o Jubileu de 100 anos da apari\u00e7\u00e3o de Nossa Senhora de F\u00e1tima&#8221;.<\/p>\n<p><img decoding=\"async\" src=\"https:\/\/www.aciprensa.com\/images\/Lourdes-Maria-Cornejo-Virgen-Fatima-Cortesia-170919.jpeg\" alt=\"\" \/><\/p>\n<h6><em>Lourdes Maria vestida como Nossa Senhora de F\u00e1tima. Cr\u00e9dito: Cortesia\/Lourdes Maria Cornejo<\/em><\/h6>\n<p>Essa, disse, foi a primeira vez que representou a Virgem em um desfile. &#8220;A segunda vez foi nos 75 anos da Diocese de San Vicente&#8221;, em 2018, vestida como Nossa Senhora Auxiliadora. &#8220;E a terceira foi da Virgem da Paz, padroeira de El Salvador&#8221;.<\/p>\n<p><img decoding=\"async\" src=\"https:\/\/www.aciprensa.com\/images\/Lourdes-Maria-Cornejo-Maria-Auxiliadora-170919.jpeg\" alt=\"\" \/><\/p>\n<h6><em>Lourdes Maria vestida como Nossa Senhora Auxiliadora. Cr\u00e9dito: Cortesia\/Lourdes Maria Cornejo.\u00a0<\/em><\/h6>\n<p>Para Lourdes, participar destes desfiles vestida como Santa Maria \u00e9 uma ocasi\u00e3o para &#8220;transmitir uma mensagem aos jovens para que sigamos o modelo da Virgem&#8221;.<\/p>\n<p>A jovem \u00e9 consciente de que &#8220;s\u00e3o tempos muito dif\u00edceis, nos quais a juventude est\u00e1 perdendo bastante a sua f\u00e9&#8221;, por isso, convidou os jovens a &#8220;exaltar nossa Igreja Cat\u00f3lica e seguir os exemplos de nossa M\u00e3e Sant\u00edssima, de nosso Senhor Jesus Cristo&#8221;.<\/p>\n<p>\u201cEle morreu na cruz por n\u00f3s, pelos pecadores. Temos que nos sentir felizes e honrados\u201d, assegurou.<\/p>\n<p>Para aqueles que podem sentir vergonha de mostrar sua f\u00e9 em p\u00fablico, Lourdes os incentivou a &#8220;n\u00e3o terem vergonha, a que se sintam orgulhosos de serem cat\u00f3licos, de expressarem a f\u00e9 e transmiti-la \u00e0s demais pessoas\u201d.<\/p>\n<p>&#8220;Que n\u00e3o nos importem (as cr\u00edticas), porque o Senhor nos carregou, agora temos que honrar o que Ele fez&#8221;, expressou.<\/p>\n","protected":false},"excerpt":{"rendered":"<p>Lourdes Maria Cornejo, uma jovem salvadorenha, em cumprimento de uma promessa feita \u00e0 Virgem Maria, participou do desfile da cidade de San Vicente pelas Festas P\u00e1trias de El Salvador, no domingo, 15 de setembro, vestida como Nossa Senhora da Paz. Ao contr\u00e1rio de outras jovens, vestidas com roupas \u201cda moda\u201d, Lourdes Maria surpreendeu com essa [&hellip;]<\/p>\n","protected":false},"author":1,"featured_media":53951,"comment_status":"open","ping_status":"closed","sticky":false,"template":"","format":"standard","meta":{"footnotes":""},"categories":[4],"tags":[],"class_list":["post-53950","post","type-post","status-publish","format-standard","has-post-thumbnail","hentry","category-cotidiano"],"_links":{"self":[{"href":"https:\/\/catolicanet.net\/wp-cnet\/wp-json\/wp\/v2\/posts\/53950","targetHints":{"allow":["GET"]}}],"collection":[{"href":"https:\/\/catolicanet.net\/wp-cnet\/wp-json\/wp\/v2\/posts"}],"about":[{"href":"https:\/\/catolicanet.net\/wp-cnet\/wp-json\/wp\/v2\/types\/post"}],"author":[{"embeddable":true,"href":"https:\/\/catolicanet.net\/wp-cnet\/wp-json\/wp\/v2\/users\/1"}],"replies":[{"embeddable":true,"href":"https:\/\/catolicanet.net\/wp-cnet\/wp-json\/wp\/v2\/comments?post=53950"}],"version-history":[{"count":1,"href":"https:\/\/catolicanet.net\/wp-cnet\/wp-json\/wp\/v2\/posts\/53950\/revisions"}],"predecessor-version":[{"id":53952,"href":"https:\/\/catolicanet.net\/wp-cnet\/wp-json\/wp\/v2\/posts\/53950\/revisions\/53952"}],"wp:featuredmedia":[{"embeddable":true,"href":"https:\/\/catolicanet.net\/wp-cnet\/wp-json\/wp\/v2\/media\/53951"}],"wp:attachment":[{"href":"https:\/\/catolicanet.net\/wp-cnet\/wp-json\/wp\/v2\/media?parent=53950"}],"wp:term":[{"taxonomy":"category","embeddable":true,"href":"https:\/\/catolicanet.net\/wp-cnet\/wp-json\/wp\/v2\/categories?post=53950"},{"taxonomy":"post_tag","embeddable":true,"href":"https:\/\/catolicanet.net\/wp-cnet\/wp-json\/wp\/v2\/tags?post=53950"}],"curies":[{"name":"wp","href":"https:\/\/api.w.org\/{rel}","templated":true}]}}