{"id":5394,"date":"2014-12-01T03:00:00","date_gmt":"2014-12-01T05:00:00","guid":{"rendered":"http:\/\/catolicanet.net\/wp-cnet\/francisco-voz-dos-que-nao-tem-voz\/"},"modified":"2017-04-07T09:12:45","modified_gmt":"2017-04-07T12:12:45","slug":"francisco-voz-dos-que-nao-tem-voz","status":"publish","type":"post","link":"https:\/\/catolicanet.net\/wp-cnet\/francisco-voz-dos-que-nao-tem-voz\/","title":{"rendered":"Francisco: voz dos que n\u00e3o tem voz"},"content":{"rendered":"<p style=\"text-align: justify;\">Jesus quer sempre salvar o seu povo e saciar sua fome de dignidade, nada se pode coibir na a\u00e7\u00e3o de Deus, a qual se manifesta mesmo quando nos deparamos com resist\u00eancia e ventos contr\u00e1rios. Como \u00e9 salutar \u00e0s pessoas sentirem-se envolvidas em luz e confiantes na prote\u00e7\u00e3o divina, tal como rezamos no Livro Sagrado: \u201cO Senhor \u00e9 minha luz e salva\u00e7\u00e3o; de quem eu terei medo? O Senhor \u00e9 a prote\u00e7\u00e3o de minha vida; perante quem eu tremerei?\u201d (cf. Sl 27,1). S\u00e3o Jo\u00e3o da Cruz, ao nos assegurar que \u201cNo entardecer da vida seremos julgados pelo amor\u201d, nos prop\u00f5e um exigente programa de vida.<br \/>A respeito do pronunciamento do Papa Francisco no Parlamento Europeu em Estrasburgo \u2013 Fran\u00e7a (25.11.2014), a Imprensa internacional deu grande import\u00e2ncia \u00e0 sua boa nova, destacando os diversos temas abordados pelo Sumo Pont\u00edfice, nos dois discursos proferidos pelo Vig\u00e1rio de Cristo nas institui\u00e7\u00f5es europeias (Parlamento Europeu e Conselho da Europa). A Comiss\u00e3o dos Episcopados da Comunidade Europeia (COMECE) reunida em Bruxelas &#8211; B\u00e9lgica, no dia seguinte se manifestou, falando de uma aut\u00eantica \u201cenc\u00edclica social\u201d, para o Velho Continente. Em uma nota enviada \u00e0 Ag\u00eancia ECCLESIA, o presidente do organismo que re\u00fane os bispos cat\u00f3licos europeus, Cardeal Reinhard Marx, salienta que com o seu discurso ao Parlamento Europeu, o Papa argentino \u201csublinhou a import\u00e2ncia da alian\u00e7a europeia e a necessidade de levar a diante este projeto\u201d. Deixou claro o Sumo Pont\u00edfice na sua mensagem que as pessoas devem ser o centro, n\u00e3o apenas \u201cenquanto cidad\u00e3s ou sujeitos de uma economia\u2026 Mas enquanto homens e mulheres dotados de uma dignidade transcendental\u201d e de \u201cdireitos inalien\u00e1veis\u201d. Enc\u00edclica social porque o Santo Padre salientou como quest\u00e3o de vida ou morte a devida import\u00e2ncia que se deve dar a Ecologia e o meio ambiente, trabalho e migra\u00e7\u00f5es foram outras mat\u00e9rias em destaque no discurso que o Papa Francisco pronunciou em Estrasburgo, perante o Parlamento Europeu e Conselho da Europa. <br \/>Sobre a quest\u00e3o dos emigrantes e itinerantes, o Cardeal Reinhard Marx frisa que o Papa argentino \u201ccolocou o dedo na ferida\u201d ao falar da Ilha de Lampedusa, na costa italiana, que tem sido palco de incont\u00e1veis mortes de emigrantes africanos. Homens e mulheres, muitas vezes fam\u00edlias inteiras que se jogam ao mar em busca de uma porta de entrada para a Europa, na esperan\u00e7a de um futuro melhor. \u201cO Papa n\u00e3o se limitou a alertar os deputados europeus para o fato de o Mediterr\u00e2neo ter se transformado em um grande cemit\u00e9rio, desafiou-os a mostrarem-se solid\u00e1rios para com os problemas dos migrantes e a tomarem medidas concretas para a sua resolu\u00e7\u00e3o\u201d, complementa o presidente da COMECE. Sem esquecer o lado existencial das pessoas, afirmou o Bispo de Roma no Parlamento Europeu: \u201cUma das doen\u00e7as que vejo mais difundidas hoje na Europa \u00e9 a solid\u00e3o, pr\u00f3pria daqueles que n\u00e3o possuem v\u00ednculos\u201d.<br \/>Voltando-me mais uma vez ao m\u00edstico e poeta S\u00e3o Jo\u00e3o da Cruz, o qual nos presenteia com o poema \u201ca noite escura da alma\u201d, ao narrar os empecilhos do interior humano, no apego as coisas do mundo, no sentido de atingir o sentido completo da transcend\u00eancia, que \u00e9 a luz verdadeira de Deus, manifestado ao mundo no seu Filho Jesus. Deste modo, podemos caracterizar Francisco diante da realidade indiz\u00edvel e misteriosa do pres\u00e9pio como\u00a0 outro S\u00e3o Jo\u00e3o da Cruz, na humilde s\u00faplica de paz: \u201cRezemos de modo especial por todos que sofrem persegui\u00e7\u00f5es por causa da f\u00e9&#8221;, lan\u00e7ando um convite \u00e0 &#8220;esperan\u00e7a&#8221;, a n\u00e3o se deixar deprimir nem se assustar por causa da realidade feita de \u201cguerras e sofrimentos\u201d. O Papa recordou como as grandes constru\u00e7\u00f5es que ignoraram Deus est\u00e3o destinadas a desabar. Foi assim com a &#8220;malvada Babil\u00f4nia&#8221;, que caiu na corrup\u00e7\u00e3o e a mesma coisa com a &#8220;distra\u00edda Jerusal\u00e9m&#8221;, que caiu por ser &#8220;autossuficiente&#8221;, incapaz de perceber em Jesus o Salvador da humanidade. Neste sentido, Francisco convida-nos a dizer n\u00e3o a depress\u00e3o e um sim \u00e0 esperan\u00e7a. Para o crist\u00e3o, a atitude reta \u00e9 sempre a &#8220;esperan\u00e7a&#8221;, nunca a &#8220;depress\u00e3o&#8221;, disse o papa na missa de 27.11.2014, dedicada \u00e0 Bem Aventurada Virgem da Medalha Milagrosa, encarnada na espiritualidade das filhas da Caridade de S\u00e3o Vicente de Paulo, a congrega\u00e7\u00e3o que presta servi\u00e7o nesta Casa. Babil\u00f4nia \u00e9 o \u201cs\u00edmbolo de qualquer sociedade, cultura ou pessoa que se afasta de Deus, do amor ao pr\u00f3ximo, acabando por apodrecer em si mesma\u201d. No fim, \u201cBabil\u00f4nia cai por causa do apego aos bem temporais, da corrup\u00e7\u00e3o e do afastamento de Deus&#8221;.<br \/>Concluo com as palavras do Romano Pont\u00edfice, voz dos que n\u00e3o tem voz, indignado com a dor, sofrimento e car\u00eancia de toda natureza, nunca dormindo no ponto, bem longe da indiferen\u00e7a e do comodismo: \u201cQuando pensamos no fim da nossa vida, do mundo \u2013 explicou \u2013 com todos os nossos pecados, com a nossa hist\u00f3ria pessoal, pensemos no banquete que nos ser\u00e1 oferecido gratuitamente e levantemos a cabe\u00e7a\u201d. N\u00e3o \u00e0 \u201cdepress\u00e3o\u201d, sim \u00e0 \u201cesperan\u00e7a\u201d. \u00c9 verdade que \u201ca realidade \u00e9 feia: h\u00e1 muitos povos e cidades que sofrem; tantas guerras, \u00f3dio e inveja; muita mundanidade espiritual e corrup\u00e7\u00e3o\u201d. Mas \u201ctudo isto passar\u00e1\u201d. Eis o motivo pelo qual devemos \u201cpedir ao Senhor a gra\u00e7a de estar preparados para o banquete que nos espera, com a cabe\u00e7a sempre levantada\u201d. Assim seja!<\/p>\n","protected":false},"excerpt":{"rendered":"<p>Jesus quer sempre salvar o seu povo e saciar sua fome de dignidade, nada se pode coibir na a\u00e7\u00e3o de Deus, a qual se manifesta mesmo quando nos deparamos com resist\u00eancia e ventos contr\u00e1rios. Como \u00e9 salutar \u00e0s pessoas sentirem-se envolvidas em luz e confiantes na prote\u00e7\u00e3o divina, tal como rezamos no Livro Sagrado: \u201cO [&hellip;]<\/p>\n","protected":false},"author":6,"featured_media":0,"comment_status":"closed","ping_status":"closed","sticky":false,"template":"","format":"standard","meta":{"footnotes":""},"categories":[9],"tags":[],"class_list":["post-5394","post","type-post","status-publish","format-standard","hentry","category-artigos"],"_links":{"self":[{"href":"https:\/\/catolicanet.net\/wp-cnet\/wp-json\/wp\/v2\/posts\/5394","targetHints":{"allow":["GET"]}}],"collection":[{"href":"https:\/\/catolicanet.net\/wp-cnet\/wp-json\/wp\/v2\/posts"}],"about":[{"href":"https:\/\/catolicanet.net\/wp-cnet\/wp-json\/wp\/v2\/types\/post"}],"author":[{"embeddable":true,"href":"https:\/\/catolicanet.net\/wp-cnet\/wp-json\/wp\/v2\/users\/6"}],"replies":[{"embeddable":true,"href":"https:\/\/catolicanet.net\/wp-cnet\/wp-json\/wp\/v2\/comments?post=5394"}],"version-history":[{"count":1,"href":"https:\/\/catolicanet.net\/wp-cnet\/wp-json\/wp\/v2\/posts\/5394\/revisions"}],"predecessor-version":[{"id":10253,"href":"https:\/\/catolicanet.net\/wp-cnet\/wp-json\/wp\/v2\/posts\/5394\/revisions\/10253"}],"wp:attachment":[{"href":"https:\/\/catolicanet.net\/wp-cnet\/wp-json\/wp\/v2\/media?parent=5394"}],"wp:term":[{"taxonomy":"category","embeddable":true,"href":"https:\/\/catolicanet.net\/wp-cnet\/wp-json\/wp\/v2\/categories?post=5394"},{"taxonomy":"post_tag","embeddable":true,"href":"https:\/\/catolicanet.net\/wp-cnet\/wp-json\/wp\/v2\/tags?post=5394"}],"curies":[{"name":"wp","href":"https:\/\/api.w.org\/{rel}","templated":true}]}}