{"id":53929,"date":"2019-09-19T13:48:42","date_gmt":"2019-09-19T16:48:42","guid":{"rendered":"http:\/\/catolicanet.net\/wp-cnet\/?p=53929"},"modified":"2019-09-19T13:48:42","modified_gmt":"2019-09-19T16:48:42","slug":"populacao-haitiana-vive-situacao-desumana-dizem-jesuitas","status":"publish","type":"post","link":"https:\/\/catolicanet.net\/wp-cnet\/populacao-haitiana-vive-situacao-desumana-dizem-jesuitas\/","title":{"rendered":"Popula\u00e7\u00e3o haitiana vive situa\u00e7\u00e3o desumana, dizem jesu\u00edtas"},"content":{"rendered":"<div class=\"article__subTitle\">Popula\u00e7\u00e3o haitinana vai \u00e0s ruas protestar contra a falta de combust\u00edvel e pede a demiss\u00e3o do presidente Jovenel Moise. Bispos discutir\u00e3o situa\u00e7\u00e3o no pa\u00eds na pr\u00f3xima semana.<\/div>\n<div class=\"title__separator\"><\/div>\n<div class=\"article__text\">\n<p>O Haiti volta a mergulhar no caos.\u00a0 Desde domingo, a popula\u00e7\u00e3o voltou \u00e0s ruas na capital Porto Pr\u00edncipe e em outras cidades para protestar contra o governo, principalmente devido \u00e0 falta de combust\u00edvel, que j\u00e1 dura tr\u00eas semanas.<\/p>\n<h2>Manifesta\u00e7\u00f5es exigem ren\u00fancia do presidente Moise<\/h2>\n<p>Os manifestantes levantaram \u00a0barricadas e na segunda-feira houve disparos e arremesso de pedra, provocando algumas v\u00edtimas. Esta \u00e9 apenas mais uma das tantas manifesta\u00e7\u00f5es contra o presidente Jovenel Moise.<\/p>\n<p>De fato, h\u00e1 mais de um ano as pessoas v\u00e3os \u00e0s ruas para exigir sua ren\u00fancia, ap\u00f3s um relat\u00f3rio do Tribunal de Contas local sobre o esc\u00e2ndalo surgido no \u00e2mbito do programa de desenvolvimento da Petrocaribe, iniciado pela Venezuela pelo ent\u00e3o presidente Hugo Ch\u00e1vez. O pa\u00eds est\u00e1 praticamente paralisado.<\/p>\n<h2>Bispos preocupados com deteriora\u00e7\u00e3o da situa\u00e7\u00e3o<\/h2>\n<p>\u201cSim, estamos preocupados, a situa\u00e7\u00e3o est\u00e1 piorando novamente\u201d &#8211; \u00e9 a mensagem enviada \u00e0 ag\u00eancia Sir pela Confer\u00eancia Episcopal do Haiti, que em Pentecostes lan\u00e7ou um ano especial de ora\u00e7\u00e3o pelo pa\u00eds. &#8220;Como bispos, nos reuniremos na pr\u00f3xima segunda-feira e falaremos mais uma vez sobre a situa\u00e7\u00e3o no Pa\u00eds.&#8221;<\/p>\n<p>A dram\u00e1tica situa\u00e7\u00e3o no pa\u00eds tamb\u00e9m \u00e9 descrita em um longo comunicado da Prov\u00edncia Jesu\u00edta do Haiti, publicado na quarta-feira e enviada \u00e0 Sir.<\/p>\n<h2>Aumento de at\u00e9 200% nos pre\u00e7os dos combust\u00edveis<\/h2>\n<p>Na nota, \u00e9 ressaltado &#8220;o cansa\u00e7o das pessoas devido \u00e0 evidente falta de lideran\u00e7a do presidente&#8221; e o aumento de 150% ou mesmo 200% nos pre\u00e7os dos combust\u00edveis.<\/p>\n<p>Para reabastecer, \u00e9 preciso esperar ao menos 4 horas nas filas. Na pr\u00e1tica, segundo os jesu\u00edtas, o pa\u00eds est\u00e1 parado, os \u00edndices de previd\u00eancia e sa\u00fade est\u00e3o diminuindo, muitas escolas permanecem fechadas. &#8220;O presidente continua no poder, mas o apoio do governo estadunidense n\u00e3o \u00e9 suficiente para ele&#8221;, refletem os jesu\u00edtas.<\/p>\n<p>Ele ter\u00e1 que nomear um novo primeiro ministro e formar um governo de unidade nacional, com base em um inevit\u00e1vel acordo pol\u00edtico com os v\u00e1rios protagonistas da vida nacional.<\/p>\n<p>Esse novo governo ter\u00e1 de falar menos e se comunicar mais, agindo com rapidez e efic\u00e1cia para melhorar imediatamente as condi\u00e7\u00f5es de vida uma popula\u00e7\u00e3o que vive em uma situa\u00e7\u00e3o desumana. (Ag\u00eancia SIR)<\/p>\n<\/div>\n","protected":false},"excerpt":{"rendered":"<p>Popula\u00e7\u00e3o haitinana vai \u00e0s ruas protestar contra a falta de combust\u00edvel e pede a demiss\u00e3o do presidente Jovenel Moise. Bispos discutir\u00e3o situa\u00e7\u00e3o no pa\u00eds na pr\u00f3xima semana. O Haiti volta a mergulhar no caos.\u00a0 Desde domingo, a popula\u00e7\u00e3o voltou \u00e0s ruas na capital Porto Pr\u00edncipe e em outras cidades para protestar contra o governo, principalmente [&hellip;]<\/p>\n","protected":false},"author":1,"featured_media":53930,"comment_status":"open","ping_status":"closed","sticky":false,"template":"","format":"standard","meta":{"footnotes":""},"categories":[3],"tags":[],"class_list":["post-53929","post","type-post","status-publish","format-standard","has-post-thumbnail","hentry","category-vaticano"],"_links":{"self":[{"href":"https:\/\/catolicanet.net\/wp-cnet\/wp-json\/wp\/v2\/posts\/53929","targetHints":{"allow":["GET"]}}],"collection":[{"href":"https:\/\/catolicanet.net\/wp-cnet\/wp-json\/wp\/v2\/posts"}],"about":[{"href":"https:\/\/catolicanet.net\/wp-cnet\/wp-json\/wp\/v2\/types\/post"}],"author":[{"embeddable":true,"href":"https:\/\/catolicanet.net\/wp-cnet\/wp-json\/wp\/v2\/users\/1"}],"replies":[{"embeddable":true,"href":"https:\/\/catolicanet.net\/wp-cnet\/wp-json\/wp\/v2\/comments?post=53929"}],"version-history":[{"count":1,"href":"https:\/\/catolicanet.net\/wp-cnet\/wp-json\/wp\/v2\/posts\/53929\/revisions"}],"predecessor-version":[{"id":53931,"href":"https:\/\/catolicanet.net\/wp-cnet\/wp-json\/wp\/v2\/posts\/53929\/revisions\/53931"}],"wp:featuredmedia":[{"embeddable":true,"href":"https:\/\/catolicanet.net\/wp-cnet\/wp-json\/wp\/v2\/media\/53930"}],"wp:attachment":[{"href":"https:\/\/catolicanet.net\/wp-cnet\/wp-json\/wp\/v2\/media?parent=53929"}],"wp:term":[{"taxonomy":"category","embeddable":true,"href":"https:\/\/catolicanet.net\/wp-cnet\/wp-json\/wp\/v2\/categories?post=53929"},{"taxonomy":"post_tag","embeddable":true,"href":"https:\/\/catolicanet.net\/wp-cnet\/wp-json\/wp\/v2\/tags?post=53929"}],"curies":[{"name":"wp","href":"https:\/\/api.w.org\/{rel}","templated":true}]}}