{"id":5390,"date":"2014-12-02T11:51:28","date_gmt":"2014-12-02T13:51:28","guid":{"rendered":"http:\/\/catolicanet.net\/wp-cnet\/joao-batista-o-profeta\/"},"modified":"2017-04-07T09:21:31","modified_gmt":"2017-04-07T12:21:31","slug":"joao-batista-o-profeta","status":"publish","type":"post","link":"https:\/\/catolicanet.net\/wp-cnet\/joao-batista-o-profeta\/","title":{"rendered":"Jo\u00e3o Batista, o profeta"},"content":{"rendered":"<p style=\"text-align: justify;\">O advento que prepara os fi\u00e9is para a solenidade de nascimento do Messias, Salvador da humanidade, \u00e9 bem o tempo dos Profetas, dos quais o \u00faltimo foi S\u00e3o Jo\u00e3o Batista. Eis porque ele se torna um personagem importante no segundo e terceiros domingos deste tempo lit\u00fargico. O Evangelho de S\u00e3o Marcos se inicia fazendo refer\u00eancia ao que proclamou Deus atrav\u00e9s de Isa\u00edas: \u201cEis que eu envio diante de ti o meu mensageiro [&#8230;] voz que clama no deserto. Preparai o caminho do Senhor (Mc 1, 2-3). Logo em seguida o evangelista assim se expressa: \u201cApareceu Jo\u00e3o Batista no deserto a pregar um batismo de arrependimento para a remiss\u00e3o dos pecados\u201d (Mc 1, 4). De plano ent\u00e3o surge a quest\u00e3o: \u201cO que vem a ser um profeta?&#8221; Segundo o significado empregado na B\u00edblia \u00e9 aquele que fala como acreditado mensageiro de Deus. Ele n\u00e3o fala em seu nome pr\u00f3prio, mas recebe uma miss\u00e3o divina para proclamar as mensagens do Senhor. Assim sendo, age em nome de Deus e o faz sem nenhum interesse pessoal. N\u00e3o tem ideias preconcebidas de sua parte, mas anuncia o que lhe \u00e9 inspirado pelo Ser Supremo. O falso profeta doutrina de acordo com o que pensa e aliena os outros, muitas vezes para extorquir vantagens abusando da incredulidade dos ing\u00eanuos. O profeta verdadeiro \u00e9 um homem desinteressado, longe de todo amor pr\u00f3prio, mas anunciando unicamente os apelos salv\u00edficos de Deus. Eis porque os profetas, como aconteceu com Jo\u00e3o Batista, apontavam como rota de salva\u00e7\u00e3o o arrependimento dos pecados. Porque ent\u00e3o denunciam as injusti\u00e7as, os erros, as prevarica\u00e7\u00f5es acabam pagando, inclusive, com a morte sua coragem, como, ali\u00e1s iria acontecer com o Precursor de Jesus. Jo\u00e3o Batista interpelava as consci\u00eancias para que houvesse uma metan\u00f3ia,\u00a0 uma transforma\u00e7\u00e3o fundamental de pensamento e de car\u00e1ter, a convers\u00e3o espiritual atrav\u00e9s da penit\u00eancia. Eis porque Jo\u00e3o Batista batizava no Jord\u00e3o, cuja \u00e1gua bem simbolizava a purifica\u00e7\u00e3o interior que ele pregava. Dava tamb\u00e9m o exemplo de uma vida rigorosa no seu modo de vestir e de se alimentar, como manifesta\u00e7\u00e3o de um necess\u00e1rio desapego das frivolidades terrenas e das conven\u00e7\u00f5es humanas. Fez logo resplandecer sua humildade ao dizer que depois dele viria algu\u00e9m do qual n\u00e3o era digno de desatar as correias das sand\u00e1lias. Sua tarefa era exatamente preparar o caminho de Jesus. Deste modo, ele j\u00e1 tra\u00e7a o que deve ser a conduta durante o tempo do Advento para bem receber as gra\u00e7as natalinas. Assim, al\u00e9m do arrependimento sincero dos erros pessoais, de uma ruptura com tudo que impede a boa recep\u00e7\u00e3o a Cristo no dia de seu nascimento, ele concita a uma mortifica\u00e7\u00e3o salutar que leva a uma priva\u00e7\u00e3o\u00a0 reparadora de tudo que \u00e9 sup\u00e9rfluo e excessivo na exist\u00eancia pessoal. Al\u00e9m disto, como o batizado participa do m\u00fanus prof\u00e9tico de Cristo, o Advento \u00e9 tamb\u00e9m um tempo de se trazer para junto do divino Infante aqueles que se acham dele afastados. Isto \u00e9 muito mais importante do que as comemora\u00e7\u00f5es, por vezes paganizadas, do Natal do Senhor t\u00e3o influenciadas pela sociedade de consumo.\u00a0 Ent\u00e3o, sim, a paz anunciada no salmo 85 ser\u00e1 a grande realidade para cada um que a deve partilhar com todos que se acham em seu derredor. \u00c9 o resultado feliz para aquele que simplificou sua vida se interiorizando e fugindo da desconcentra\u00e7\u00e3o provocada pelos meios de comunica\u00e7\u00e3o social. Como Profeta, a exemplo de S\u00e3o Jo\u00e3o Batista, pode mostrar que a convers\u00e3o leva, realmente, ao essencial, libertando das precis\u00f5es materiais desnecess\u00e1rias e faz com que se d\u00ea mais tempo a Deus, este Deus que quer a felicidade de todos.\u00a0 Dentro do pr\u00f3prio cora\u00e7\u00e3o se perceber\u00e1 que \u201co amor e a verdade se reencontram, a justi\u00e7a e a paz se abra\u00e7am\u201d A muitos que se acham perturbados, desanimados, se far\u00e1 chegar esta mensagem de alvissareiro otimismo a envolver em esperan\u00e7as que n\u00e3o enganam. \u00c9 deste modo que se deve caminhar para o Pres\u00e9pio, onde o Pr\u00edncipe da Paz aguarda a todos que se dispuserem a viver as veredas tra\u00e7adas pelo Precursor de Jesus.<\/p>\n<p> <strong>* Professor no Semin\u00e1rio de Mariana durante 40 anos.<\/strong><\/p>\n","protected":false},"excerpt":{"rendered":"<p>O advento que prepara os fi\u00e9is para a solenidade de nascimento do Messias, Salvador da humanidade, \u00e9 bem o tempo dos Profetas, dos quais o \u00faltimo foi S\u00e3o Jo\u00e3o Batista. Eis porque ele se torna um personagem importante no segundo e terceiros domingos deste tempo lit\u00fargico. O Evangelho de S\u00e3o Marcos se inicia fazendo refer\u00eancia [&hellip;]<\/p>\n","protected":false},"author":7,"featured_media":0,"comment_status":"closed","ping_status":"closed","sticky":false,"template":"","format":"standard","meta":{"footnotes":""},"categories":[9],"tags":[],"class_list":["post-5390","post","type-post","status-publish","format-standard","hentry","category-artigos"],"_links":{"self":[{"href":"https:\/\/catolicanet.net\/wp-cnet\/wp-json\/wp\/v2\/posts\/5390","targetHints":{"allow":["GET"]}}],"collection":[{"href":"https:\/\/catolicanet.net\/wp-cnet\/wp-json\/wp\/v2\/posts"}],"about":[{"href":"https:\/\/catolicanet.net\/wp-cnet\/wp-json\/wp\/v2\/types\/post"}],"author":[{"embeddable":true,"href":"https:\/\/catolicanet.net\/wp-cnet\/wp-json\/wp\/v2\/users\/7"}],"replies":[{"embeddable":true,"href":"https:\/\/catolicanet.net\/wp-cnet\/wp-json\/wp\/v2\/comments?post=5390"}],"version-history":[{"count":1,"href":"https:\/\/catolicanet.net\/wp-cnet\/wp-json\/wp\/v2\/posts\/5390\/revisions"}],"predecessor-version":[{"id":10259,"href":"https:\/\/catolicanet.net\/wp-cnet\/wp-json\/wp\/v2\/posts\/5390\/revisions\/10259"}],"wp:attachment":[{"href":"https:\/\/catolicanet.net\/wp-cnet\/wp-json\/wp\/v2\/media?parent=5390"}],"wp:term":[{"taxonomy":"category","embeddable":true,"href":"https:\/\/catolicanet.net\/wp-cnet\/wp-json\/wp\/v2\/categories?post=5390"},{"taxonomy":"post_tag","embeddable":true,"href":"https:\/\/catolicanet.net\/wp-cnet\/wp-json\/wp\/v2\/tags?post=5390"}],"curies":[{"name":"wp","href":"https:\/\/api.w.org\/{rel}","templated":true}]}}