{"id":5389,"date":"2014-12-01T16:26:17","date_gmt":"2014-12-01T18:26:17","guid":{"rendered":"http:\/\/catolicanet.net\/wp-cnet\/a-semana-do-papa-de-24-a-30-de-novembro\/"},"modified":"2017-04-07T09:20:59","modified_gmt":"2017-04-07T12:20:59","slug":"a-semana-do-papa-de-24-a-30-de-novembro","status":"publish","type":"post","link":"https:\/\/catolicanet.net\/wp-cnet\/a-semana-do-papa-de-24-a-30-de-novembro\/","title":{"rendered":"A Semana do Papa de 24 a 30 de novembro"},"content":{"rendered":"<p style=\"text-align: justify;\"><img decoding=\"async\" src=\"http:\/\/catolicanet.com.br\/images\/stories\/geral\/semanadopapa.jpg\" border=\"0\" align=\"left\" \/>Esta semana foi particularmente intensa para o Papa Francisco: visitou o Parlamento Europeu e o Conselho da Europa e esteve tr\u00eas dias na Turquia em Visita Apost\u00f3lica. A nossa reda\u00e7\u00e3o selecionou os principais momentos de uma semana repleta de atividades do Santo Padre<\/p>\n<p>Dia 25<\/p>\n<p>No dia 25 de novembro o Papa Francisco viajou at\u00e9 Estrasburgo onde discursou no Parlamento Europeu e no Conselho da Europa.<\/p>\n<p>Foi uma mensagem de esperan\u00e7a e de encorajamento que o Papa Francisco levou aos Parlamentares Europeus.\u00a0 Pondo em realce o mundo em muta\u00e7\u00e3o, menos euroc\u00eantrico e uma Uni\u00e3o Europeia cada vez mais alargada, o Papa chamou, no entanto aten\u00e7\u00e3o para o envelhecimento deste continente, onde n\u00e3o obstante o projeto inicial de p\u00f4r a pessoa humana, dotada de dignidade transcendental, no centro de tudo, encontra-se hoje numa situa\u00e7\u00e3o, onde persistem situa\u00e7\u00f5es em que o ser humano \u00e9 tratado como objeto que pode ser descartado quando n\u00e3o \u00e9 \u00fatil.<\/p>\n<p>O Papa sublinhou tamb\u00e9m o paradoxal abuso do conceito de direitos humanos ligado a uma reivindica\u00e7\u00e3o cada vez maior dos direitos individuais a despeito da conex\u00e3o entre direitos e deveres e do contexto social em que as pessoas vivem.<\/p>\n<p>A dignidade transcendente do ser humano leva a ver nele antes de mais um ser relacional. Mas hoje na Europa tende-se a difundir a solid\u00e3o, agravada pela crise econ\u00f3mica e pela falta de confian\u00e7a nas institui\u00e7\u00f5es &#8211; afirmou o Papa \u2013 acrescentando:<\/p>\n<p>\u201cTem-se uma impress\u00e3o geral de cansa\u00e7o e de envelhecimento, de uma Europa av\u00f4 que j\u00e1 n\u00e3o \u00e9 f\u00e9rtil nem vivaz. Os grandes ideais que inspiraram a Europa parecem ter perdido for\u00e7a de atra\u00e7\u00e3o em favor do tecnicismo burocr\u00e1tico das institui\u00e7\u00f5es\u201d .<\/p>\n<p>Chegou o momento de abandonar a ideia de uma Europa amedrontada e debru\u00e7ada sobre si mesma para suscitar uma Europa protagonista, portadora de ci\u00eancia, de arte, de m\u00fasica, de valores humanos e tamb\u00e9m de f\u00e9; uma Europa que olha, defende e tutela a pessoa humana.<\/p>\n<p>Logo de seguida o Papa Francisco visitou o Conselho da Europa onde proferiu um discurso aos membros desta institui\u00e7\u00e3o que re\u00fane os representantes dos 47 pa\u00edses membros, os ju\u00edzes do Tribunal Europeu dos Direitos Humanos e das v\u00e1rias institui\u00e7\u00f5es que comp\u00f5em este Conselho.<\/p>\n<p>No seu discurso o Papa come\u00e7ou por lembrar a crueldade da Segunda Guerra Mundial e a divis\u00e3o da Europa em dois blocos que dela surgiu, como ponto de partida do projeto dos &#8220;Pais Fundadores&#8221; de reconstruir a Europa num esp\u00edrito de servi\u00e7o m\u00fatuo. Neste contexto, disse o Papa, o Conselho da Europa tornou-se um instrumento significativo para caminhar no tempo, para privilegiar as a\u00e7\u00f5es que geram\u00a0 novos dinamismos na sociedade.<\/p>\n<p>Papa Francisco falou a este prop\u00f3sito da import\u00e2ncia de gerar a paz em todo o tempo, uma paz fundada na reconcilia\u00e7\u00e3o. E para conquistar o bem da paz \u00e9 preciso, sublinhou o Papa, educar para a paz, desterrando uma cultura do conflito que visa amedrontar o outro, marginalizar quem pensa ou vive de forma diferente. Infelizmente, reconheceu o Papa, a paz \u00e9 ferida ainda muitas vezes em muitas partes do mundo, onde enfurecem conflitos de diverso g\u00e9nero, mas tamb\u00e9m na Europa, onde n\u00e3o cessam as tens\u00f5es; a paz \u00e9 posta \u00e0 prova tamb\u00e9m por outras formas de conflito, como o terrorismo religioso e internacional que nutre profundo desprezo pela vida humana e ceifa, de forma indiscriminada, v\u00edtimas inocentes.<\/p>\n<p>O Papa assinala a disponibilidade da Igreja Cat\u00f3lica, atrav\u00e9s do Conselho das Confer\u00eancias Episcopais da Europa (CCEE), para colaborar com o Conselho da Europa, sobretudo no campo da reflex\u00e3o \u00e9tica sobre os direitos humanos e em rela\u00e7\u00e3o aos temas da tutela da vida humana, quest\u00f5es delicadas sens\u00edveis que precisam ser submetidas a um exame atento que tenha em conta a verdade de todo o ser humano, sem limitar-se a \u00e2mbitos m\u00e9dicos, cient\u00edficos ou jur\u00eddicos espec\u00edficos. E mencionou os problemas das migra\u00e7\u00f5es ligadas ao reconhecimento da dignidade das pessoas, do tema do trabalho, e a colabora\u00e7\u00e3o na defesa do meio ambiente, se bem que na separa\u00e7\u00e3o dos \u00e2mbitos e na diversidade das posi\u00e7\u00f5es, mas no desejo da verdade e de edificar o bem comum.<\/p>\n<p>Dia 26<\/p>\n<p>Quarta-feira, 26 de novembro \u2013audi\u00eancia geral do Papa Francisco. Tema da catequese: a Igreja que peregrina em dire\u00e7\u00e3o ao Reino.<\/p>\n<p>\u201cA Igreja n\u00e3o \u00e9 uma realidade est\u00e1tica, im\u00f3vel, finalizada em si mesma, mas vive na hist\u00f3ria caminhando continuamente para a meta \u00faltima e maravilhosa que \u00e9 o Reino dos C\u00e9us, do qual a Igreja na terra \u00e9 o g\u00e9rmen e o in\u00edcio.\u201d<\/p>\n<p>Esta cita\u00e7\u00e3o do Conc\u00edlio Vaticano II \u2013 continuou o Santo Padre \u2013 permite-nos dizer que a meta para a qual caminha a Igreja \u00e9 a:<\/p>\n<p>\u201c\u2026nova Jerusal\u00e9m, o Para\u00edso: este, mais do que um lugar, \u00e9 um \u00abestado de alma no qual se h\u00e3o de realizar, de forma superabundante, as nossas expectativas mais profundas e alcan\u00e7ar\u00e1 pleno amadurecimento o nosso ser de criaturas e filhos de Deus.\u201d<\/p>\n<p>Ent\u00e3o contemplaremos a Deus face a face \u2013 afirmou o Papa Francisco.<\/p>\n<p>Dia 28<\/p>\n<p>Na sexta-feira, dia 28 de novembro o Papa Francisco iniciou a sua Viagem Apost\u00f3lica de tr\u00eas dias \u00e0 Turquia. Na altura da sua chegada foi acolhido pelas autoridades turcas, nomeadamente, pelo Presidente Erdogan e nessa ocasi\u00e3o pronunciou um discurso do qual destacamos a seguinte mensagem: mu\u00e7ulmanos, judeus e crist\u00e3os, irm\u00e3os e companheiros. Na tarde desse dia um momento inter-religioso importante. O Santo Padre referiu-se \u00e0 situa\u00e7\u00e3o tr\u00e1gica no M\u00e9dio Oriente:<\/p>\n<p>\u201cVerdadeiramente tr\u00e1gica \u00e9 a situa\u00e7\u00e3o no M\u00e9dio Oriente, especialmente no Iraque e na S\u00edria. Todos sofrem com as consequ\u00eancias dos conflitos, e a situa\u00e7\u00e3o humanit\u00e1ria \u00e9 angustiante. Penso em tantas crian\u00e7as, nos sofrimentos de tantas m\u00e3es, nos idosos, nos deslocados e refugiados, nas viol\u00eancias de todo o g\u00e9nero.\u201d<\/p>\n<p>O Papa Francisco considerou particularmente preocupante a a\u00e7\u00e3o de um \u201cgrupo extremista e fundamentalista\u201d que est\u00e1 a fazer sofrer comunidades inteiras \u201cespecialmente de crist\u00e3os e yazidis\u201d e n\u00e3o s\u00f3, \u201cpor causa da sua identidade \u00e9tnica e religiosa\u201d. Especificamente sobre o sofrimento de crist\u00e3os e yazidis o Santo Padre disse o seguinte:<\/p>\n<p>\u201cForam expulsos \u00e0 for\u00e7a das suas casas, tiveram de abandonar tudo para salvar a sua vida e n\u00e3o renegar a f\u00e9. A viol\u00eancia abateu-se tamb\u00e9m sobre edif\u00edcios sagrados, monumentos, s\u00edmbolos religiosos e o patrim\u00f3nio cultural.\u201d<\/p>\n<p>O Santo Padre afirmou ent\u00e3o que a responsabilidade dos chefes religiosos \u00e9 a de \u201cdenunciar todas as viola\u00e7\u00f5es da dignidade e dos direitos humanos\u201d. O Papa Francisco considerou ainda que \u201ca den\u00fancia deve ser acompanhada pelo trabalho comum para se encontrarem solu\u00e7\u00f5es adequadas. Isto requer a colabora\u00e7\u00e3o de todas as partes: governos, l\u00edderes pol\u00edticos e religiosos, representantes da sociedade civil e todos os homens e mulheres de boa vontade.\u201d<\/p>\n<p>Dia 29<\/p>\n<p>No dia 29 de novembro o Papa Francisco celebrou na Catedral de\u00a0 Istambul uma Eucaristia na presen\u00e7a do Patriarca de Constantinopla Bartolomeu I. Mensagem principal do Santo Padre: \u201cO Esp\u00edrito Santo \u00e9 a alma da Igreja\u201d, d\u00e1 vida, suscita os diversos carismas e cria a unidade. Ele \u00e9 a harmonia.<\/p>\n<p>\u201c O Esp\u00edrito Santo \u00e9 a alma da Igreja. Ele d\u00e1 a vida, suscita os diversos carismas que enriquecem o povo de Deus e sobretudo cria a unidade entre os crentes: de muitos faz um \u00fanico corpo, o corpo de Cristo. Toda a vida e miss\u00e3o da Igreja dependem do Esp\u00edrito Santo.\u201d<\/p>\n<p>Ap\u00f3s a Missa na Catedral de Istambul, o Papa Francisco partiu para a sede do Patriarcado de Constantinopla, para participar na Ora\u00e7\u00e3o de v\u00e9speras da Festa de Santo Andr\u00e9 com o Patriarca Bartolomeu.<\/p>\n<p> \u201cSinto que a nossa alegria \u00e9 maior porque a fonte est\u00e1 mais al\u00e9m, n\u00e3o est\u00e1 em n\u00f3s, n\u00e3o est\u00e1 no nosso compromisso e nos nossos esfor\u00e7os \u2013 que tamb\u00e9m existem, como de dever \u2013, mas est\u00e1 na comum entrega \u00e0 fidelidade de Deus, que lan\u00e7a as bases para a reconstru\u00e7\u00e3o do seu templo que \u00e9 a Igreja\u201d.<\/p>\n<p>\u201cEst\u00e1 aqui a semente da paz est\u00e1 aqui a semente da alegria. Aquela paz e aquela alegria que o mundo n\u00e3o pode dar, mas que o Senhor Jesus prometeu aos seus disc\u00edpulos e lha deu como Ressuscitado, no poder do Esp\u00edrito Santo.\u201d<\/p>\n<p> \u201cAndr\u00e9 e Pedro \u2013 prosseguiu ainda o Papa &#8211; ouviram esta promessa, receberam este dom.\u201d<\/p>\n<p>(Andr\u00e9 e Pedro) eram irm\u00e3os de sangue, mas o encontro com Cristo transformou-os em irm\u00e3os na f\u00e9 e na caridade. E nesta noite jubilosa, nesta ora\u00e7\u00e3o de vig\u00edlia, quero sobretudo dizer: irm\u00e3os na esperan\u00e7a.<\/p>\n<p>Dia 30<\/p>\n<p>O domingo dia 30 foi o \u00faltimo da Viagem Apost\u00f3lica do Papa Francisco \u00e0 Turquia.<\/p>\n<p>Neste \u00faltimo dia da sua viagem apost\u00f3lica \u00e0 Turquia, o Papa Francisco esteve presente, na igreja patriarcal de S\u00e3o Jorge, em Istambul, \u00e0 solene Divina Liturgia da festa de Santo Andr\u00e9, presidida pelo Patriarca de Constantinopla, Bartolomeu I. Uma celebra\u00e7\u00e3o quase inteiramente cantada, segundo a rica tradi\u00e7\u00e3o comum a todas as Igrejas de tradi\u00e7\u00e3o bizantina (ortodoxas e cat\u00f3licas) da Gr\u00e9cia, do M\u00e9dio Oriente, do Leste europeu e mesmo do sul da It\u00e1lia. <\/p>\n<p>Intervindo no final da celebra\u00e7\u00e3o, o Papa Francisco sublinhou a import\u00e2ncia da experi\u00eancia do encontro pessoal, tanto na vida crist\u00e3 como no caminho ecum\u00e9nico e recordou tr\u00eas \u201cvozes\u201d que as Igrejas crist\u00e3s n\u00e3o podem deixar de ouvir: a voz dos pobres, das v\u00edtimas dos conflitos e dos jovens.<\/p>\n<p>No final da celebra\u00e7\u00e3o da Divina Liturgia teve lugar a assinatura da declara\u00e7\u00e3o conjunta do Papa Francisco e do Patriarca de Constantinopla Bartolomeu I:<\/p>\n<p>A Declara\u00e7\u00e3o conjunta refere expressamente a preocupa\u00e7\u00e3o comum pela situa\u00e7\u00e3o no Iraque, na S\u00edria e em todo o M\u00e9dio Oriente, declarando-se \u201cunidos no desejo de paz e estabilidade e na vontade de promover a resolu\u00e7\u00e3o dos conflitos atrav\u00e9s do di\u00e1logo e da reconcilia\u00e7\u00e3o\u201d.<\/p>\n<p>\u201cN\u00e3o podemos resignar-nos com um M\u00e9dio Oriente sem os crist\u00e3os, que ali professaram o nome de Jesus durante dois mil anos. Muitos dos nossos irm\u00e3os e irm\u00e3s s\u00e3o perseguidos e, com a viol\u00eancia, foram for\u00e7ados a deixar as suas casas.\u201d<\/p>\n<p>\u201cA dram\u00e1tica situa\u00e7\u00e3o dos crist\u00e3os e de todos aqueles que sofrem no M\u00e9dio Oriente exige n\u00e3o s\u00f3 uma ora\u00e7\u00e3o constante, mas tamb\u00e9m uma resposta apropriada por parte da comunidade internacional.<\/p>\n<p>\u201cOs grandes desafios, que o mundo enfrenta na situa\u00e7\u00e3o atual, exigem a solidariedade de todas as pessoas de boa vontade. Por isso, reconhecemos a import\u00e2ncia tamb\u00e9m da promo\u00e7\u00e3o dum di\u00e1logo construtivo com o Isl\u00e3o, assente no respeito m\u00fatuo e na amizade. Como l\u00edderes crist\u00e3os, exortamos todos os l\u00edderes religiosos a continuarem com maior intensidade o di\u00e1logo inter-religioso e fazerem todo o esfor\u00e7o poss\u00edvel para se construir uma cultura de paz e solidariedade entre as pessoas e entre os povos.\u201d<\/p>\n<p>E com a Declara\u00e7\u00e3o Conjunta do Papa Francisco e do Patriarca Bartolomeu terminamos esta s\u00edntese das principais atividades do Santo Padre que foram not\u00edcia de 24 a 30 de novembro. Esta rubrica regressa na pr\u00f3xima semana sempre aqui na RV em l\u00edngua portuguesa.<\/p>\n<p style=\"text-align: justify;\">\u00a0<\/p>\n<p style=\"text-align: justify;\">Fonte: R\u00e1dio Vaticano<\/p>\n","protected":false},"excerpt":{"rendered":"<p>Esta semana foi particularmente intensa para o Papa Francisco: visitou o Parlamento Europeu e o Conselho da Europa e esteve tr\u00eas dias na Turquia em Visita Apost\u00f3lica. A nossa reda\u00e7\u00e3o selecionou os principais momentos de uma semana repleta de atividades do Santo Padre Dia 25 No dia 25 de novembro o Papa Francisco viajou at\u00e9 [&hellip;]<\/p>\n","protected":false},"author":1,"featured_media":0,"comment_status":"closed","ping_status":"closed","sticky":false,"template":"","format":"standard","meta":{"footnotes":""},"categories":[3],"tags":[],"class_list":["post-5389","post","type-post","status-publish","format-standard","hentry","category-vaticano"],"_links":{"self":[{"href":"https:\/\/catolicanet.net\/wp-cnet\/wp-json\/wp\/v2\/posts\/5389","targetHints":{"allow":["GET"]}}],"collection":[{"href":"https:\/\/catolicanet.net\/wp-cnet\/wp-json\/wp\/v2\/posts"}],"about":[{"href":"https:\/\/catolicanet.net\/wp-cnet\/wp-json\/wp\/v2\/types\/post"}],"author":[{"embeddable":true,"href":"https:\/\/catolicanet.net\/wp-cnet\/wp-json\/wp\/v2\/users\/1"}],"replies":[{"embeddable":true,"href":"https:\/\/catolicanet.net\/wp-cnet\/wp-json\/wp\/v2\/comments?post=5389"}],"version-history":[{"count":1,"href":"https:\/\/catolicanet.net\/wp-cnet\/wp-json\/wp\/v2\/posts\/5389\/revisions"}],"predecessor-version":[{"id":10258,"href":"https:\/\/catolicanet.net\/wp-cnet\/wp-json\/wp\/v2\/posts\/5389\/revisions\/10258"}],"wp:attachment":[{"href":"https:\/\/catolicanet.net\/wp-cnet\/wp-json\/wp\/v2\/media?parent=5389"}],"wp:term":[{"taxonomy":"category","embeddable":true,"href":"https:\/\/catolicanet.net\/wp-cnet\/wp-json\/wp\/v2\/categories?post=5389"},{"taxonomy":"post_tag","embeddable":true,"href":"https:\/\/catolicanet.net\/wp-cnet\/wp-json\/wp\/v2\/tags?post=5389"}],"curies":[{"name":"wp","href":"https:\/\/api.w.org\/{rel}","templated":true}]}}