{"id":53884,"date":"2019-09-19T09:02:11","date_gmt":"2019-09-19T12:02:11","guid":{"rendered":"http:\/\/catolicanet.net\/wp-cnet\/?p=53884"},"modified":"2019-09-19T09:02:11","modified_gmt":"2019-09-19T12:02:11","slug":"cnbb-e-pom-lancam-mes-e-campanha-missionaria-2019-e-a-exposicao-rostos-da-missao","status":"publish","type":"post","link":"https:\/\/catolicanet.net\/wp-cnet\/cnbb-e-pom-lancam-mes-e-campanha-missionaria-2019-e-a-exposicao-rostos-da-missao\/","title":{"rendered":"CNBB e POM lan\u00e7am M\u00eas e Campanha Mission\u00e1ria 2019 e a exposi\u00e7\u00e3o \u201cRostos da Miss\u00e3o\u201d"},"content":{"rendered":"<p>A Confer\u00eancia Nacional dos Bispos do Brasil (CNBB) e as Pontif\u00edcias Obras Mission\u00e1rias (POM) lan\u00e7aram na tarde desta ter\u00e7a-feira, 17, o M\u00eas Mission\u00e1rio Extraordin\u00e1rio e a Campanha Mission\u00e1ria 2019. A cerim\u00f4nia aconteceu na sede da entidade em Bras\u00edlia, no contexto de realiza\u00e7\u00e3o da reuni\u00e3o do Conselho Episcopal Pastoral (Consep). Al\u00e9m de bispos e padres, 23 mission\u00e1rios provenientes de v\u00e1rios pa\u00edses acompanharam o evento.<\/p>\n<p><a href=\"http:\/\/www.cnbb.org.br\/cnbb-e-pontificias-obras-missionarias-lancam-a-campanha-missionaria-2019-e-a-exposicao-rostos-da-missao\/dsc07210\/\"><img loading=\"lazy\" decoding=\"async\" class=\"size-medium wp-image-225660 alignleft\" src=\"http:\/\/www.cnbb.org.br\/wp-content\/uploads\/sites\/32\/2019\/09\/DSC07210-300x169.jpg\" srcset=\"http:\/\/www.cnbb.org.br\/wp-content\/uploads\/sites\/32\/2019\/09\/DSC07210-300x169.jpg 300w, http:\/\/www.cnbb.org.br\/wp-content\/uploads\/sites\/32\/2019\/09\/DSC07210-768x432.jpg 768w, http:\/\/www.cnbb.org.br\/wp-content\/uploads\/sites\/32\/2019\/09\/DSC07210-1024x576.jpg 1024w\" alt=\"\" width=\"300\" height=\"169\" \/><\/a>Na abertura, o arcebispo de Belo Horizonte e presidente da CNBB, dom Walmor Oliveira de Azevedo, disse que a ocasi\u00e3o \u00e9 o mais importante momento que faz com que a Igreja cumpra a sua raz\u00e3o de ser: o de evangelizar. \u201c\u00c9 o momento de voltar o nosso olhar para a miss\u00e3o, reavivar em nossos cora\u00e7\u00f5es a consci\u00eancia desse desafio que \u00e9 permanente para todos\u201d, disse.<\/p>\n<p>O arcebispo lembrou a todos os presentes, bispos, padres e mission\u00e1rios de diversas localidades do mundo, que sem a missionariedade a Igreja morre. \u201cEla pode at\u00e9 permanecer, mas ser\u00e1 uma burocracia ou ser\u00e1 possivelmente uma organiza\u00e7\u00e3o, mas sem vida\u201d, alegou. Em sua fala, dom Walmor chamou aten\u00e7\u00e3o ainda para o fato de que a missionariedade na Igreja interpela no cora\u00e7\u00e3o de cada um de n\u00f3s o que somos, o que temos, o que repartirmos, sobretudo na coragem bonita de ir ao encontro sem pressa.<\/p>\n<p>Na mesa de abertura, a presidente da Confer\u00eancia dos Religiosos do Brasil (CRB), irm\u00e3 Maria In\u00eas, disse que \u00e9 uma alegria muito grande para a Confer\u00eancia participar da abertura do M\u00eas Extraordin\u00e1rio Mission\u00e1rio. Na oportunidade, afirmou que a CRB vem buscando motivar os consagrados no aprofundamento e crescimento da dimens\u00e3o mission\u00e1ria. \u201c\u00c9 muito forte para a vida consagrada essa dimens\u00e3o e, particularmente, a miss\u00e3o <em>ad gentes<\/em>, a miss\u00e3o al\u00e9m-fronteiras\u201d, disse. <a href=\"http:\/\/www.cnbb.org.br\/cnbb-e-pontificias-obras-missionarias-lancam-a-campanha-missionaria-2019-e-a-exposicao-rostos-da-missao\/dsc07242\/\"><img loading=\"lazy\" decoding=\"async\" class=\"size-medium wp-image-225659 alignright\" src=\"http:\/\/www.cnbb.org.br\/wp-content\/uploads\/sites\/32\/2019\/09\/DSC07242-300x169.jpg\" srcset=\"http:\/\/www.cnbb.org.br\/wp-content\/uploads\/sites\/32\/2019\/09\/DSC07242-300x169.jpg 300w, http:\/\/www.cnbb.org.br\/wp-content\/uploads\/sites\/32\/2019\/09\/DSC07242-768x432.jpg 768w, http:\/\/www.cnbb.org.br\/wp-content\/uploads\/sites\/32\/2019\/09\/DSC07242-1024x576.jpg 1024w\" alt=\"\" width=\"300\" height=\"169\" \/><\/a><\/p>\n<p>Ela tamb\u00e9m chamou aten\u00e7\u00e3o para o fato de que os institutos religiosos nascem todos com \u2018os p\u00e9s fora de casa\u2019. \u201cN\u00e3o existe instituto religioso que nasceu para si pr\u00f3prio, a n\u00e3o ser a vida contemplativa com sua atua\u00e7\u00e3o espec\u00edfica. Toda monja, todo monge, tem o cora\u00e7\u00e3o profundamente mission\u00e1rio\u201d, destacou.<\/p>\n<p>Dom Giovani Crippa, membro da Comiss\u00e3o Episcopal para a A\u00e7\u00e3o Mission\u00e1ria, enfatizou que o M\u00eas Mission\u00e1rio Extraordin\u00e1rio tem por finalidade fazer com que a miss\u00e3o se torne ordin\u00e1ria na Igreja. Ele disse que o momento \u00e9 um convite para que a Igreja no Brasil, especialmente as igrejas locais, possam assumir com coragem este grande desafio. \u201cUma igreja local, uma diocese, uma par\u00f3quia deve fazer com que a miss\u00e3o n\u00e3o se insira dentro de si\u201d. E chamou aten\u00e7\u00e3o para o fato de que a igreja local n\u00e3o \u00e9 um lugar onde se encerra a miss\u00e3o, mas o local a partir do qual tem que partir a miss\u00e3o. \u201cA miss\u00e3o vem de Deus, n\u00e3o \u00e9 algo que a Igreja inventou, a miss\u00e3o \u00e9 amor\u201d, disse.<\/p>\n<p><a href=\"http:\/\/www.cnbb.org.br\/cnbb-e-pontificias-obras-missionarias-lancam-a-campanha-missionaria-2019-e-a-exposicao-rostos-da-missao\/dsc07196\/\"><img loading=\"lazy\" decoding=\"async\" class=\"size-medium wp-image-225667 alignleft\" src=\"http:\/\/www.cnbb.org.br\/wp-content\/uploads\/sites\/32\/2019\/09\/DSC07196-300x169.jpg\" srcset=\"http:\/\/www.cnbb.org.br\/wp-content\/uploads\/sites\/32\/2019\/09\/DSC07196-300x169.jpg 300w, http:\/\/www.cnbb.org.br\/wp-content\/uploads\/sites\/32\/2019\/09\/DSC07196-768x432.jpg 768w, http:\/\/www.cnbb.org.br\/wp-content\/uploads\/sites\/32\/2019\/09\/DSC07196-1024x576.jpg 1024w\" alt=\"\" width=\"300\" height=\"169\" \/><\/a>Irm\u00e3 Maria Irene, assessora da Comiss\u00e3o Episcopal Pastoral para a Amaz\u00f4nia, afirmou ser uma alegria tanto para a Comiss\u00e3o quanto para a Rede Eclesial Pan-Amaz\u00f4nica celebrar o M\u00eas Mission\u00e1rio.<\/p>\n<p>Ela destacou a realiza\u00e7\u00e3o do S\u00ednodo para a Amaz\u00f4nia, convocado pelo papa Francisco, no qual o pont\u00edfice chama aten\u00e7\u00e3o para a hist\u00f3ria do territ\u00f3rio. \u201cEu dizia no ano passado por ocasi\u00e3o do lan\u00e7amento do M\u00eas Mission\u00e1rio Extraordin\u00e1rio que se tratava de uma feliz coincid\u00eancia e hoje eu retomo o que disse e reafirmo que n\u00e3o seria uma oportunidade melhor termos os dois eventos eclesiais concomitantemente?\u201d, alegou. A irm\u00e3 disse ainda que a sensibilidade do papa Francisco os anima e os aponta a missionariedade e a Amaz\u00f4nia como um caminho para uma Igreja em Sa\u00edda e os compromete como uma Casa em Comum.<\/p>\n<p>Padre Antony Francis Yonas, indiano e participante do curso oferecido pelo Centro de Forma\u00e7\u00e3o Cultural (Cenfi)<a href=\"http:\/\/www.cnbb.org.br\/cnbb-e-pontificias-obras-missionarias-lancam-a-campanha-missionaria-2019-e-a-exposicao-rostos-da-missao\/dsc07261\/\"><img loading=\"lazy\" decoding=\"async\" class=\"size-medium wp-image-225669 alignright\" src=\"http:\/\/www.cnbb.org.br\/wp-content\/uploads\/sites\/32\/2019\/09\/DSC07261-300x169.jpg\" srcset=\"http:\/\/www.cnbb.org.br\/wp-content\/uploads\/sites\/32\/2019\/09\/DSC07261-300x169.jpg 300w, http:\/\/www.cnbb.org.br\/wp-content\/uploads\/sites\/32\/2019\/09\/DSC07261-768x432.jpg 768w, http:\/\/www.cnbb.org.br\/wp-content\/uploads\/sites\/32\/2019\/09\/DSC07261-1024x576.jpg 1024w\" alt=\"\" width=\"300\" height=\"169\" \/><\/a> promovido pelo Centro Cultural Mission\u00e1rio, o CCM, tamb\u00e9m comp\u00f4s a mesa de abertura.<\/p>\n<p>Em sua fala reiterou que estava muito contente em estar no Centro Cultural Mission\u00e1rio participando do curso do Cenfi, aprendendo o portugu\u00eas, estudando a realidade s\u00f3cio-econ\u00f4mica, pol\u00edtica e religiosa do Brasil, conhecendo como vive uma fam\u00edlia brasileira. \u201cEntendo que Deus chamou-me e enviou-me em sua gra\u00e7a para a miss\u00e3o\u201d, disse. Contou o seu testemunho de vida e pediu para que todos rezassem pelos mission\u00e1rios para que possam responder com amor ao chamado que Deus os fez.<\/p>\n<p>Por \u00faltimo, o padre Maur\u00edcio da Silva Jardim, diretor das Pontif\u00edcias Obras Mission\u00e1rias, afirmou que os mission\u00e1rios s\u00e3o os primeiros destinat\u00e1rios do encontro que Jesus fez. \u201cEle olhou para n\u00f3s com miseric\u00f3rdia, olhou para n\u00f3s com amor e por isso que n\u00f3s estamos aqui\u201d, disse. Ele reiterou ainda que a miss\u00e3o nasce de um cora\u00e7\u00e3o apaixonado, de um cora\u00e7\u00e3o que arde, que se motiva na espiritualidade e na escuta da Palavra. \u201cA miss\u00e3o \u00e9 o lugar para a gente encontrar Jesus, que fala para n\u00f3s atrav\u00e9s do seu povo e, sobretudo, dos pobres e temos muito a aprender\u201d, finalizou.<\/p>\n<p>O M\u00eas Mission\u00e1rio Extraordin\u00e1rio, convocado pelo papa Francisco, em outubro de 2017, tem o tema \u201cBatizados e enviados: A Igreja de Cristo em miss\u00e3o no mundo\u201d e quer despertar a consci\u00eancia da miss\u00e3o <em>ad gentes<\/em>, al\u00e9m fronteiras.<\/p>\n<p>Realizada no Brasil desde 1972, no m\u00eas de outubro, a Campanha Mission\u00e1ria ganhou este ano um maior impulso eclesial com a coincid\u00eancia do M\u00eas Mission\u00e1rio Extraordin\u00e1rio e do S\u00ednodo para a Amaz\u00f4nia.<\/p>\n<p><strong>Exposi\u00e7\u00e3o \u201cRostos Mission\u00e1rios\u201d<\/strong><\/p>\n<p><a href=\"http:\/\/www.cnbb.org.br\/cnbb-e-pontificias-obras-missionarias-lancam-a-campanha-missionaria-2019-e-a-exposicao-rostos-da-missao\/dsc07315\/\"><img loading=\"lazy\" decoding=\"async\" class=\"size-medium wp-image-225662 alignleft\" src=\"http:\/\/www.cnbb.org.br\/wp-content\/uploads\/sites\/32\/2019\/09\/DSC07315-300x169.jpg\" srcset=\"http:\/\/www.cnbb.org.br\/wp-content\/uploads\/sites\/32\/2019\/09\/DSC07315-300x169.jpg 300w, http:\/\/www.cnbb.org.br\/wp-content\/uploads\/sites\/32\/2019\/09\/DSC07315-768x432.jpg 768w, http:\/\/www.cnbb.org.br\/wp-content\/uploads\/sites\/32\/2019\/09\/DSC07315-1024x576.jpg 1024w\" alt=\"\" width=\"300\" height=\"169\" \/><\/a>Ap\u00f3s a cerim\u00f4nia de lan\u00e7amento da Campanha Mission\u00e1ria 2019 e do M\u00eas Extraordin\u00e1rio Mission\u00e1rio, todos os presentes foram convidados ao local da exposi\u00e7\u00e3o \u201cRostos Mission\u00e1rios\u201d. Na entrada da sala, como gesto simb\u00f3lico, foi cortada a fita de inaugura\u00e7\u00e3o da exposi\u00e7\u00e3o. O ato foi organizado pelas Pontif\u00edcias Obras Mission\u00e1rias e apresenta uma pequena parte do grande n\u00famero de brasileiros espalhados pelo mundo enviados em miss\u00e3o. Cerca de 47 rostos mission\u00e1rios foram expostos na sala, por meio de fotografias.<\/p>\n<div id=\"attachment_225661\" class=\"wp-caption alignright\"><a href=\"http:\/\/www.cnbb.org.br\/cnbb-e-pontificias-obras-missionarias-lancam-a-campanha-missionaria-2019-e-a-exposicao-rostos-da-missao\/dsc07143\/\"><img loading=\"lazy\" decoding=\"async\" class=\"wp-image-225661 size-medium\" src=\"http:\/\/www.cnbb.org.br\/wp-content\/uploads\/sites\/32\/2019\/09\/DSC07143-300x169.jpg\" srcset=\"http:\/\/www.cnbb.org.br\/wp-content\/uploads\/sites\/32\/2019\/09\/DSC07143-300x169.jpg 300w, http:\/\/www.cnbb.org.br\/wp-content\/uploads\/sites\/32\/2019\/09\/DSC07143-768x432.jpg 768w, http:\/\/www.cnbb.org.br\/wp-content\/uploads\/sites\/32\/2019\/09\/DSC07143-1024x576.jpg 1024w\" alt=\"\" width=\"300\" height=\"169\" aria-describedby=\"caption-attachment-225661\" \/><\/a><\/p>\n<p id=\"caption-attachment-225661\" class=\"wp-caption-text\">Olinda Soares, da Congrega\u00e7\u00e3o Filhos e Filhas da Caridade Canossiano, \u00e9 do Timor Leste, pa\u00eds no Sudeste Asi\u00e1tico<\/p>\n<\/div>\n<p>Olinda Soares, da Congrega\u00e7\u00e3o Filhos e Filhas da Caridade Canossiano, \u00e9 do Timor Leste, pa\u00eds no Sudeste Asi\u00e1tico. Veio para o Brasil como mission\u00e1ria ad gentes (al\u00e9m fronteiras) para atuar na Pastoral da Sa\u00fade, no Rio de Janeiro. Ela estava presente na cerim\u00f4nia de lan\u00e7amento do M\u00eas Extraordin\u00e1rio Mission\u00e1rio e da Campanha Mission\u00e1ria. Acompanhando a exposi\u00e7\u00e3o, disse que a Igreja no Brasil precisava dos mission\u00e1rios e de sua presen\u00e7a no pa\u00eds. \u201cPara mim a miss\u00e3o \u00e9 como um caminho para a vida\u201d, salientou.<\/p>\n<p>A cerim\u00f4nia foi encerrada com uma celebra\u00e7\u00e3o eucar\u00edstica presidida por dom Giovani Crippa.<\/p>\n","protected":false},"excerpt":{"rendered":"<p>A Confer\u00eancia Nacional dos Bispos do Brasil (CNBB) e as Pontif\u00edcias Obras Mission\u00e1rias (POM) lan\u00e7aram na tarde desta ter\u00e7a-feira, 17, o M\u00eas Mission\u00e1rio Extraordin\u00e1rio e a Campanha Mission\u00e1ria 2019. A cerim\u00f4nia aconteceu na sede da entidade em Bras\u00edlia, no contexto de realiza\u00e7\u00e3o da reuni\u00e3o do Conselho Episcopal Pastoral (Consep). Al\u00e9m de bispos e padres, 23 [&hellip;]<\/p>\n","protected":false},"author":1,"featured_media":53885,"comment_status":"open","ping_status":"closed","sticky":false,"template":"","format":"standard","meta":{"footnotes":""},"categories":[7],"tags":[],"class_list":["post-53884","post","type-post","status-publish","format-standard","has-post-thumbnail","hentry","category-cnbb"],"_links":{"self":[{"href":"https:\/\/catolicanet.net\/wp-cnet\/wp-json\/wp\/v2\/posts\/53884","targetHints":{"allow":["GET"]}}],"collection":[{"href":"https:\/\/catolicanet.net\/wp-cnet\/wp-json\/wp\/v2\/posts"}],"about":[{"href":"https:\/\/catolicanet.net\/wp-cnet\/wp-json\/wp\/v2\/types\/post"}],"author":[{"embeddable":true,"href":"https:\/\/catolicanet.net\/wp-cnet\/wp-json\/wp\/v2\/users\/1"}],"replies":[{"embeddable":true,"href":"https:\/\/catolicanet.net\/wp-cnet\/wp-json\/wp\/v2\/comments?post=53884"}],"version-history":[{"count":1,"href":"https:\/\/catolicanet.net\/wp-cnet\/wp-json\/wp\/v2\/posts\/53884\/revisions"}],"predecessor-version":[{"id":53886,"href":"https:\/\/catolicanet.net\/wp-cnet\/wp-json\/wp\/v2\/posts\/53884\/revisions\/53886"}],"wp:featuredmedia":[{"embeddable":true,"href":"https:\/\/catolicanet.net\/wp-cnet\/wp-json\/wp\/v2\/media\/53885"}],"wp:attachment":[{"href":"https:\/\/catolicanet.net\/wp-cnet\/wp-json\/wp\/v2\/media?parent=53884"}],"wp:term":[{"taxonomy":"category","embeddable":true,"href":"https:\/\/catolicanet.net\/wp-cnet\/wp-json\/wp\/v2\/categories?post=53884"},{"taxonomy":"post_tag","embeddable":true,"href":"https:\/\/catolicanet.net\/wp-cnet\/wp-json\/wp\/v2\/tags?post=53884"}],"curies":[{"name":"wp","href":"https:\/\/api.w.org\/{rel}","templated":true}]}}