{"id":53852,"date":"2019-09-18T10:48:34","date_gmt":"2019-09-18T13:48:34","guid":{"rendered":"http:\/\/catolicanet.net\/wp-cnet\/?p=53852"},"modified":"2019-09-18T10:48:34","modified_gmt":"2019-09-18T13:48:34","slug":"marcha-pela-vida-em-sao-paulo-dira-nao-ao-ativismo-judicial-e-a-descriminalizacao-do-aborto","status":"publish","type":"post","link":"https:\/\/catolicanet.net\/wp-cnet\/marcha-pela-vida-em-sao-paulo-dira-nao-ao-ativismo-judicial-e-a-descriminalizacao-do-aborto\/","title":{"rendered":"Marcha pela Vida em S\u00e3o Paulo dir\u00e1 n\u00e3o ao ativismo judicial e \u00e0 descriminaliza\u00e7\u00e3o do aborto"},"content":{"rendered":"<p>No pr\u00f3ximo domingo, 22 de setembro, ser\u00e1 realizada a Marcha pela vida, em S\u00e3o Paulo (SP), manifestando-se contra ativismo judicial e se unindo \u00e0 onda celeste que se espalhou de pa\u00edses latino-americanos contra a legaliza\u00e7\u00e3o do aborto e a favor de apoiar leis que protejam as duas vidas: a do nascituro e a da gestante.<\/p>\n<p>O movimento internacional que ficou conhecido como onda celeste pr\u00f3-vida surgiu nos primeiros meses de 2018, frente \u00e0s tentativas de v\u00e1rios setores pol\u00edticos que tentaram legalizar o aborto em pa\u00edses da Am\u00e9rica Latina, sobretudo no caso da Argentina, onde a pr\u00e1tica foi rejeitada. A convocat\u00f3ria massiva das manifesta\u00e7\u00f5es p\u00fablicas foi bem clara: os povos n\u00e3o querem legalizar o aborto, querem pol\u00edticas p\u00fablicas para salvar a vida dos dois.<\/p>\n<p>No Brasil, todos os anos s\u00e3o realizadas diversas marchas pr\u00f3-vida. Por\u00e9m, segundo os organizadores, desta vez, pela gravidade da situa\u00e7\u00e3o, as pessoas se organizaram para fazer um ato maior e massivo, incluindo pessoas do povo que apoiem a causa sem distin\u00e7\u00f5es e demonstram que a defesa da vida humana \u00e9 intr\u00ednseca ao pr\u00f3prio ser humano.<\/p>\n<p>Neste sentido, a marcha ir\u00e1 se manifestar contra a ADPF 442\/2017, que foi apresentada ao Supremo Tribunal Federal e prop\u00f5e a descriminaliza\u00e7\u00e3o do aborto at\u00e9 a 12\u00aa semana de gesta\u00e7\u00e3o; e favor do PL (projeto de lei) 4754\/2016 para coibir o ativismo judicial e impedir que o poder judici\u00e1rio usurpe o poder legislativo.<\/p>\n<p>\u201cQueremos fazer uma grande festa de promo\u00e7\u00e3o da vida em todas as suas fases, desde a concep\u00e7\u00e3o at\u00e9 seu fim natural\u201d, declarou \u00e0 ACI Digital Ricardo Pupo Nogueira Sim\u00f5es, coordenador arquidiocesano da Pastoral Familiar de S\u00e3o Paulo.<\/p>\n<p>Segundo ele, o objetivo \u00e9 \u201cmostrar o quanto nosso povo \u00e9 a favor da Vida e contra tudo que possa destru\u00ed-la, especialmente o aborto, o qual tira a vida de uma pessoa indefesa e destr\u00f3i a vida de sua m\u00e3e, pois uma m\u00e3e nunca esquece que fez um aborto, e isso traz traumas dif\u00edceis de serem curados\u201d.<\/p>\n<p>Al\u00e9m disso, buscam \u201cdivulgar as associa\u00e7\u00f5es que oferecem orienta\u00e7\u00e3o e assist\u00eancia \u00e0s gestantes em crise, assim como \u00e0quelas pessoas (pais, m\u00e3es, m\u00e9dicos, etc) que um dia se envolveram numa situa\u00e7\u00e3o de aborto e n\u00e3o conseguem se perdoar\u201d.<\/p>\n<p>Pode participar da Marcha pela Vida \u201ctodo aquele que considera a vida como o primeiro e maior direito do ser humano\u201d.<\/p>\n<p>Conforme assinalou o coordenador da Pastoral Familiar, \u201cembora este movimento n\u00e3o tenha car\u00e1ter religioso, os cat\u00f3licos ainda s\u00e3o maioria neste tipo de manifesta\u00e7\u00e3o popular, mas ficamos muito felizes por podermos contar com a companhia sempre forte e vibrante de outras denomina\u00e7\u00f5es, pois estamos \u2018juntos pela Vida\u2019\u201d.<\/p>\n<p>Por fim, contou, \u201cestamos esperando receber um grande n\u00famero de jovens e crian\u00e7as, e para anim\u00e1-los mais ainda, contaremos com a presen\u00e7a do Arenas Pela Vida, projeto que promove jogos e brincadeiras onde as crian\u00e7as podem brincar entre si e com seus pais. Teremos tamb\u00e9m muita m\u00fasica para alegrar nossa marcha\u201d.<\/p>\n<p>A Marcha pela Vida come\u00e7ar\u00e1 \u00e0s 14h30 na Avenida Paulista e caminhar\u00e1 at\u00e9 a Pra\u00e7a Ibrahim Nobre &#8211; Obelisco.<\/p>\n","protected":false},"excerpt":{"rendered":"<p>No pr\u00f3ximo domingo, 22 de setembro, ser\u00e1 realizada a Marcha pela vida, em S\u00e3o Paulo (SP), manifestando-se contra ativismo judicial e se unindo \u00e0 onda celeste que se espalhou de pa\u00edses latino-americanos contra a legaliza\u00e7\u00e3o do aborto e a favor de apoiar leis que protejam as duas vidas: a do nascituro e a da gestante. [&hellip;]<\/p>\n","protected":false},"author":1,"featured_media":53853,"comment_status":"open","ping_status":"closed","sticky":false,"template":"","format":"standard","meta":{"footnotes":""},"categories":[4],"tags":[],"class_list":["post-53852","post","type-post","status-publish","format-standard","has-post-thumbnail","hentry","category-cotidiano"],"_links":{"self":[{"href":"https:\/\/catolicanet.net\/wp-cnet\/wp-json\/wp\/v2\/posts\/53852","targetHints":{"allow":["GET"]}}],"collection":[{"href":"https:\/\/catolicanet.net\/wp-cnet\/wp-json\/wp\/v2\/posts"}],"about":[{"href":"https:\/\/catolicanet.net\/wp-cnet\/wp-json\/wp\/v2\/types\/post"}],"author":[{"embeddable":true,"href":"https:\/\/catolicanet.net\/wp-cnet\/wp-json\/wp\/v2\/users\/1"}],"replies":[{"embeddable":true,"href":"https:\/\/catolicanet.net\/wp-cnet\/wp-json\/wp\/v2\/comments?post=53852"}],"version-history":[{"count":1,"href":"https:\/\/catolicanet.net\/wp-cnet\/wp-json\/wp\/v2\/posts\/53852\/revisions"}],"predecessor-version":[{"id":53854,"href":"https:\/\/catolicanet.net\/wp-cnet\/wp-json\/wp\/v2\/posts\/53852\/revisions\/53854"}],"wp:featuredmedia":[{"embeddable":true,"href":"https:\/\/catolicanet.net\/wp-cnet\/wp-json\/wp\/v2\/media\/53853"}],"wp:attachment":[{"href":"https:\/\/catolicanet.net\/wp-cnet\/wp-json\/wp\/v2\/media?parent=53852"}],"wp:term":[{"taxonomy":"category","embeddable":true,"href":"https:\/\/catolicanet.net\/wp-cnet\/wp-json\/wp\/v2\/categories?post=53852"},{"taxonomy":"post_tag","embeddable":true,"href":"https:\/\/catolicanet.net\/wp-cnet\/wp-json\/wp\/v2\/tags?post=53852"}],"curies":[{"name":"wp","href":"https:\/\/api.w.org\/{rel}","templated":true}]}}