{"id":5385,"date":"2023-12-01T00:00:13","date_gmt":"2023-12-01T03:00:13","guid":{"rendered":"http:\/\/catolicanet.net\/wp-cnet\/santo-eligio-um-homem-de-muitas-profissoes\/"},"modified":"2023-01-02T17:36:57","modified_gmt":"2023-01-02T20:36:57","slug":"santo-eligio-um-homem-de-muitas-profissoes","status":"publish","type":"post","link":"https:\/\/catolicanet.net\/wp-cnet\/santo-eligio-um-homem-de-muitas-profissoes\/","title":{"rendered":"Santo El\u00edgio"},"content":{"rendered":"<p style=\"text-align: justify;\">Santo El\u00edgio Santo El\u00edgio nasceu em Limoges no ano de 588, de nobre fam\u00edlia galo-romana, exerceu v\u00e1rias profiss\u00f5es e chegou a Bispo.<\/p>\n<p>El\u00edgio (tamb\u00e9m conhecido pelo nome de El\u00f3i) que em Paris tinha trabalhado como aprendiz junto com o superintendente de confec\u00e7\u00f5es de moedas reais, empenhou-se tanto e com tamanha honestidade que, com o precioso metal (ouro) que lhe foi fornecido para fazer um trono para o rei Clot\u00e1rio II, ele fez dois tronos, isso valeu-lhe a promo\u00e7\u00e3o de diretor da casa da moeda e ourives do rei. Ainda existem muitas moedas assinadas por El\u00edgio e sabe-se que, em determinada altura, tamb\u00e9m cunhou moedas em Marselha.<\/p>\n<p>No tempo de Dagoberto II, filho e sucessor de Clot\u00e1rio II, El\u00edgio foi um dos conselheiros mais influentes do rei. Diz-se que os enviados dos pr\u00edncipes estrangeiros se avistavam previamente com ele, antes de serem recebidos oficialmente pelo soberano. Era diplomata h\u00e1bil e por mais de uma vez conseguiu evitar a guerra. Gozava de tanta confian\u00e7a junto do rei, que n\u00e3o s\u00f3 se permitia fazer-lhe reparos sobre a indument\u00e1ria descuidada, mas tamb\u00e9m sobre a sua vida privada que, como se sabe, deixava ainda mais a desejar.<\/p>\n<p>O tempo que sobrava a este homem da corte, dos seus neg\u00f3cios e ora\u00e7\u00f5es, de acudir aos pobres, remir cativos ou libertar escravos, empregava-o em honrar com a sua arte as rel\u00edquias dos santos. Atribuem-se-lhe os relic\u00e1rios feitos para S. Germano de Paris, S. Piat, S. Severino, S. Martinho, Santa Comba e Santa Genoveva. Diz-se que decorou tamb\u00e9m com trabalhos de ourivesaria o t\u00famulo de S. Dinis. Al\u00e9m disso, fundou mosteiros, entre os quais um perto de Solignac em Limousin, outro dedicado a S. Martinho de Noyon e ainda outro a seis milhas de Arr\u00e1s, numa colina que depois se chamou Monte de Santo El\u00f3i (Santo El\u00edgio).<\/p>\n<p>Em 639, morto o rei, demitiu-se de todos os cargos, para entrar na vida eclesi\u00e1stica, tendo sido ordenado sacerdote por Deodato, Bispo de Mans. Foi sagrado Bispo em Ru\u00e3o, no dia 14 de maio de 641, e ocupou desde ent\u00e3o a S\u00e9 Episcopal de Noyon. Foi grande organizador, ap\u00f3stolo cheio de zelo, sabedoria e bondade. A sua atividade irradiou para Flandres, Holanda e at\u00e9, segundo se conta, para a Su\u00e9cia e Dinamarca.<\/p>\n<p>Faleceu no ano de 659 com 71 anos de idade.<\/p>\n<p>Santo El\u00edgio, rogai por n\u00f3s!<\/p>\n","protected":false},"excerpt":{"rendered":"<p>Santo El\u00edgio Santo El\u00edgio nasceu em Limoges no ano de 588, de nobre fam\u00edlia galo-romana, exerceu v\u00e1rias profiss\u00f5es e chegou a Bispo. El\u00edgio (tamb\u00e9m conhecido pelo nome de El\u00f3i) que em Paris tinha trabalhado como aprendiz junto com o superintendente de confec\u00e7\u00f5es de moedas reais, empenhou-se tanto e com tamanha honestidade que, com o precioso [&hellip;]<\/p>\n","protected":false},"author":1,"featured_media":23152,"comment_status":"closed","ping_status":"closed","sticky":false,"template":"","format":"standard","meta":{"footnotes":""},"categories":[32],"tags":[],"class_list":["post-5385","post","type-post","status-publish","format-standard","has-post-thumbnail","hentry","category-santo-do-dia"],"_links":{"self":[{"href":"https:\/\/catolicanet.net\/wp-cnet\/wp-json\/wp\/v2\/posts\/5385","targetHints":{"allow":["GET"]}}],"collection":[{"href":"https:\/\/catolicanet.net\/wp-cnet\/wp-json\/wp\/v2\/posts"}],"about":[{"href":"https:\/\/catolicanet.net\/wp-cnet\/wp-json\/wp\/v2\/types\/post"}],"author":[{"embeddable":true,"href":"https:\/\/catolicanet.net\/wp-cnet\/wp-json\/wp\/v2\/users\/1"}],"replies":[{"embeddable":true,"href":"https:\/\/catolicanet.net\/wp-cnet\/wp-json\/wp\/v2\/comments?post=5385"}],"version-history":[{"count":3,"href":"https:\/\/catolicanet.net\/wp-cnet\/wp-json\/wp\/v2\/posts\/5385\/revisions"}],"predecessor-version":[{"id":23153,"href":"https:\/\/catolicanet.net\/wp-cnet\/wp-json\/wp\/v2\/posts\/5385\/revisions\/23153"}],"wp:featuredmedia":[{"embeddable":true,"href":"https:\/\/catolicanet.net\/wp-cnet\/wp-json\/wp\/v2\/media\/23152"}],"wp:attachment":[{"href":"https:\/\/catolicanet.net\/wp-cnet\/wp-json\/wp\/v2\/media?parent=5385"}],"wp:term":[{"taxonomy":"category","embeddable":true,"href":"https:\/\/catolicanet.net\/wp-cnet\/wp-json\/wp\/v2\/categories?post=5385"},{"taxonomy":"post_tag","embeddable":true,"href":"https:\/\/catolicanet.net\/wp-cnet\/wp-json\/wp\/v2\/tags?post=5385"}],"curies":[{"name":"wp","href":"https:\/\/api.w.org\/{rel}","templated":true}]}}