{"id":53849,"date":"2019-09-18T10:12:49","date_gmt":"2019-09-18T13:12:49","guid":{"rendered":"http:\/\/catolicanet.net\/wp-cnet\/?p=53849"},"modified":"2019-09-18T10:14:16","modified_gmt":"2019-09-18T13:14:16","slug":"hospitais-catolicos-do-brasil-realizam-encontro-em-aparecida","status":"publish","type":"post","link":"https:\/\/catolicanet.net\/wp-cnet\/hospitais-catolicos-do-brasil-realizam-encontro-em-aparecida\/","title":{"rendered":"Hospitais cat\u00f3licos do Brasil realizam encontro em Aparecida"},"content":{"rendered":"<h2>Entidades querem fortalecer identidade religiosa e aprimorar atendimento aos menos favorecidos<\/h2>\n<p>Pela primeira vez, institui\u00e7\u00f5es cat\u00f3licas de sa\u00fade de todo o pa\u00eds v\u00e3o se encontrar em Aparecida (SP). O evento acontece no pr\u00f3ximo domingo (22), e quer debater a atua\u00e7\u00e3o das entidades no territ\u00f3rio nacional.<\/p>\n<p>As atividades ser\u00e3o abertas com uma missa \u00e0s 8h, no Altar Central da Bas\u00edlica Nacional. A Eucaristia ser\u00e1 presidida pelo arcebispo de Aparecida, Dom Orlando Brandes. O religioso realiza uma palestra para o grupo \u00e0s 10h, no Semin\u00e1rio Bom Jesus, sede da Arquidiocese da Padroeira do Brasil.<\/p>\n<p>\u201cEstamos unidos para reafirmar a presen\u00e7a da Igreja na Sa\u00fade e colaborar com solu\u00e7\u00f5es para a longevidade da assist\u00eancia prestada pelas institui\u00e7\u00f5es, mas sem perder o cerne da quest\u00e3o que \u00e9 cuidar dos menos favorecidos\u201d, destaca o dirigente da Associa\u00e7\u00e3o Lar S\u00e3o Francisco, Frei Francisco.<\/p>\n<p>Al\u00e9m de se configurar como um momento de troca de experi\u00eancias, o momento tamb\u00e9m quer divulgar e fortalecer a Associa\u00e7\u00e3o Brasileira de Institui\u00e7\u00f5es Cat\u00f3licas de Sa\u00fade (ABICS). A institui\u00e7\u00e3o quer aproximar os hospitais cat\u00f3licos de todo o pa\u00eds, fortalecendo o trabalho desenvolvido pela Igreja Cat\u00f3lica no Brasil.<\/p>\n<p>\u201cO encontro \u00e9 a primeira agenda de integra\u00e7\u00e3o e fortalecimento do grupo, criado para unir as institui\u00e7\u00f5es cat\u00f3licas de Sa\u00fade, alinhar e fortalecer prop\u00f3sitos, primar pelo carisma das entidades religiosas e zelar pelo cumprimento da miss\u00e3o da Igreja. Estarmos juntos \u00e9 importante para darmos andamento ao trabalho vislumbrado h\u00e1 um ano com a cria\u00e7\u00e3o da Associa\u00e7\u00e3o\u201d, explica um dos conselheiros da ABICS, N\u00e9lisson do Esp\u00edrito Santo.<\/p>\n<p><b>Inscri\u00e7\u00f5es &#8211; <\/b>Os representantes dos organismos cat\u00f3licos de sa\u00fade que desejam participar do encontro podem se inscrever gratuitamente at\u00e9 a pr\u00f3xima sexta-feira (20). As inscri\u00e7\u00f5es devem ser feitas pelo <a href=\"https:\/\/www.sympla.com.br\/primeiro-encontro-abics__636178\">site oficial do encontro<\/a>.<\/p>\n","protected":false},"excerpt":{"rendered":"<p>Entidades querem fortalecer identidade religiosa e aprimorar atendimento aos menos favorecidos Pela primeira vez, institui\u00e7\u00f5es cat\u00f3licas de sa\u00fade de todo o pa\u00eds v\u00e3o se encontrar em Aparecida (SP). O evento acontece no pr\u00f3ximo domingo (22), e quer debater a atua\u00e7\u00e3o das entidades no territ\u00f3rio nacional. As atividades ser\u00e3o abertas com uma missa \u00e0s 8h, no [&hellip;]<\/p>\n","protected":false},"author":1,"featured_media":53850,"comment_status":"open","ping_status":"closed","sticky":false,"template":"","format":"standard","meta":{"footnotes":""},"categories":[4],"tags":[],"class_list":["post-53849","post","type-post","status-publish","format-standard","has-post-thumbnail","hentry","category-cotidiano"],"_links":{"self":[{"href":"https:\/\/catolicanet.net\/wp-cnet\/wp-json\/wp\/v2\/posts\/53849","targetHints":{"allow":["GET"]}}],"collection":[{"href":"https:\/\/catolicanet.net\/wp-cnet\/wp-json\/wp\/v2\/posts"}],"about":[{"href":"https:\/\/catolicanet.net\/wp-cnet\/wp-json\/wp\/v2\/types\/post"}],"author":[{"embeddable":true,"href":"https:\/\/catolicanet.net\/wp-cnet\/wp-json\/wp\/v2\/users\/1"}],"replies":[{"embeddable":true,"href":"https:\/\/catolicanet.net\/wp-cnet\/wp-json\/wp\/v2\/comments?post=53849"}],"version-history":[{"count":1,"href":"https:\/\/catolicanet.net\/wp-cnet\/wp-json\/wp\/v2\/posts\/53849\/revisions"}],"predecessor-version":[{"id":53851,"href":"https:\/\/catolicanet.net\/wp-cnet\/wp-json\/wp\/v2\/posts\/53849\/revisions\/53851"}],"wp:featuredmedia":[{"embeddable":true,"href":"https:\/\/catolicanet.net\/wp-cnet\/wp-json\/wp\/v2\/media\/53850"}],"wp:attachment":[{"href":"https:\/\/catolicanet.net\/wp-cnet\/wp-json\/wp\/v2\/media?parent=53849"}],"wp:term":[{"taxonomy":"category","embeddable":true,"href":"https:\/\/catolicanet.net\/wp-cnet\/wp-json\/wp\/v2\/categories?post=53849"},{"taxonomy":"post_tag","embeddable":true,"href":"https:\/\/catolicanet.net\/wp-cnet\/wp-json\/wp\/v2\/tags?post=53849"}],"curies":[{"name":"wp","href":"https:\/\/api.w.org\/{rel}","templated":true}]}}