{"id":53792,"date":"2019-09-17T10:11:47","date_gmt":"2019-09-17T13:11:47","guid":{"rendered":"http:\/\/catolicanet.net\/wp-cnet\/?p=53792"},"modified":"2019-09-17T11:46:38","modified_gmt":"2019-09-17T14:46:38","slug":"principe-charles-participara-da-canonizacao-do-cardeal-newman-em-roma","status":"publish","type":"post","link":"https:\/\/catolicanet.net\/wp-cnet\/principe-charles-participara-da-canonizacao-do-cardeal-newman-em-roma\/","title":{"rendered":"Pr\u00edncipe Charles participar\u00e1 da canoniza\u00e7\u00e3o do Cardeal Newman em Roma"},"content":{"rendered":"<p>O herdeiro do trono brit\u00e2nico, Pr\u00edncipe Charles, viajar\u00e1 a Roma no pr\u00f3ximo m\u00eas para participar da Missa de canoniza\u00e7\u00e3o do Cardeal John Henry Newman, o primeiro santo ingl\u00eas n\u00e3o m\u00e1rtir desde a Reforma.<\/p>\n<p>O escrit\u00f3rio do pr\u00edncipe anunciou que, ap\u00f3s a cerim\u00f4nia na Pra\u00e7a de S\u00e3o Pedro, no Vaticano, que ser\u00e1 realizada em 13 de outubro, o Pr\u00edncipe de Gales participar\u00e1 de uma recep\u00e7\u00e3o na Pontif\u00edcia Universidade Urbaniana, onde o Cardeal Newman estudou para se tornar sacerdote cat\u00f3lico.<\/p>\n<p>&#8220;Estamos muito satisfeitos que Sua Alteza Real, o Pr\u00edncipe de Gales, encabece a delega\u00e7\u00e3o do Reino Unido para a canoniza\u00e7\u00e3o do Cardeal Newman&#8221;, disse o Arcebispo de Westminster (Inglaterra), Cardeal Vincent Nichols, ap\u00f3s o an\u00fancio de 12 de setembro.<\/p>\n<p>\u201cA explora\u00e7\u00e3o da f\u00e9 do Cardeal Newman, a profundidade da coragem pessoal, a clareza intelectual e a sensibilidade cultural fazem dele um seguidor de Cristo profundamente admirado. Seu minist\u00e9rio, especialmente entre os pobres, \u00e9 um sinal permanente da compaix\u00e3o pastoral da Igreja e um desafio para todos n\u00f3s hoje\u201d, acrescentou o Cardeal Nichols.<\/p>\n<p>Newman foi um te\u00f3logo, poeta, sacerdote cat\u00f3lico e cardeal do s\u00e9culo XIX. Foi originalmente um sacerdote anglicano, mas, em 1845, se converteu ao catolicismo, e seus escritos s\u00e3o considerados entre os mais importantes para a Igreja nos \u00faltimos s\u00e9culos.<\/p>\n<p>Em setembro de 2010, dezenas de milhares de pessoas assistiram \u00e0 beatifica\u00e7\u00e3o do Cardeal Newman em Birmingham, Inglaterra. Na Missa de beatifica\u00e7\u00e3o, o Papa Bento XVI disse que &#8220;as suas intui\u00e7\u00f5es sobre a rela\u00e7\u00e3o entre f\u00e9 e raz\u00e3o, sobre o espa\u00e7o vital da religi\u00e3o revelada na sociedade civilizada, e sobre a necessidade de uma abordagem da educa\u00e7\u00e3o vastamente fundada e a amplo raio, n\u00e3o foram apenas de profunda import\u00e2ncia para a Inglaterra vitoriana, mas continuam ainda hoje a inspirar e a iluminar muitos em todo o mundo\u201d.<\/p>\n<p>O Pr\u00edncipe Charles e sua esposa, Camilla, duquesa da Cornualha, se encontraram com o Papa Francisco em abril de 2017 durante uma visita ao Vaticano. O pr\u00edncipe de Gales se reuniu anteriormente com o Papa Bento XVI, em 2009, e com S\u00e3o Jo\u00e3o Paulo II, em 1985, com sua primeira esposa, a princesa Diana.<\/p>\n","protected":false},"excerpt":{"rendered":"<p>O herdeiro do trono brit\u00e2nico, Pr\u00edncipe Charles, viajar\u00e1 a Roma no pr\u00f3ximo m\u00eas para participar da Missa de canoniza\u00e7\u00e3o do Cardeal John Henry Newman, o primeiro santo ingl\u00eas n\u00e3o m\u00e1rtir desde a Reforma. O escrit\u00f3rio do pr\u00edncipe anunciou que, ap\u00f3s a cerim\u00f4nia na Pra\u00e7a de S\u00e3o Pedro, no Vaticano, que ser\u00e1 realizada em 13 de [&hellip;]<\/p>\n","protected":false},"author":1,"featured_media":53793,"comment_status":"open","ping_status":"closed","sticky":false,"template":"","format":"standard","meta":{"footnotes":""},"categories":[4],"tags":[],"class_list":["post-53792","post","type-post","status-publish","format-standard","has-post-thumbnail","hentry","category-cotidiano"],"_links":{"self":[{"href":"https:\/\/catolicanet.net\/wp-cnet\/wp-json\/wp\/v2\/posts\/53792","targetHints":{"allow":["GET"]}}],"collection":[{"href":"https:\/\/catolicanet.net\/wp-cnet\/wp-json\/wp\/v2\/posts"}],"about":[{"href":"https:\/\/catolicanet.net\/wp-cnet\/wp-json\/wp\/v2\/types\/post"}],"author":[{"embeddable":true,"href":"https:\/\/catolicanet.net\/wp-cnet\/wp-json\/wp\/v2\/users\/1"}],"replies":[{"embeddable":true,"href":"https:\/\/catolicanet.net\/wp-cnet\/wp-json\/wp\/v2\/comments?post=53792"}],"version-history":[{"count":1,"href":"https:\/\/catolicanet.net\/wp-cnet\/wp-json\/wp\/v2\/posts\/53792\/revisions"}],"predecessor-version":[{"id":53794,"href":"https:\/\/catolicanet.net\/wp-cnet\/wp-json\/wp\/v2\/posts\/53792\/revisions\/53794"}],"wp:featuredmedia":[{"embeddable":true,"href":"https:\/\/catolicanet.net\/wp-cnet\/wp-json\/wp\/v2\/media\/53793"}],"wp:attachment":[{"href":"https:\/\/catolicanet.net\/wp-cnet\/wp-json\/wp\/v2\/media?parent=53792"}],"wp:term":[{"taxonomy":"category","embeddable":true,"href":"https:\/\/catolicanet.net\/wp-cnet\/wp-json\/wp\/v2\/categories?post=53792"},{"taxonomy":"post_tag","embeddable":true,"href":"https:\/\/catolicanet.net\/wp-cnet\/wp-json\/wp\/v2\/tags?post=53792"}],"curies":[{"name":"wp","href":"https:\/\/api.w.org\/{rel}","templated":true}]}}