{"id":5373,"date":"2014-11-27T12:42:54","date_gmt":"2014-11-27T14:42:54","guid":{"rendered":"http:\/\/catolicanet.net\/wp-cnet\/papa-falou-do-nosso-maior-problema-a-solidao-de-jovens-e-velhos-martin-schulz\/"},"modified":"2017-04-07T09:03:28","modified_gmt":"2017-04-07T12:03:28","slug":"papa-falou-do-nosso-maior-problema-a-solidao-de-jovens-e-velhos-martin-schulz","status":"publish","type":"post","link":"https:\/\/catolicanet.net\/wp-cnet\/papa-falou-do-nosso-maior-problema-a-solidao-de-jovens-e-velhos-martin-schulz\/","title":{"rendered":"Papa falou do nosso maior problema: a solid\u00e3o de jovens e velhos \u2013 Martin Schulz"},"content":{"rendered":"<p style=\"text-align: justify;\"><img decoding=\"async\" src=\"http:\/\/catolicanet.com.br\/images\/stories\/geral\/papamartinschulz.jpg\" border=\"0\" align=\"left\" \/>A Uni\u00e3o Europeia e a Igreja t\u00eam desafios comuns e partilham \u201cvalores como a toler\u00e2ncia, o respeito, a igualdade, a solidariedade e a paz. Quem o disse foi o Presidente do Parlamento Europeu, Martin Schulz, no discurso proferido em presen\u00e7a do Papa Francisco na passada ter\u00e7a-feira aquando da visita do Santo Padre aquela importante institui\u00e7\u00e3o europeia. Entretanto, a nossa colega da R\u00e1dio Vaticano Helen Destombes entrevistou Martin Schulz logo ap\u00f3s a visita e o discurso do Papa Francisco. Um discurso que recolheu aplausos de toda a assembleia, como referiu o Presidente do Parlamento Europeu:<\/p>\n<p>\u201cSou membro do Parlamento Europeu h\u00e1 muito tempo: raramente vi o hemiciclo aplaudir em assembleia plen\u00e1ria. Para al\u00e9m das diversas filia\u00e7\u00f5es pol\u00edticas, creio que o Papa tocou no cora\u00e7\u00e3o dos deputados. Quando fez o exemplo da av\u00f3, falando de uma Europa cansada: tem raz\u00e3o, completamente raz\u00e3o. A ideia da Europa, esta ideia que existem Na\u00e7\u00f5es que trabalham juntas para al\u00e9m das fronteiras, que criam institui\u00e7\u00f5es para refor\u00e7arem-se de parte a parte&#8230; H\u00e1 sempre mais pessoas que j\u00e1 n\u00e3o acreditam que as pr\u00f3prias institui\u00e7\u00f5es representem ainda \u201c a ideia\u201d; e isto \u00e9 contradit\u00f3rio e o Papa esclareceu-o hoje. As institui\u00e7\u00f5es est\u00e3o cansadas; mas tamb\u00e9m \u201ca ideia\u201d est\u00e1 cansada? N\u00e3o, \u201ca ideia\u201d est\u00e1 viva, temos necessidade da ideia mas \u00e9 necess\u00e1rio reformar as nossas institui\u00e7\u00f5es para restituir credibilidade \u00e0 ideia. Creio que a ampla maioria dos deputados, hoje, pensem a mesma coisa.\u201d<\/p>\n<p>\u201cNos seus discursos o Papa n\u00e3o falou apenas das ra\u00edzes crist\u00e3s: falou tamb\u00e9m de uma tradi\u00e7\u00e3o do humanismo na Europa. Isto significa que tamb\u00e9m aqueles que n\u00e3o s\u00e3o cat\u00f3licos nem crist\u00e3os, nem s\u00e3o crentes, tamb\u00e9m se reveem nas suas palavras. A mensagem foi a da ideia espiritual dos cat\u00f3licos mas com mensagens tamb\u00e9m universais. Afinal, o Papa \u2013 com uma certa diplomacia &#8211;\u00a0 tocou o nosso maior problema. Falou da solid\u00e3o dos velhos e da solid\u00e3o dos jovens, isto \u00e9, daqueles que t\u00eam a perce\u00e7\u00e3o do facto de que se renunciou de ocupar-se deles. A grande diferen\u00e7a est\u00e1 no facto de que se isto \u00e9 dito por um pol\u00edtico, torna-se num discurso pol\u00edtico da direita ou da esquerda; se esta mesma coisa \u00e9 dita por um l\u00edder espiritual, isto toca diretamente os jovens e demonstra que, para al\u00e9m das quest\u00f5es de direita ou de esquerda, existe uma base que \u00e9 crist\u00e3 mas tamb\u00e9m human\u00edstica que n\u00e3o se deve colocar em discuss\u00e3o se n\u00e3o se quer arriscar que a sociedade se desintegre.\u201d<\/p>\n<p>Martin Schulz considerou ainda nesta entrevista \u00e0 RV que a Europa tem necessidade de uma alma mas o mundo tem necessidade da Europa. Para o Presidente do Parlamento Europeu a mensagem do Papa Francisco \u00e9 muito clara: temos necessidade da Europa.<\/p>\n<p style=\"text-align: justify;\">Fonte: R\u00e1dio Vaticano<\/p>\n","protected":false},"excerpt":{"rendered":"<p>A Uni\u00e3o Europeia e a Igreja t\u00eam desafios comuns e partilham \u201cvalores como a toler\u00e2ncia, o respeito, a igualdade, a solidariedade e a paz. Quem o disse foi o Presidente do Parlamento Europeu, Martin Schulz, no discurso proferido em presen\u00e7a do Papa Francisco na passada ter\u00e7a-feira aquando da visita do Santo Padre aquela importante institui\u00e7\u00e3o [&hellip;]<\/p>\n","protected":false},"author":1,"featured_media":0,"comment_status":"closed","ping_status":"closed","sticky":false,"template":"","format":"standard","meta":{"footnotes":""},"categories":[3],"tags":[],"class_list":["post-5373","post","type-post","status-publish","format-standard","hentry","category-vaticano"],"_links":{"self":[{"href":"https:\/\/catolicanet.net\/wp-cnet\/wp-json\/wp\/v2\/posts\/5373","targetHints":{"allow":["GET"]}}],"collection":[{"href":"https:\/\/catolicanet.net\/wp-cnet\/wp-json\/wp\/v2\/posts"}],"about":[{"href":"https:\/\/catolicanet.net\/wp-cnet\/wp-json\/wp\/v2\/types\/post"}],"author":[{"embeddable":true,"href":"https:\/\/catolicanet.net\/wp-cnet\/wp-json\/wp\/v2\/users\/1"}],"replies":[{"embeddable":true,"href":"https:\/\/catolicanet.net\/wp-cnet\/wp-json\/wp\/v2\/comments?post=5373"}],"version-history":[{"count":1,"href":"https:\/\/catolicanet.net\/wp-cnet\/wp-json\/wp\/v2\/posts\/5373\/revisions"}],"predecessor-version":[{"id":10241,"href":"https:\/\/catolicanet.net\/wp-cnet\/wp-json\/wp\/v2\/posts\/5373\/revisions\/10241"}],"wp:attachment":[{"href":"https:\/\/catolicanet.net\/wp-cnet\/wp-json\/wp\/v2\/media?parent=5373"}],"wp:term":[{"taxonomy":"category","embeddable":true,"href":"https:\/\/catolicanet.net\/wp-cnet\/wp-json\/wp\/v2\/categories?post=5373"},{"taxonomy":"post_tag","embeddable":true,"href":"https:\/\/catolicanet.net\/wp-cnet\/wp-json\/wp\/v2\/tags?post=5373"}],"curies":[{"name":"wp","href":"https:\/\/api.w.org\/{rel}","templated":true}]}}