{"id":53723,"date":"2019-09-16T14:13:52","date_gmt":"2019-09-16T17:13:52","guid":{"rendered":"http:\/\/catolicanet.net\/wp-cnet\/?p=53723"},"modified":"2019-09-16T14:13:52","modified_gmt":"2019-09-16T17:13:52","slug":"igreja-busca-caminhos-para-proteger-adultos-vulneraveis-de-abusos","status":"publish","type":"post","link":"https:\/\/catolicanet.net\/wp-cnet\/igreja-busca-caminhos-para-proteger-adultos-vulneraveis-de-abusos\/","title":{"rendered":"Igreja busca caminhos para proteger adultos vulner\u00e1veis de abusos"},"content":{"rendered":"<p>A Pontif\u00edcia Comiss\u00e3o para a Tutela dos Menores concluiu no domingo, 15 de setembro, em Roma, sua XI Assembleia Plen\u00e1ria Ordin\u00e1ria com uma &#8220;aten\u00e7\u00e3o significativa ao conceito de adulto vulner\u00e1vel&#8221;, segundo se l\u00ea em um comunicado de imprensa divulgado ao final do encontro.<\/p>\n<p>A reuni\u00e3o desta Comiss\u00e3o, que foi criada pelo Papa Francisco em 2014 para estabelecer iniciativas para a prote\u00e7\u00e3o de menores na Igreja, come\u00e7ou na sexta-feira, 13, com a escuta do testemunho de um homem brasileiro que sofreu abusos por parte de sua fam\u00edlia e do clero.<\/p>\n<p>Segundo o comunicado, os membros da Assembleia Plen\u00e1ria chegaram a Roma alguns dias antes do in\u00edcio da reuni\u00e3o para realizar uma s\u00e9rie de encontros em diferentes dicast\u00e9rios, com o objetivo de facilitar seu trabalho em todos os n\u00edveis da Igreja.<\/p>\n<p>&#8220;H\u00e1 uma necessidade constante que a cultura e a miss\u00e3o em favor da prote\u00e7\u00e3o dos menores seja vista e incorporada sistematicamente na vida da Igreja em n\u00edvel mundial\u201d, indica o comunicado.<\/p>\n<p>A Pontif\u00edcia Comiss\u00e3o centrou seus esfor\u00e7os em uma s\u00e9rie de \u00e1reas concretas: di\u00e1logo com v\u00edtimas e sobreviventes, educa\u00e7\u00e3o e forma\u00e7\u00e3o, diretrizes e normas de prote\u00e7\u00e3o.<\/p>\n<p>\u201cNosso trabalho com os sobreviventes continua\u201d, destaca o comunicado, \u201cpor meio de uma s\u00e9rie de estrat\u00e9gias voltadas a desenvolver plataformas por meio das quais a Igreja possa escutar as vozes das pessoas que sofreram abusos, e trabalhar para integrar as vozes das v\u00edtimas-sobreviventes na vida e na miss\u00e3o da Igreja\u201d.<\/p>\n<p>Al\u00e9m disso, &#8220;a forma\u00e7\u00e3o e a educa\u00e7\u00e3o continuam sendo oferecidos em diversas modalidades e locais, em v\u00e1rias partes do mundo, em resposta aos pedidos de confer\u00eancias episcopais, dioceses, institutos de vida consagrada, sociedades de vida apost\u00f3lica, movimentos eclesiais e associa\u00e7\u00f5es&#8221;.<\/p>\n<p>Por fim, a declara\u00e7\u00e3o afirma que, \u201cconsiderando esse momento particular na hist\u00f3ria das Igrejas e o pr\u00f3ximo 30\u00ba anivers\u00e1rio da Conven\u00e7\u00e3o sobre os Direitos da Crian\u00e7a das Na\u00e7\u00f5es Unidas, a Pontif\u00edcia Comiss\u00e3o para a Tutela dos Menores renova seu firme compromisso para contribuir para um mundo que seja seguro para as crian\u00e7as e as pessoas vulner\u00e1veis\u201d.<\/p>\n","protected":false},"excerpt":{"rendered":"<p>A Pontif\u00edcia Comiss\u00e3o para a Tutela dos Menores concluiu no domingo, 15 de setembro, em Roma, sua XI Assembleia Plen\u00e1ria Ordin\u00e1ria com uma &#8220;aten\u00e7\u00e3o significativa ao conceito de adulto vulner\u00e1vel&#8221;, segundo se l\u00ea em um comunicado de imprensa divulgado ao final do encontro. A reuni\u00e3o desta Comiss\u00e3o, que foi criada pelo Papa Francisco em 2014 [&hellip;]<\/p>\n","protected":false},"author":1,"featured_media":53724,"comment_status":"open","ping_status":"closed","sticky":false,"template":"","format":"standard","meta":{"footnotes":""},"categories":[4],"tags":[],"class_list":["post-53723","post","type-post","status-publish","format-standard","has-post-thumbnail","hentry","category-cotidiano"],"_links":{"self":[{"href":"https:\/\/catolicanet.net\/wp-cnet\/wp-json\/wp\/v2\/posts\/53723","targetHints":{"allow":["GET"]}}],"collection":[{"href":"https:\/\/catolicanet.net\/wp-cnet\/wp-json\/wp\/v2\/posts"}],"about":[{"href":"https:\/\/catolicanet.net\/wp-cnet\/wp-json\/wp\/v2\/types\/post"}],"author":[{"embeddable":true,"href":"https:\/\/catolicanet.net\/wp-cnet\/wp-json\/wp\/v2\/users\/1"}],"replies":[{"embeddable":true,"href":"https:\/\/catolicanet.net\/wp-cnet\/wp-json\/wp\/v2\/comments?post=53723"}],"version-history":[{"count":1,"href":"https:\/\/catolicanet.net\/wp-cnet\/wp-json\/wp\/v2\/posts\/53723\/revisions"}],"predecessor-version":[{"id":53725,"href":"https:\/\/catolicanet.net\/wp-cnet\/wp-json\/wp\/v2\/posts\/53723\/revisions\/53725"}],"wp:featuredmedia":[{"embeddable":true,"href":"https:\/\/catolicanet.net\/wp-cnet\/wp-json\/wp\/v2\/media\/53724"}],"wp:attachment":[{"href":"https:\/\/catolicanet.net\/wp-cnet\/wp-json\/wp\/v2\/media?parent=53723"}],"wp:term":[{"taxonomy":"category","embeddable":true,"href":"https:\/\/catolicanet.net\/wp-cnet\/wp-json\/wp\/v2\/categories?post=53723"},{"taxonomy":"post_tag","embeddable":true,"href":"https:\/\/catolicanet.net\/wp-cnet\/wp-json\/wp\/v2\/tags?post=53723"}],"curies":[{"name":"wp","href":"https:\/\/api.w.org\/{rel}","templated":true}]}}