{"id":5372,"date":"2014-11-27T12:35:58","date_gmt":"2014-11-27T14:35:58","guid":{"rendered":"http:\/\/catolicanet.net\/wp-cnet\/cnbb-sedia-lancamento-da-campanha-da-pastoral-da-aids\/"},"modified":"2017-04-07T09:03:08","modified_gmt":"2017-04-07T12:03:08","slug":"cnbb-sedia-lancamento-da-campanha-da-pastoral-da-aids","status":"publish","type":"post","link":"https:\/\/catolicanet.net\/wp-cnet\/cnbb-sedia-lancamento-da-campanha-da-pastoral-da-aids\/","title":{"rendered":"CNBB sedia lan\u00e7amento da Campanha da Pastoral da Aids"},"content":{"rendered":"<p style=\"text-align: justify;\"><img decoding=\"async\" src=\"http:\/\/catolicanet.com.br\/images\/stories\/geral\/bannercampanhaaids.jpg\" border=\"0\" align=\"left\" \/>Com o objetivo incentivar o diagn\u00f3stico precoce para o HIV, com a finalidade de contribuir para a otimiza\u00e7\u00e3o do tratamento e evitar novas infec\u00e7\u00f5es, ser\u00e1 lan\u00e7ada hoje, 27 de novembro, a Campanha da Pastoral da Aids, na sede da CNBB, em Bras\u00edlia.<\/p>\n<p>Est\u00e3o convidados para o evento, o bispo auxiliar de Bras\u00edlia e secret\u00e1rio geral da institui\u00e7\u00e3o, dom Leonardo Steiner; o ministro da Sa\u00fade, Arthur Chioro; o secret\u00e1rio de Vigil\u00e2ncia em Sa\u00fade, Jarbas Barbosa; o coordenador do Departamento de DST\/Aids e Hepatites Virais, F\u00e1bio Mesquita, o secret\u00e1rio executivo e do assessor da Pastoral da Aids, respectivamente, frei Jos\u00e9 Bernardi e frei Luiz Carlos Lunardi.<\/p>\n<p>Ap\u00f3s a cerim\u00f4nia de lan\u00e7amento, representantes da CNBB e do Minist\u00e9rio da Sa\u00fade, ir\u00e3o conceder entrevista coletiva \u00e0 imprensa.<\/p>\n<p>Proposta<\/p>\n<p>O lema escolhido para a campanha \u00e9 \u201cCuide bem de voc\u00ea e de todos os que voc\u00ea ama. Fa\u00e7a o teste HIV\u201d. De acordo com levantamento da Pastoral da Aids, essa a epidemia est\u00e1 no Brasil h\u00e1 30 anos. Apesar dos avan\u00e7os na \u00e1rea da medicina e das pol\u00edticas p\u00fablicas, ainda persistem \u00f3bitos e infec\u00e7\u00f5es.<\/p>\n<p>Diante deste cen\u00e1rio, a Pastoral da Aids prop\u00f4s em parceria com o Minist\u00e9rio da Sa\u00fade, essa campanha para motivar a sociedade para o diagn\u00f3stico precoce.<\/p>\n<p>Informa\u00e7\u00f5es sobre o lan\u00e7amento: (61) 2103-8313 ou pelo e-mail: assessor@pastoralaids.org.br<\/p>\n<p style=\"text-align: justify;\">\u00a0<\/p>\n<p style=\"text-align: justify;\">Fonte: CNBB<\/p>\n","protected":false},"excerpt":{"rendered":"<p>Com o objetivo incentivar o diagn\u00f3stico precoce para o HIV, com a finalidade de contribuir para a otimiza\u00e7\u00e3o do tratamento e evitar novas infec\u00e7\u00f5es, ser\u00e1 lan\u00e7ada hoje, 27 de novembro, a Campanha da Pastoral da Aids, na sede da CNBB, em Bras\u00edlia. Est\u00e3o convidados para o evento, o bispo auxiliar de Bras\u00edlia e secret\u00e1rio geral [&hellip;]<\/p>\n","protected":false},"author":1,"featured_media":0,"comment_status":"closed","ping_status":"closed","sticky":false,"template":"","format":"standard","meta":{"footnotes":""},"categories":[7],"tags":[],"class_list":["post-5372","post","type-post","status-publish","format-standard","hentry","category-cnbb"],"_links":{"self":[{"href":"https:\/\/catolicanet.net\/wp-cnet\/wp-json\/wp\/v2\/posts\/5372","targetHints":{"allow":["GET"]}}],"collection":[{"href":"https:\/\/catolicanet.net\/wp-cnet\/wp-json\/wp\/v2\/posts"}],"about":[{"href":"https:\/\/catolicanet.net\/wp-cnet\/wp-json\/wp\/v2\/types\/post"}],"author":[{"embeddable":true,"href":"https:\/\/catolicanet.net\/wp-cnet\/wp-json\/wp\/v2\/users\/1"}],"replies":[{"embeddable":true,"href":"https:\/\/catolicanet.net\/wp-cnet\/wp-json\/wp\/v2\/comments?post=5372"}],"version-history":[{"count":1,"href":"https:\/\/catolicanet.net\/wp-cnet\/wp-json\/wp\/v2\/posts\/5372\/revisions"}],"predecessor-version":[{"id":10240,"href":"https:\/\/catolicanet.net\/wp-cnet\/wp-json\/wp\/v2\/posts\/5372\/revisions\/10240"}],"wp:attachment":[{"href":"https:\/\/catolicanet.net\/wp-cnet\/wp-json\/wp\/v2\/media?parent=5372"}],"wp:term":[{"taxonomy":"category","embeddable":true,"href":"https:\/\/catolicanet.net\/wp-cnet\/wp-json\/wp\/v2\/categories?post=5372"},{"taxonomy":"post_tag","embeddable":true,"href":"https:\/\/catolicanet.net\/wp-cnet\/wp-json\/wp\/v2\/tags?post=5372"}],"curies":[{"name":"wp","href":"https:\/\/api.w.org\/{rel}","templated":true}]}}