{"id":53711,"date":"2019-09-16T13:56:24","date_gmt":"2019-09-16T16:56:24","guid":{"rendered":"http:\/\/catolicanet.net\/wp-cnet\/?p=53711"},"modified":"2019-09-16T13:56:24","modified_gmt":"2019-09-16T16:56:24","slug":"o-papa-na-casa-santa-marta-rezar-pelos-governantes-eles-farao-o-mesmo-pelo-povo","status":"publish","type":"post","link":"https:\/\/catolicanet.net\/wp-cnet\/o-papa-na-casa-santa-marta-rezar-pelos-governantes-eles-farao-o-mesmo-pelo-povo\/","title":{"rendered":"O Papa na Casa Santa Marta: rezar pelos governantes, eles far\u00e3o o mesmo pelo povo"},"content":{"rendered":"<div class=\"article__subTitle\">Depois da pausa de ver\u00e3o, o Papa celebrou nesta manh\u00e3 (16\/09) a missa matutina na Capela da Casa Santa Marta. Sua reflex\u00e3o foi centralizada na Primeira Carta de S\u00e3o Paulo a Tim\u00f3teo encorajando a rezar a Deus tamb\u00e9m pelos governantes.<\/div>\n<div class=\"title__separator\"><\/div>\n<div class=\"article__text\">\n<p><b>Cidade do Vaticano<\/b><\/p>\n<p>Rezar tamb\u00e9m pelos governantes e pelos pol\u00edticos, para que \u201cpossam levar adiante com dignidade sua voca\u00e7\u00e3o\u201d. S\u00e3o palavras do Papa Francisco na Missa desta manh\u00e3 (16\/09) na capela da Casa Santa Marta, a primeira depois da pausa de ver\u00e3o.<\/p>\n<div>\n<div class=\"article__embed article__embed--unwrap article__embed--dark\">\n<div class=\"article__innerTitle\">Ou\u00e7a e compartilhe!<\/div>\n<!--[if lt IE 9]><script>document.createElement('audio');<\/script><![endif]-->\n<audio class=\"wp-audio-shortcode\" id=\"audio-53711-1\" preload=\"none\" style=\"width: 100%;\" controls=\"controls\"><source type=\"audio\/mpeg\" src=\"https:\/\/media.vaticannews.va\/media\/audio\/s1\/2019\/09\/16\/12\/135222813_F135222813.mp3?_=1\" \/><a href=\"https:\/\/media.vaticannews.va\/media\/audio\/s1\/2019\/09\/16\/12\/135222813_F135222813.mp3\">https:\/\/media.vaticannews.va\/media\/audio\/s1\/2019\/09\/16\/12\/135222813_F135222813.mp3<\/a><\/audio>\n<\/div>\n<\/div>\n<h2><b>A ora\u00e7\u00e3o<\/b><\/h2>\n<p>Refletindo sobre a Primeira Carta de S\u00e3o Paulo ap\u00f3stolo a Tim\u00f3teo, o Pont\u00edfice observa quanto seja encorajado a \u201ctodo o povo de Deus\u201d a rezar, por um \u201cpedido universal\u201d: sejam feitos \u201csem c\u00f3lera e sem pol\u00eamicas\u201d, evidencia Francisco, \u201cpedidos, s\u00faplicas, ora\u00e7\u00f5es e agradecimentos para todos os homens\u201d e ao mesmo tempo \u201cpelos reis e por todos os que est\u00e3o no poder\u201d para que tenham \u201cuma vida calma e tranquila, digna e dedicada a Deus\u201d.<\/p>\n<p><i>Paulo evidencia o ambiente de uma pessoa que cr\u00ea: \u00e9 a ora\u00e7\u00e3o. \u00c9 a ora\u00e7\u00e3o de intercess\u00e3o, aqui: \u201cQue todos rezemos por todos, para que possamos levar uma vida calma e tranquila, digna e dedicada a Deus\u201d. \u00c9 necess\u00e1ria a ora\u00e7\u00e3o a para que isso seja poss\u00edvel. Mas h\u00e1 um detalhe que gostaria de me deter: \u201cPara todos os homens \u2013 e depois acrescenta \u2013 pelos reis e por todos os que est\u00e3o no poder\u201d. Portanto trata-se da ora\u00e7\u00e3o pelos governantes, pelos pol\u00edticos, pelas pessoas que s\u00e3o respons\u00e1veis de levar adiante uma institui\u00e7\u00e3o pol\u00edtica, um pa\u00eds, uma prov\u00edncia.<\/i><\/p>\n<h2><b>Rezar pelos que pensam diversamente<\/b><\/h2>\n<p>Esses, afirma, recebem \u201cadula\u00e7\u00f5es por parte de seus favoritos ou insultos\u201d. H\u00e1 pol\u00edticos, mas tamb\u00e9m padres e bispos, diz o Papa, que s\u00e3o insultados, \u201calguns o merecem\u201d, acrescenta, mas j\u00e1 se torna \u201cum h\u00e1bito\u201d recordando o que define um \u201cac\u00famulo de insultos e de palavr\u00f5es, de deprecia\u00e7\u00f5es\u201d. Ainda assim quem est\u00e1 no governo \u201ct\u00eam a responsabilidade de conduzir o pa\u00eds\u201d: e n\u00f3s \u2013 pergunta-se o Pont\u00edfice \u2013 \u201co deixamos s\u00f3, sem pedir a Deus que o aben\u00e7oe?\u201d. \u201cTenho certeza\u201d \u2013 prossegue \u2013 que n\u00e3o se reza pelos governantes, ao contr\u00e1rio: poderia parecer que a ora\u00e7\u00e3o aos governantes seja \u201cinsultar-lhes\u201d. E assim, constata, \u201csegue nossa vida nas rela\u00e7\u00f5es\u201d com quem est\u00e1 no poder. Mas S\u00e3o Paulo, explica, \u00e9 \u201cclaro\u201d ao pedir que se \u201creze por cada um deles para que possam levar adiante uma vida calma, tranquila, digna para seu povo\u201d. Por fim recorda como os italianos passaram recentemente por uma &#8220;crise de governo\u201d.<\/p>\n<p><i>Quem de n\u00f3s rezou pelos governantes? Quem de n\u00f3s rezou pelos parlamentares? Para que possam ir de acordo e levar adiante a p\u00e1tria? Parece que o esp\u00edrito patri\u00f3tico n\u00e3o chega \u00e0 ora\u00e7\u00e3o; mas sim \u00e0s desqualifica\u00e7\u00f5es, ao \u00f3dio, \u00e0s brigas, e termina assim. Portanto, quero que em todos os lugares as pessoas rezem, levantando as m\u00e3os puras para o c\u00e9u, sem raiva e sem pol\u00eamicas\u201d. \u00c9 preciso discutir e esta \u00e9 a fun\u00e7\u00e3o de um parlamento. Discutir, mas n\u00e3o destruir o outro. Ali\u00e1s, \u00e9 preciso rezar pelo outro, por aquele que tem uma opini\u00e3o diferente da minha.<\/i><\/p>\n<h2><b>Chamado \u00e0 convers\u00e3o<\/b><\/h2>\n<p>Diante dos que pensam que aquele pol\u00edtico \u00e9 \u201cmuito comunista\u201d ou \u201ccorrupto\u201d, o Papa, citando a passagem do Evangelho de Lucas de hoje, n\u00e3o pede para \u201cdiscutir sobre pol\u00edtica\u201d, mas para rezar. Depois, h\u00e1 quem diga que \u201ca pol\u00edtica \u00e9 suja\u201d. Mas, Paulo VI, sublinhou Francisco, considerava a pol\u00edtica \u201ca mais alta forma de caridade\u201d:<\/p>\n<p><i>Pode ser suja assim como qualquer outra profiss\u00e3o, qualquer uma&#8230; Somos n\u00f3s que sujamos uma coisa, mas n\u00e3o \u00e9 a coisa em si que \u00e9 suja. Acredito que devemos nos converter e rezar pelos pol\u00edticos de todas as cores, todos eles! Rezar pelos governantes. \u00c9 isso que Paulo nos pede. Enquanto ouvia a Palavra de Deus, esse fato muito bonito do Evangelho me veio \u00e0 mente, o governante que reza por um dos seus, esse centuri\u00e3o que reza por um dos seus. At\u00e9 os governantes devem rezar pelo seu povo e o centuri\u00e3o reza por um servo: \u201cMas n\u00e3o, ele \u00e9 meu servo, eu sou respons\u00e1vel por ele\u201d. Os governantes s\u00e3o respons\u00e1veis pela vida de um pa\u00eds. \u00c9 bom pensar que, se o povo reza pelos governantes, os governantes tamb\u00e9m ser\u00e3o capazes de rezar pelo povo, como esse centuri\u00e3o que reza pelo seu servo.<\/i><\/p>\n<p>&nbsp;<\/p>\n<\/div>\n","protected":false},"excerpt":{"rendered":"<p>Depois da pausa de ver\u00e3o, o Papa celebrou nesta manh\u00e3 (16\/09) a missa matutina na Capela da Casa Santa Marta. Sua reflex\u00e3o foi centralizada na Primeira Carta de S\u00e3o Paulo a Tim\u00f3teo encorajando a rezar a Deus tamb\u00e9m pelos governantes. Cidade do Vaticano Rezar tamb\u00e9m pelos governantes e pelos pol\u00edticos, para que \u201cpossam levar adiante [&hellip;]<\/p>\n","protected":false},"author":1,"featured_media":53712,"comment_status":"open","ping_status":"closed","sticky":false,"template":"","format":"standard","meta":{"footnotes":""},"categories":[13],"tags":[],"class_list":["post-53711","post","type-post","status-publish","format-standard","has-post-thumbnail","hentry","category-featured"],"_links":{"self":[{"href":"https:\/\/catolicanet.net\/wp-cnet\/wp-json\/wp\/v2\/posts\/53711","targetHints":{"allow":["GET"]}}],"collection":[{"href":"https:\/\/catolicanet.net\/wp-cnet\/wp-json\/wp\/v2\/posts"}],"about":[{"href":"https:\/\/catolicanet.net\/wp-cnet\/wp-json\/wp\/v2\/types\/post"}],"author":[{"embeddable":true,"href":"https:\/\/catolicanet.net\/wp-cnet\/wp-json\/wp\/v2\/users\/1"}],"replies":[{"embeddable":true,"href":"https:\/\/catolicanet.net\/wp-cnet\/wp-json\/wp\/v2\/comments?post=53711"}],"version-history":[{"count":1,"href":"https:\/\/catolicanet.net\/wp-cnet\/wp-json\/wp\/v2\/posts\/53711\/revisions"}],"predecessor-version":[{"id":53713,"href":"https:\/\/catolicanet.net\/wp-cnet\/wp-json\/wp\/v2\/posts\/53711\/revisions\/53713"}],"wp:featuredmedia":[{"embeddable":true,"href":"https:\/\/catolicanet.net\/wp-cnet\/wp-json\/wp\/v2\/media\/53712"}],"wp:attachment":[{"href":"https:\/\/catolicanet.net\/wp-cnet\/wp-json\/wp\/v2\/media?parent=53711"}],"wp:term":[{"taxonomy":"category","embeddable":true,"href":"https:\/\/catolicanet.net\/wp-cnet\/wp-json\/wp\/v2\/categories?post=53711"},{"taxonomy":"post_tag","embeddable":true,"href":"https:\/\/catolicanet.net\/wp-cnet\/wp-json\/wp\/v2\/tags?post=53711"}],"curies":[{"name":"wp","href":"https:\/\/api.w.org\/{rel}","templated":true}]}}