{"id":5367,"date":"2014-11-26T13:59:33","date_gmt":"2014-11-26T15:59:33","guid":{"rendered":"http:\/\/catolicanet.net\/wp-cnet\/o-papa-francisco-e-a-fome-no-mundo\/"},"modified":"2017-04-07T08:59:28","modified_gmt":"2017-04-07T11:59:28","slug":"o-papa-francisco-e-a-fome-no-mundo","status":"publish","type":"post","link":"https:\/\/catolicanet.net\/wp-cnet\/o-papa-francisco-e-a-fome-no-mundo\/","title":{"rendered":"O Papa Francisco e a fome no mundo"},"content":{"rendered":"<p style=\"text-align: justify;\">Quanta alegria, gra\u00e7as, louvores e b\u00ean\u00e7\u00e3os, nas palavras vindas da boca do Santo Padre, o Papa Francisco, ao proclamar Jesus Cristo, o Cordeiro imolado que tira o pecado do mundo, aquele que veio para estabelecer a paz e a conc\u00f3rdia entre os povos da terra, em um mundo marcado por paradoxos, antagonismos e conflitos. O Filho de Deus, na sua miss\u00e3o de caminhar para Jerusal\u00e9m, que deve ser tamb\u00e9m a mesma dos crist\u00e3os batizados, quando se aproximou e avistou a cidade de Jerusal\u00e9m, come\u00e7ou a chorar (cf. Lc 19, 41). O Romano Pont\u00edfice, em sua missa matutina de 20.11.2014, ao comentar este Evangelho do dia, explicou que o Senhor chora pelo fechamento do cora\u00e7\u00e3o da cidade eleita, do povo eleito. N\u00e3o havia tempo para abrir-lhe a porta! Estava ocupada demais, satisfeita de si mesma. Por outro lado encoraja-nos: &#8220;N\u00e3o tenhamos medo da felicidade que o Senhor nos traz!&#8221;<br \/>Jesus chora quando o cora\u00e7\u00e3o da criatura se fecha \u00e0s suas surpresas, disse o Papa Francisco. Da\u00ed o esfor\u00e7o e a disposi\u00e7\u00e3o constante para perceber os sinais, a hora e momento de Deus, compreendidos \u00e0 luz da palavra de Deus, quer dizer que temos que viver e conviver com o momento presente, mas olhando para frente, de acordo com a vontade de Deus, na busca do projeto da feliz esperan\u00e7a, miss\u00e3o oferecida a cada pessoa como algo pr\u00f3prio e intransfer\u00edvel, tendo como certo os acontecimentos futuros e a vit\u00f3ria final.\u00a0 Observou o Bispo de Roma, na confer\u00eancia feita no organismo da ONU (Fao), que \u201cembora as na\u00e7\u00f5es estejam entrela\u00e7adas entre si, tais rela\u00e7\u00f5es acabam danificadas pela suspeita rec\u00edproca, que se converte em agress\u00e3o b\u00e9lica e econ\u00f4mica, uma realidade bem conhecida por quem passa fome e n\u00e3o tem trabalho\u201d, contrariando o projeto do Pai, instaurado por seu Filho Jesus.<br \/>&#8220;Quando encontramos uma pessoa verdadeiramente necessitada, reconhecemos nela o rosto de Deus?&#8221; Temos resposta no Papa Francisco, ao discursar sobre a realidade da fome no mundo, na confer\u00eancia promovida pelo Organismo das Na\u00e7\u00f5es Unidas para a Agricultura e Alimenta\u00e7\u00e3o (FAO), realizada na cidade de Roma. Mais ainda, criticou a gan\u00e2ncia que dificulta o combate a fome.\u00a0 Expressou-se deste modo: \u201cD\u00f3i constatar que a luta contra a fome e a desnutri\u00e7\u00e3o \u00e9 dificultada pela \u2018prioridade do mercado\u2019 e pela \u2018preemin\u00eancia da gan\u00e2ncia\u2019, que reduziram os alimentos a uma mercadoria qualquer, sujeita \u00e0 especula\u00e7\u00e3o, inclusive financeira. E enquanto se fala de novos direitos, o faminto est\u00e1 a\u00ed, na esquina da rua, e pede um documento de identidade, ser considerado em sua condi\u00e7\u00e3o, receber uma alimenta\u00e7\u00e3o de base saud\u00e1vel. Pede-nos dignidade, n\u00e3o esmola\u201d.<br \/>Nosso Senhor Jesus Cristo quer das pessoas de boa vontade, que se encontrem em volta da generosa mesa da partilha e solidariedade, dizendo n\u00e3o ao interesse pr\u00f3prio que se op\u00f5e ao dom precioso do bem comum. Pelas palavras de Francisco a seguir, fica claro que a ren\u00fancia e a doa\u00e7\u00e3o s\u00e3o caminhos de vida e salva\u00e7\u00e3o, ao morrer para gerar a vida. \u201cJesus, ent\u00e3o, continua batendo \u00e0s portas, como bateu \u00e0 porta do cora\u00e7\u00e3o de Jerusal\u00e9m: \u00e0s portas de seus irm\u00e3os, de suas irm\u00e3s, \u00e0s portas de nosso cora\u00e7\u00e3o, \u00e0s portas de sua Igreja. Jerusal\u00e9m se sentia contente, tranquila com a sua vida e n\u00e3o precisava do Senhor: n\u00e3o havia percebido que necessitava da salva\u00e7\u00e3o. E por isso, fechou o seu cora\u00e7\u00e3o ao Senhor. O pranto de Jesus sobre Jerusal\u00e9m \u00e9 o pranto sobre a sua Igreja, hoje, sobre n\u00f3s\u201d.<br \/>No meu entendimento, o desejo do Papa \u00e9 o mesmo do Filho amado do Pai, quando afirma: \u201cSe conhecesses o que te pode trazer a paz!&#8230; Mas n\u00e3o, isso est\u00e1 oculto aos teus olhos\u201d. Jerusal\u00e9m tinha medo de ser visitada pelo Senhor; tinha medo da gratuidade de sua visita. Estava segura nas coisas que podia administrar. N\u00f3s somos seguros nas coisas que podemos governar, mas a visita do Senhor, suas surpresas&#8230; n\u00f3s n\u00e3o podemos controlar\u201d. Ainda na Confer\u00eancia da ONU, acentuou tamb\u00e9m que a falta de solidariedade \u00e9 desafio no combate \u00e0 fome, lembrando tamb\u00e9m que todos t\u00eam direitos garantidos de amor, justi\u00e7a e paz, que todo Estado tem o dever de estar atento ao bem-estar de seus cidad\u00e3os. Nesse sentido, ele tamb\u00e9m destacou o papel da Igreja cat\u00f3lica, que procura dar a sua contribui\u00e7\u00e3o manifestando solicitude, em especial, aos marginalizados e exclu\u00eddos. Francisco concluiu sua interven\u00e7\u00e3o no evento com um pedido: \u201cPe\u00e7o tamb\u00e9m para que a comunidade internacional saiba escutar o chamado desta confer\u00eancia e o considere uma express\u00e3o da comum consci\u00eancia da humanidade: dar de comer aos famintos para salvar a vida no planeta\u201d.<\/p>\n","protected":false},"excerpt":{"rendered":"<p>Quanta alegria, gra\u00e7as, louvores e b\u00ean\u00e7\u00e3os, nas palavras vindas da boca do Santo Padre, o Papa Francisco, ao proclamar Jesus Cristo, o Cordeiro imolado que tira o pecado do mundo, aquele que veio para estabelecer a paz e a conc\u00f3rdia entre os povos da terra, em um mundo marcado por paradoxos, antagonismos e conflitos. O [&hellip;]<\/p>\n","protected":false},"author":6,"featured_media":0,"comment_status":"closed","ping_status":"closed","sticky":false,"template":"","format":"standard","meta":{"footnotes":""},"categories":[9],"tags":[],"class_list":["post-5367","post","type-post","status-publish","format-standard","hentry","category-artigos"],"_links":{"self":[{"href":"https:\/\/catolicanet.net\/wp-cnet\/wp-json\/wp\/v2\/posts\/5367","targetHints":{"allow":["GET"]}}],"collection":[{"href":"https:\/\/catolicanet.net\/wp-cnet\/wp-json\/wp\/v2\/posts"}],"about":[{"href":"https:\/\/catolicanet.net\/wp-cnet\/wp-json\/wp\/v2\/types\/post"}],"author":[{"embeddable":true,"href":"https:\/\/catolicanet.net\/wp-cnet\/wp-json\/wp\/v2\/users\/6"}],"replies":[{"embeddable":true,"href":"https:\/\/catolicanet.net\/wp-cnet\/wp-json\/wp\/v2\/comments?post=5367"}],"version-history":[{"count":1,"href":"https:\/\/catolicanet.net\/wp-cnet\/wp-json\/wp\/v2\/posts\/5367\/revisions"}],"predecessor-version":[{"id":10234,"href":"https:\/\/catolicanet.net\/wp-cnet\/wp-json\/wp\/v2\/posts\/5367\/revisions\/10234"}],"wp:attachment":[{"href":"https:\/\/catolicanet.net\/wp-cnet\/wp-json\/wp\/v2\/media?parent=5367"}],"wp:term":[{"taxonomy":"category","embeddable":true,"href":"https:\/\/catolicanet.net\/wp-cnet\/wp-json\/wp\/v2\/categories?post=5367"},{"taxonomy":"post_tag","embeddable":true,"href":"https:\/\/catolicanet.net\/wp-cnet\/wp-json\/wp\/v2\/tags?post=5367"}],"curies":[{"name":"wp","href":"https:\/\/api.w.org\/{rel}","templated":true}]}}