{"id":53663,"date":"2019-09-13T14:08:28","date_gmt":"2019-09-13T17:08:28","guid":{"rendered":"http:\/\/catolicanet.net\/wp-cnet\/?p=53663"},"modified":"2019-09-13T14:08:28","modified_gmt":"2019-09-13T17:08:28","slug":"campanha-por-transito-seguro-chega-as-salas-de-aula-de-aparecida","status":"publish","type":"post","link":"https:\/\/catolicanet.net\/wp-cnet\/campanha-por-transito-seguro-chega-as-salas-de-aula-de-aparecida\/","title":{"rendered":"Campanha por Tr\u00e2nsito Seguro chega \u00e0s salas de aula de Aparecida"},"content":{"rendered":"<h2>Conscientiza\u00e7\u00e3o faz parte de atividades promovidas pelo Santu\u00e1rio Nacional<\/h2>\n<p>Mais de 1100 crian\u00e7as da Rede Municipal de Ensino de Aparecida (SP) recebem de 16 a 19 de setembro a visita de agentes de tr\u00e2nsito nas escolas. A atividade integra a programa\u00e7\u00e3o do M\u00eas do Tr\u00e2nsito Seguro, promovido pelo Santu\u00e1rio Nacional. A iniciativa, realizada pelo quarto ano, conta com a parceria das Pol\u00edcias Militar e Rodovi\u00e1ria Federal, Guarda Municipal, MRS Log\u00edstica, SEST SENAT, Detran SP e Secretaria Municipal de Educa\u00e7\u00e3o de Aparecida.<\/p>\n<p>O encontro das institui\u00e7\u00f5es com as crian\u00e7as complementa a\u00e7\u00f5es desenvolvidas ao longo do m\u00eas nos centros educacionais do munic\u00edpio. Desde o in\u00edcio de setembro, os professores colocam em discuss\u00e3o na sala de aula no\u00e7\u00f5es de educa\u00e7\u00e3o para motoristas e pedestres.<\/p>\n<p>\u201cEssa visita dos agentes de tr\u00e2nsito acontece durante uma aula especial realizada nas escolas. Ela complementa as atividades realizadas pelos professores em sala de aula durante este m\u00eas\u201d, esclarece o gerente de Tr\u00e2nsito do Santu\u00e1rio Nacional, J\u00falio Oliveira.<\/p>\n<p>O encontro tamb\u00e9m prepara os estudantes para as pr\u00f3ximas a\u00e7\u00f5es que comp\u00f5em a programa\u00e7\u00e3o do M\u00eas do Tr\u00e2nsito. De 23 a 24 de setembro, os alunos v\u00e3o colocar em pr\u00e1tica as li\u00e7\u00f5es aprendidas em sala de aula em uma pista de tr\u00e2nsito infantil, localizada no P\u00e1tio das Palmeiras do Santu\u00e1rio Nacional.<\/p>\n<p>Encerrando as atividades do m\u00eas, uma gincana volta a reunir as escolas no dia 27 de setembro. A a\u00e7\u00e3o acontece no Centro de Eventos Padre Vitor Coelho de Almeida e vai premiar as escolas que mais se destacarem.<\/p>\n<p>Tamb\u00e9m no dia 27, al\u00e9m da programa\u00e7\u00e3o infantil, os adultos poder\u00e3o refletir sobre a seguran\u00e7a no tr\u00e2nsito. A partir das 9h, o secret\u00e1rio municipal de sa\u00fade de S\u00e3o Jos\u00e9 dos Campos, Danilo Stanzani, realiza uma palestra no Audit\u00f3rio Padre No\u00e9 Sotillo, no subsolo da Bas\u00edlica de Aparecida.<\/p>\n<p>Com experi\u00eancia na atua\u00e7\u00e3o de socorro hospitalar, o profissional \u00e9 graduado na \u00e1rea m\u00e9dica pela Faculdade de Medicina de Itajub\u00e1 e mestre em Ci\u00eancias da Sa\u00fade pela Universidade Federal de S\u00e3o Paulo.<\/p>\n","protected":false},"excerpt":{"rendered":"<p>Conscientiza\u00e7\u00e3o faz parte de atividades promovidas pelo Santu\u00e1rio Nacional Mais de 1100 crian\u00e7as da Rede Municipal de Ensino de Aparecida (SP) recebem de 16 a 19 de setembro a visita de agentes de tr\u00e2nsito nas escolas. A atividade integra a programa\u00e7\u00e3o do M\u00eas do Tr\u00e2nsito Seguro, promovido pelo Santu\u00e1rio Nacional. A iniciativa, realizada pelo quarto [&hellip;]<\/p>\n","protected":false},"author":1,"featured_media":53664,"comment_status":"open","ping_status":"closed","sticky":false,"template":"","format":"standard","meta":{"footnotes":""},"categories":[4],"tags":[],"class_list":["post-53663","post","type-post","status-publish","format-standard","has-post-thumbnail","hentry","category-cotidiano"],"_links":{"self":[{"href":"https:\/\/catolicanet.net\/wp-cnet\/wp-json\/wp\/v2\/posts\/53663","targetHints":{"allow":["GET"]}}],"collection":[{"href":"https:\/\/catolicanet.net\/wp-cnet\/wp-json\/wp\/v2\/posts"}],"about":[{"href":"https:\/\/catolicanet.net\/wp-cnet\/wp-json\/wp\/v2\/types\/post"}],"author":[{"embeddable":true,"href":"https:\/\/catolicanet.net\/wp-cnet\/wp-json\/wp\/v2\/users\/1"}],"replies":[{"embeddable":true,"href":"https:\/\/catolicanet.net\/wp-cnet\/wp-json\/wp\/v2\/comments?post=53663"}],"version-history":[{"count":1,"href":"https:\/\/catolicanet.net\/wp-cnet\/wp-json\/wp\/v2\/posts\/53663\/revisions"}],"predecessor-version":[{"id":53665,"href":"https:\/\/catolicanet.net\/wp-cnet\/wp-json\/wp\/v2\/posts\/53663\/revisions\/53665"}],"wp:featuredmedia":[{"embeddable":true,"href":"https:\/\/catolicanet.net\/wp-cnet\/wp-json\/wp\/v2\/media\/53664"}],"wp:attachment":[{"href":"https:\/\/catolicanet.net\/wp-cnet\/wp-json\/wp\/v2\/media?parent=53663"}],"wp:term":[{"taxonomy":"category","embeddable":true,"href":"https:\/\/catolicanet.net\/wp-cnet\/wp-json\/wp\/v2\/categories?post=53663"},{"taxonomy":"post_tag","embeddable":true,"href":"https:\/\/catolicanet.net\/wp-cnet\/wp-json\/wp\/v2\/tags?post=53663"}],"curies":[{"name":"wp","href":"https:\/\/api.w.org\/{rel}","templated":true}]}}