{"id":53626,"date":"2019-09-13T08:52:28","date_gmt":"2019-09-13T11:52:28","guid":{"rendered":"http:\/\/catolicanet.net\/wp-cnet\/?p=53626"},"modified":"2019-09-13T08:52:28","modified_gmt":"2019-09-13T11:52:28","slug":"brasilia-df-acolhe-encontro-nacional-dos-bispos-emeritos","status":"publish","type":"post","link":"https:\/\/catolicanet.net\/wp-cnet\/brasilia-df-acolhe-encontro-nacional-dos-bispos-emeritos\/","title":{"rendered":"Bras\u00edlia (DF) acolhe Encontro Nacional dos Bispos Em\u00e9ritos"},"content":{"rendered":"<p>A Comiss\u00e3o Especial para os Bispos Em\u00e9ritos realizou entre os dias 10 e 13 de setembro, a quinta edi\u00e7\u00e3o do Encontro Nacional dos Bispos Em\u00e9ritos, no Centro Cultural Mission\u00e1rio (CCM), em Bras\u00edlia (DF). A iniciativa que re\u00fane bispos em\u00e9ritos de todo o Brasil \u2013 hoje 174 \u2013 tem a finalidade de propor a \u201ctroca de experi\u00eancias e partilhas\u201d.<\/p>\n<p>Com uma programa\u00e7\u00e3o especial, o encontro destacou assuntos relevantes para a vida e miss\u00e3o do bispo em\u00e9rito, entre eles a quest\u00e3o da sa\u00fade dos religiosos. Para isso, os prelados tiveram palestras com m\u00e9dicos e especialistas no assunto, especificamente das \u00e1reas de urologia e cardiologia.<\/p>\n<div id=\"attachment_225487\" class=\"wp-caption alignright\"><a href=\"http:\/\/www.cnbb.org.br\/brasilia-df-acolhe-encontro-nacional-dos-bispos-emeritos\/48722642111_4cd375b39c_b\/\"><img loading=\"lazy\" decoding=\"async\" class=\"wp-image-225487 size-medium\" src=\"http:\/\/www.cnbb.org.br\/wp-content\/uploads\/sites\/32\/2019\/09\/48722642111_4cd375b39c_b-300x169.jpg\" srcset=\"http:\/\/www.cnbb.org.br\/wp-content\/uploads\/sites\/32\/2019\/09\/48722642111_4cd375b39c_b-300x169.jpg 300w, http:\/\/www.cnbb.org.br\/wp-content\/uploads\/sites\/32\/2019\/09\/48722642111_4cd375b39c_b-768x432.jpg 768w, http:\/\/www.cnbb.org.br\/wp-content\/uploads\/sites\/32\/2019\/09\/48722642111_4cd375b39c_b.jpg 1024w\" alt=\"\" width=\"300\" height=\"169\" aria-describedby=\"caption-attachment-225487\" \/><\/a><\/p>\n<p id=\"caption-attachment-225487\" class=\"wp-caption-text\">Dom Luiz Soares Vieira, arcebispo em\u00e9rito de Manaus (AM) e presidente da Comiss\u00e3o Especial para os Bispos Em\u00e9ritos. Cr\u00e9dito: Daniel Flores\/CNBB<\/p>\n<\/div>\n<p>Os bispos tamb\u00e9m tiveram um di\u00e1logo com o arcebispo em\u00e9rito de Aparecida (SP), cardeal Raymundo Damasceno, sobre a vida do bispo em\u00e9rito a partir da liturgia. O arcebispo em\u00e9rito de Manaus (AM) e presidente da Comiss\u00e3o, dom Luiz Soares Vieira, disse que o cardeal os levou a momentos de reflex\u00e3o sobre a \u00e9poca em que eles est\u00e3o vivendo. <em>\u201cO cardeal nos motivou e nos animou a n\u00e3o ficarmos parados, <\/em><em>mas continuarmos a realizar o trabalho de evangeliza\u00e7\u00e3o\u201d, disse.<\/em><\/p>\n<p>Do mesmo modo, o secret\u00e1rio-geral da Confer\u00eancia Nacional dos Bispos do Brasil (CNBB), dom Joel Portella, teve a oportunidade de compartilhar com os bispos em\u00e9ritos a import\u00e2ncia das novas Diretrizes Gerais da A\u00e7\u00e3o Evangelizadora da Igreja no Brasil, orienta\u00e7\u00f5es que indicam elementos fundamentais para anima\u00e7\u00e3o da a\u00e7\u00e3o evangelizadora da Igreja no Brasil.<\/p>\n<p>Padre Jo\u00e3o C\u00e2ndido Neto, assessor da Comiss\u00e3o para os Minist\u00e9rios Ordenados e a Vida Consagrada da CNBB, disse que a reuni\u00e3o conseguiu cumprir o seu foco, que \u00e9 o de principalmente mostrar que os bispos em\u00e9ritos n\u00e3o est\u00e3o sozinhos. <em>\u201cA <\/em><em>CNBB est\u00e1 junto com eles e esse \u00e9 o momento em que cada bispo p\u00f4de partilhar um pouco da sua experi\u00eancia de vida e da sua experi\u00eancia ainda de pastoral, pois cada um deles, sobretudo os que est\u00e3o aqui, ainda est\u00e3o realizando algum trabalho pastoral\u201d, <\/em>conta.<\/p>\n<div id=\"attachment_225490\" class=\"wp-caption alignleft\"><a href=\"http:\/\/www.cnbb.org.br\/brasilia-df-acolhe-encontro-nacional-dos-bispos-emeritos\/48722636111_40c8478134_z\/\"><img loading=\"lazy\" decoding=\"async\" class=\"wp-image-225490 size-medium\" src=\"http:\/\/www.cnbb.org.br\/wp-content\/uploads\/sites\/32\/2019\/09\/48722636111_40c8478134_z-300x169.jpg\" srcset=\"http:\/\/www.cnbb.org.br\/wp-content\/uploads\/sites\/32\/2019\/09\/48722636111_40c8478134_z-300x169.jpg 300w, http:\/\/www.cnbb.org.br\/wp-content\/uploads\/sites\/32\/2019\/09\/48722636111_40c8478134_z.jpg 640w\" alt=\"\" width=\"300\" height=\"169\" aria-describedby=\"caption-attachment-225490\" \/><\/a><\/p>\n<p id=\"caption-attachment-225490\" class=\"wp-caption-text\">Dom Jos\u00e9 Albuquerque, bispo auxiliar de Manaus. Cr\u00e9dito: Daniel Flores\/CNBB<\/p>\n<\/div>\n<p>Referencial do regional Norte 1, que equivale ao Norte do Amazonas e ao Estado de Roraima, dom Jos\u00e9 Albuquerque, tamb\u00e9m estava no encontro e considerou ser este um momento de fraternidade entre os participantes. Ele afirma que os bispos em\u00e9ritos continuam fazendo parte da Confer\u00eancia e ainda ajudam muito no minist\u00e9rio episcopal.<\/p>\n<p>\u201c<em>A beleza desse encontro \u00e9 fazer com que a gente possa n\u00e3o se esquecer dessa presen\u00e7a que \u00e9 sempre muito inspiradora, olhando para a vida deles a gente pode sim ter a certeza que eles se dedicaram e continuam se dedicando, entregando a pr\u00f3pria vida, sempre na alegria, com despojamento, e a hist\u00f3ria de cada um \u00e9 edificante\u201d<\/em> diz<em>.<\/em><\/p>\n<p><strong>Visita \u00e0 sede da CNBB <\/strong><\/p>\n<p>Na tarde da quinta-feira, dia 12, os bispos em\u00e9ritos tiveram a oportunidade de conhecer a sede da CNBB e a editora, a Edi\u00e7\u00f5es CNBB. O momento foi oportuno para verificar o funcionamento e a gest\u00e3o dos espa\u00e7os. Dom Paulo de Conto, bispo em\u00e9rito de Montenegro (RS), viu a ocasi\u00e3o com grande entusiasmo e carinho por parte dos que o receberam. <em>\u201cComo \u00e9 bom quando o bispo em\u00e9rito \u00e9 benquisto, \u00e9 amado por todos\u201d,<\/em> disse. Ele foi escolhido para compor a Comiss\u00e3o para o pr\u00f3ximo quadri\u00eanio, j\u00e1 que os membros atuais est\u00e3o finalizando o mandato, com o encontro anual.<\/p>\n<div id=\"attachment_225491\" class=\"wp-caption alignright\"><a href=\"http:\/\/www.cnbb.org.br\/brasilia-df-acolhe-encontro-nacional-dos-bispos-emeritos\/48722815517_2f64a451fa_z\/\"><img loading=\"lazy\" decoding=\"async\" class=\"wp-image-225491 size-medium\" src=\"http:\/\/www.cnbb.org.br\/wp-content\/uploads\/sites\/32\/2019\/09\/48722815517_2f64a451fa_z-300x169.jpg\" srcset=\"http:\/\/www.cnbb.org.br\/wp-content\/uploads\/sites\/32\/2019\/09\/48722815517_2f64a451fa_z-300x169.jpg 300w, http:\/\/www.cnbb.org.br\/wp-content\/uploads\/sites\/32\/2019\/09\/48722815517_2f64a451fa_z.jpg 640w\" alt=\"\" width=\"300\" height=\"169\" aria-describedby=\"caption-attachment-225491\" \/><\/a><\/p>\n<p id=\"caption-attachment-225491\" class=\"wp-caption-text\">Dom Jos\u00e9 Gonz\u00e1lez, bispo em\u00e9rito de Cajazeiras (PB). Cr\u00e9dito: Daniel Flores\/CNBB<\/p>\n<\/div>\n<p>Na ocasi\u00e3o, o referencial do regional nordeste 2, dom Jos\u00e9 Gonz\u00e1lez, bispo em\u00e9rito de Cajazeiras (PB), fez quest\u00e3o de enfatizar que apesar de todos serem em\u00e9ritos, n\u00e3o quer dizer que s\u00e3o aposentados. \u201c<em>Todos n\u00f3s em geral temos alguma atividade pastoral no lugar onde estamos, bom relacionamento com os bispos titulares e ajudamos nas par\u00f3quias e nos pedidos que a pr\u00f3pria diocese faz, de modo que eu em concreto me sinto feliz, ainda \u00fatil e pedindo a Deus que me d\u00ea sa\u00fade para poder continuar ajudando<\/em>\u201d, falou.<\/p>\n<p>A visita foi encerrada com uma celebra\u00e7\u00e3o eucar\u00edstica presidida pelo cardeal Raymundo Damasceno, que acolheu os bispos em\u00e9ritos e agradeceu\u00a0 o trabalho realizado pela Comiss\u00e3o ao longo dos quatro anos. <em>\u201cNessa Eucaristia agradecemos a Deus pelo trabalho que todos esses nossos irm\u00e3os realizaram durante esse mandato. Que Deus possa retribuir a eles, e pedimos tamb\u00e9m pela intercess\u00e3o da Virgem Maria, cuja mem\u00f3ria estamos celebrando no dia de hoje\u201d<\/em>.<\/p>\n<p><a href=\"http:\/\/www.cnbb.org.br\/brasilia-df-acolhe-encontro-nacional-dos-bispos-emeritos\/48723847996_17f612f854_b\/\"><img loading=\"lazy\" decoding=\"async\" class=\"size-medium wp-image-225514 alignleft\" src=\"http:\/\/www.cnbb.org.br\/wp-content\/uploads\/sites\/32\/2019\/09\/48723847996_17f612f854_b-300x169.jpg\" srcset=\"http:\/\/www.cnbb.org.br\/wp-content\/uploads\/sites\/32\/2019\/09\/48723847996_17f612f854_b-300x169.jpg 300w, http:\/\/www.cnbb.org.br\/wp-content\/uploads\/sites\/32\/2019\/09\/48723847996_17f612f854_b-768x432.jpg 768w, http:\/\/www.cnbb.org.br\/wp-content\/uploads\/sites\/32\/2019\/09\/48723847996_17f612f854_b.jpg 1024w\" alt=\"\" width=\"300\" height=\"169\" \/><\/a>Na ocasi\u00e3o, o cardeal anunciou que a Comiss\u00e3o contar\u00e1 com alguns novos membros para o pr\u00f3ximo quadri\u00eanio. Os nomes ainda ser\u00e3o confirmados. O encontro encerra-se nesta sexta, 13, e contou com a participa\u00e7\u00e3o de cerca de vinte bispos.<\/p>\n","protected":false},"excerpt":{"rendered":"<p>A Comiss\u00e3o Especial para os Bispos Em\u00e9ritos realizou entre os dias 10 e 13 de setembro, a quinta edi\u00e7\u00e3o do Encontro Nacional dos Bispos Em\u00e9ritos, no Centro Cultural Mission\u00e1rio (CCM), em Bras\u00edlia (DF). A iniciativa que re\u00fane bispos em\u00e9ritos de todo o Brasil \u2013 hoje 174 \u2013 tem a finalidade de propor a \u201ctroca de [&hellip;]<\/p>\n","protected":false},"author":1,"featured_media":53627,"comment_status":"open","ping_status":"closed","sticky":false,"template":"","format":"standard","meta":{"footnotes":""},"categories":[7],"tags":[],"class_list":["post-53626","post","type-post","status-publish","format-standard","has-post-thumbnail","hentry","category-cnbb"],"_links":{"self":[{"href":"https:\/\/catolicanet.net\/wp-cnet\/wp-json\/wp\/v2\/posts\/53626","targetHints":{"allow":["GET"]}}],"collection":[{"href":"https:\/\/catolicanet.net\/wp-cnet\/wp-json\/wp\/v2\/posts"}],"about":[{"href":"https:\/\/catolicanet.net\/wp-cnet\/wp-json\/wp\/v2\/types\/post"}],"author":[{"embeddable":true,"href":"https:\/\/catolicanet.net\/wp-cnet\/wp-json\/wp\/v2\/users\/1"}],"replies":[{"embeddable":true,"href":"https:\/\/catolicanet.net\/wp-cnet\/wp-json\/wp\/v2\/comments?post=53626"}],"version-history":[{"count":1,"href":"https:\/\/catolicanet.net\/wp-cnet\/wp-json\/wp\/v2\/posts\/53626\/revisions"}],"predecessor-version":[{"id":53628,"href":"https:\/\/catolicanet.net\/wp-cnet\/wp-json\/wp\/v2\/posts\/53626\/revisions\/53628"}],"wp:featuredmedia":[{"embeddable":true,"href":"https:\/\/catolicanet.net\/wp-cnet\/wp-json\/wp\/v2\/media\/53627"}],"wp:attachment":[{"href":"https:\/\/catolicanet.net\/wp-cnet\/wp-json\/wp\/v2\/media?parent=53626"}],"wp:term":[{"taxonomy":"category","embeddable":true,"href":"https:\/\/catolicanet.net\/wp-cnet\/wp-json\/wp\/v2\/categories?post=53626"},{"taxonomy":"post_tag","embeddable":true,"href":"https:\/\/catolicanet.net\/wp-cnet\/wp-json\/wp\/v2\/tags?post=53626"}],"curies":[{"name":"wp","href":"https:\/\/api.w.org\/{rel}","templated":true}]}}