{"id":53610,"date":"2019-09-12T15:00:28","date_gmt":"2019-09-12T18:00:28","guid":{"rendered":"http:\/\/catolicanet.net\/wp-cnet\/?p=53610"},"modified":"2019-09-12T15:02:10","modified_gmt":"2019-09-12T18:02:10","slug":"cantico-dos-canticos-do-seculo-xxi","status":"publish","type":"post","link":"https:\/\/catolicanet.net\/wp-cnet\/cantico-dos-canticos-do-seculo-xxi\/","title":{"rendered":"C\u00e2ntico dos C\u00e2nticos do s\u00e9culo XXI"},"content":{"rendered":"<p>Escrito pelo M\u00e9dico e psicanalista Jos\u00e9 Del-Fraro Filho, a obra\u00a0<em>C\u00e2ntico dos C\u00e2nticos do s\u00e9culo XXI<\/em>\u00a0apresenta uma s\u00e9rie de poemas inspirados no livro b\u00edblico de mesmo nome escrito no s\u00e9culo IV a.C. Nesta nova vers\u00e3o, o autor faz ressoar nos tempos atuais os sentimentos contidos na obra do Antigo Testamento.<\/p>\n<p>No C\u00e2ntico dos C\u00e2nticos b\u00edblico o poema de amor \u00e9 a voz de uma mulher chamada Sulamita que clama por seu amor. Nesta nova vers\u00e3o, o autor traz o di\u00e1logo dos personagens Sarah e Daniel, onde as duas vozes se cruzam e se separam atrav\u00e9s de hist\u00f3rias diferentes. De acordo com Ruth Silviano, o livro tamb\u00e9m \u00e9 atravessado por di\u00e1logos de amor: amor dos sexos, amor da poesia, amor de uma escrita que se tece entre as personagens.<\/p>\n<p>O respons\u00e1vel pelo pref\u00e1cio, Pe. Jo\u00e3o Batista Libanio afirma que o olhar psicanalista do autor, que acompanha tantos homens e mulheres no minist\u00e9rio da vida consagrada, consegue articular diversos registros humanos. Sua experi\u00eancia espiritual combinada com sua viv\u00eancia m\u00e9dica originou uma mistura \u00fanica de literatura. \u201cA linguagem flui l\u00edmpida, po\u00e9tica, no jogo sutil e burilado de palavras, sentimentos e viv\u00eancias\u201d diz.<\/p>\n<p>Pe. Jo\u00e3o Batista revela que o livro passeia por in\u00fameros caminhos po\u00e9ticos, em que Sarah e Daniel dialogam entre si, transpiram rela\u00e7\u00f5es amorosas em revela\u00e7\u00f5es profundas, conjugando elementos de fina psicologia humana e tra\u00e7os de espiritualidade.<\/p>\n","protected":false},"excerpt":{"rendered":"<p>Escrito pelo M\u00e9dico e psicanalista Jos\u00e9 Del-Fraro Filho, a obra\u00a0C\u00e2ntico dos C\u00e2nticos do s\u00e9culo XXI\u00a0apresenta uma s\u00e9rie de poemas inspirados no livro b\u00edblico de mesmo nome escrito no s\u00e9culo IV a.C. Nesta nova vers\u00e3o, o autor faz ressoar nos tempos atuais os sentimentos contidos na obra do Antigo Testamento. No C\u00e2ntico dos C\u00e2nticos b\u00edblico o [&hellip;]<\/p>\n","protected":false},"author":1,"featured_media":53612,"comment_status":"open","ping_status":"closed","sticky":false,"template":"","format":"standard","meta":{"footnotes":""},"categories":[4],"tags":[],"class_list":["post-53610","post","type-post","status-publish","format-standard","has-post-thumbnail","hentry","category-cotidiano"],"_links":{"self":[{"href":"https:\/\/catolicanet.net\/wp-cnet\/wp-json\/wp\/v2\/posts\/53610","targetHints":{"allow":["GET"]}}],"collection":[{"href":"https:\/\/catolicanet.net\/wp-cnet\/wp-json\/wp\/v2\/posts"}],"about":[{"href":"https:\/\/catolicanet.net\/wp-cnet\/wp-json\/wp\/v2\/types\/post"}],"author":[{"embeddable":true,"href":"https:\/\/catolicanet.net\/wp-cnet\/wp-json\/wp\/v2\/users\/1"}],"replies":[{"embeddable":true,"href":"https:\/\/catolicanet.net\/wp-cnet\/wp-json\/wp\/v2\/comments?post=53610"}],"version-history":[{"count":1,"href":"https:\/\/catolicanet.net\/wp-cnet\/wp-json\/wp\/v2\/posts\/53610\/revisions"}],"predecessor-version":[{"id":53611,"href":"https:\/\/catolicanet.net\/wp-cnet\/wp-json\/wp\/v2\/posts\/53610\/revisions\/53611"}],"wp:featuredmedia":[{"embeddable":true,"href":"https:\/\/catolicanet.net\/wp-cnet\/wp-json\/wp\/v2\/media\/53612"}],"wp:attachment":[{"href":"https:\/\/catolicanet.net\/wp-cnet\/wp-json\/wp\/v2\/media?parent=53610"}],"wp:term":[{"taxonomy":"category","embeddable":true,"href":"https:\/\/catolicanet.net\/wp-cnet\/wp-json\/wp\/v2\/categories?post=53610"},{"taxonomy":"post_tag","embeddable":true,"href":"https:\/\/catolicanet.net\/wp-cnet\/wp-json\/wp\/v2\/tags?post=53610"}],"curies":[{"name":"wp","href":"https:\/\/api.w.org\/{rel}","templated":true}]}}