{"id":53602,"date":"2019-09-12T13:31:36","date_gmt":"2019-09-12T16:31:36","guid":{"rendered":"http:\/\/catolicanet.net\/wp-cnet\/?p=53602"},"modified":"2019-09-12T13:31:36","modified_gmt":"2019-09-12T16:31:36","slug":"ensino-papa-convoca-encontro-para-promover-pacto-educativo-global","status":"publish","type":"post","link":"https:\/\/catolicanet.net\/wp-cnet\/ensino-papa-convoca-encontro-para-promover-pacto-educativo-global\/","title":{"rendered":"Ensino: Papa convoca encontro para promover \u00abpacto educativo global\u00bb"},"content":{"rendered":"<p><em>Promo\u00e7\u00e3o da fraternidade e prote\u00e7\u00e3o do planeta s\u00e3o objetivos da iniciativa, marcada para 14 de maio de 2020<\/em><\/p>\n<p>O Papa convocou hoje um encontro mundial de profissionais ligados ao ensino, marcado para 14 de maio de 2020, com o objetivo de promover um \u201cpacto educativo global\u201d centrado na fraternidade e prote\u00e7\u00e3o do planeta.<\/p>\n<p>\u201c\u00c9 necess\u00e1rio encontrar \u2013 segundo uma s\u00e3 antropologia \u2013 outros modos de compreender a economia, a pol\u00edtica, o crescimento e o progresso\u201d, assinala, em mensagem divulgada pela sala de imprensa da Santa S\u00e9.<\/p>\n<p>Francisco diz que a iniciativa quer \u201creavivar o compromisso em prol e com as gera\u00e7\u00f5es jovens, renovando a paix\u00e3o por uma educa\u00e7\u00e3o mais aberta e inclusiva, capaz de escuta paciente, di\u00e1logo construtivo e compreens\u00e3o m\u00fatua\u201d.<\/p>\n<p>\u201cNunca, como agora, houve necessidade de unir esfor\u00e7os numa ampla alian\u00e7a educativa para formar pessoas maduras, capazes de superar fragmenta\u00e7\u00f5es e contrastes e reconstruir o tecido das rela\u00e7\u00f5es em ordem a uma humanidade mais fraterna\u201d, real\u00e7a o Papa, conhecido pela sua paix\u00e3o pela Educa\u00e7\u00e3o e o di\u00e1logo entre gera\u00e7\u00f5es.<\/p>\n<p>O pont\u00edfice fala em mudan\u00e7as culturais e antropol\u00f3gicas que exigem novas respostas, com a constru\u00e7\u00e3o de uma \u201caldeia da educa\u00e7\u00e3o\u201d que re\u00fana professores, alunos, fam\u00edlias e sociedade civil.<\/p>\n<blockquote><p>Num percurso de ecologia integral, coloca-se no centro o valor pr\u00f3prio de cada criatura, em rela\u00e7\u00e3o com as pessoas e com a realidade que a rodeia, e prop\u00f5e-se um estilo de vida que rejeite a cultura do descarte\u201d.<\/p><\/blockquote>\n<p>Francisco desafia todos os envolvidos no setor do ensino \u00e0 \u201ccoragem\u201d de colocar no centro a pessoa, com investimento e forma\u00e7\u00e3o de pessoas, ao servi\u00e7o da comunidade<\/p>\n<p><a class=\"fbx-link fbx-instance\" href=\"https:\/\/agencia.ecclesia.pt\/portal\/wp-content\/uploads\/2019\/09\/swiss-4467436_1920.jpg\"><img loading=\"lazy\" decoding=\"async\" class=\"alignright wp-image-148160 size-medium\" src=\"https:\/\/agencia.ecclesia.pt\/portal\/wp-content\/uploads\/2019\/09\/swiss-4467436_1920-173x260.jpg\" alt=\"\" width=\"173\" height=\"260\" \/><\/a>\u201cUma alian\u00e7a entre os habitantes da terra e a \u2018casa comum\u2019, \u00e0 qual devemos cuidado e respeito. Uma alian\u00e7a geradora de paz, justi\u00e7a e aceita\u00e7\u00e3o entre todos os povos da fam\u00edlia humana, bem como de di\u00e1logo entre as religi\u00f5es\u201d, <a href=\"http:\/\/press.vatican.va\/content\/salastampa\/it\/bollettino\/pubblico\/2019\/09\/12\/0688\/01420.html\" target=\"_blank\" rel=\"noopener noreferrer\">precisa<\/a>.<\/p>\n<p>O evento, que ser\u00e1 realizado no audit\u00f3rio Paulo VI, do Vaticano, ser\u00e1 precedido por uma s\u00e9rie de semin\u00e1rios tem\u00e1ticos, em v\u00e1rias institui\u00e7\u00f5es, para acompanhar a prepara\u00e7\u00e3o do encontro.<\/p>\n<p>\u201cJuntos, procuremos solu\u00e7\u00f5es, iniciar sem medo processos de transforma\u00e7\u00e3o e olhar para o futuro com esperan\u00e7a. Convido a cada um para ser protagonista desta alian\u00e7a, assumindo o compromisso pessoal e comunit\u00e1rio de cultivar, juntos, o sonho dum humanismo solid\u00e1rio, que corresponda \u00e0s expectativas do homem e ao des\u00edgnio de Deus\u201d, pede Francisco.<\/p>\n<p>O convite \u00e9 dirigido a quem trabalha no campo da educa\u00e7\u00e3o, em todos os n\u00edveis da leciona\u00e7\u00e3o e da pesquisa, aos jovens e a personalidades p\u00fablicas que ocupem, a n\u00edvel mundial, lugares de responsabilidade.<\/p>\n<p><iframe loading=\"lazy\" width=\"696\" height=\"392\" src=\"https:\/\/www.youtube.com\/embed\/ZgmRnQgr5C0?feature=oembed\" frameborder=\"0\" allow=\"accelerometer; autoplay; encrypted-media; gyroscope; picture-in-picture\" allowfullscreen><\/iframe><\/p>\n","protected":false},"excerpt":{"rendered":"<p>Promo\u00e7\u00e3o da fraternidade e prote\u00e7\u00e3o do planeta s\u00e3o objetivos da iniciativa, marcada para 14 de maio de 2020 O Papa convocou hoje um encontro mundial de profissionais ligados ao ensino, marcado para 14 de maio de 2020, com o objetivo de promover um \u201cpacto educativo global\u201d centrado na fraternidade e prote\u00e7\u00e3o do planeta. \u201c\u00c9 necess\u00e1rio [&hellip;]<\/p>\n","protected":false},"author":1,"featured_media":53603,"comment_status":"open","ping_status":"closed","sticky":false,"template":"","format":"standard","meta":{"footnotes":""},"categories":[4],"tags":[],"class_list":["post-53602","post","type-post","status-publish","format-standard","has-post-thumbnail","hentry","category-cotidiano"],"_links":{"self":[{"href":"https:\/\/catolicanet.net\/wp-cnet\/wp-json\/wp\/v2\/posts\/53602","targetHints":{"allow":["GET"]}}],"collection":[{"href":"https:\/\/catolicanet.net\/wp-cnet\/wp-json\/wp\/v2\/posts"}],"about":[{"href":"https:\/\/catolicanet.net\/wp-cnet\/wp-json\/wp\/v2\/types\/post"}],"author":[{"embeddable":true,"href":"https:\/\/catolicanet.net\/wp-cnet\/wp-json\/wp\/v2\/users\/1"}],"replies":[{"embeddable":true,"href":"https:\/\/catolicanet.net\/wp-cnet\/wp-json\/wp\/v2\/comments?post=53602"}],"version-history":[{"count":1,"href":"https:\/\/catolicanet.net\/wp-cnet\/wp-json\/wp\/v2\/posts\/53602\/revisions"}],"predecessor-version":[{"id":53604,"href":"https:\/\/catolicanet.net\/wp-cnet\/wp-json\/wp\/v2\/posts\/53602\/revisions\/53604"}],"wp:featuredmedia":[{"embeddable":true,"href":"https:\/\/catolicanet.net\/wp-cnet\/wp-json\/wp\/v2\/media\/53603"}],"wp:attachment":[{"href":"https:\/\/catolicanet.net\/wp-cnet\/wp-json\/wp\/v2\/media?parent=53602"}],"wp:term":[{"taxonomy":"category","embeddable":true,"href":"https:\/\/catolicanet.net\/wp-cnet\/wp-json\/wp\/v2\/categories?post=53602"},{"taxonomy":"post_tag","embeddable":true,"href":"https:\/\/catolicanet.net\/wp-cnet\/wp-json\/wp\/v2\/tags?post=53602"}],"curies":[{"name":"wp","href":"https:\/\/api.w.org\/{rel}","templated":true}]}}